{"id":54620,"date":"2022-02-16T02:03:24","date_gmt":"2022-02-16T02:03:24","guid":{"rendered":"http:\/\/enolife.com.ar\/es\/?p=54620"},"modified":"2022-02-17T14:52:08","modified_gmt":"2022-02-17T14:52:08","slug":"los-festejos-de-vendimia-arrancan-con-la-semana-federal-en-el-parque-central-del-20-al-24-3","status":"publish","type":"post","link":"https:\/\/enolife.com.ar\/es\/los-festejos-de-vendimia-arrancan-con-la-semana-federal-en-el-parque-central-del-20-al-24-3\/","title":{"rendered":"Los festejos de Vendimia arrancan con la Semana Federal en el Parque Central del 20 al 24\/3"},"content":{"rendered":"\n<h4 class=\"wp-block-heading\"><em><strong>Como se esperaba, con aforo del 100% de p\u00fablico en todos los actos, ferias y festejos, la Ciudad de Mendoza y alrededores se visten de borravino para celebrar la Fiesta m\u00e1xima de la provincia. Entre todas las actividades habr\u00e1 unos 1.050 artistas trabajando en sus diferentes disciplinas, gastronom\u00eda, ferias, recitales de rock y folclore, exposiciones y ventas de artesan\u00edas, la Popular Fiesta de la Cosecha en el Aeropuerto, para culminar con las 3 noches en el Anfiteatro Frank Romero Day los d\u00edas 5, 6 y 7 de marzo.<\/strong><\/em><\/h4>\n\n\n\n<div style=\"height:20px\" aria-hidden=\"true\" class=\"wp-block-spacer\"><\/div>\n\n\n<a href=\"https:\/\/instagram.com\/labelsolutions?igshid=YmMyMTA2M2Y=\" aria-label=\"Banner Palero 1700&#215;500\"><img loading=\"lazy\" decoding=\"async\" src=\"https:\/\/enolife.com.ar\/es\/wp-content\/uploads\/2021\/09\/Banner-Palero-1700x500-1.gif\" alt=\"\"  width=\"1700\" height=\"500\"   \/><\/a>\n\n\n<div style=\"height:40px\" aria-hidden=\"true\" class=\"wp-block-spacer\"><\/div>\n\n\n\n<p>El cronograma de actos y festejos, entre el 20 de febrero y el 7 de marzo, fue anunciado en conferencia de prensa por la flamante ministra de Cultura y Turismo, <strong>Nora Vicario<\/strong>, acompa\u00f1ada por los funcionarios de su gabinete.<\/p>\n\n\n\n<p>Estas son las actividades previstas y anunciadas:<\/p>\n\n\n\n<p><strong>-Del 20 al 24 de febrero, se desarrollar\u00e1, en el Parque Central,<\/strong> una nueva edici\u00f3n de la Semana Federal. Todos los d\u00edas, desde las 19, comenzar\u00e1n a funcionar los stands de cada uno de los departamentos, patio de comidas, paseo de artesanos y un escenario con m\u00fasica y danza de Mendoza.<\/p>\n\n\n\n<p><strong>-El domingo 27, a las 21<\/strong>, se realizar\u00e1 la tradicional Bendici\u00f3n de los Frutos. Ser\u00e1 en el Prado Gaucho, en el marco de los 125 a\u00f1os del Parque General San Mart\u00edn y, adem\u00e1s de la ceremonia ecum\u00e9nica, se desplegar\u00e1 una puesta en escena con m\u00fasicos, cantantes, coreutas, actores, actrices, bailarinas y bailarines de la provincia.<\/p>\n\n\n\n<p><strong>-El mi\u00e9rcoles 2, a las 22, en el Vi\u00f1edo del Aeropuerto,<\/strong> se realizar\u00e1 una nueva edici\u00f3n de la cada vez m\u00e1s popular Fiesta de la Cosecha, con la Orquesta Filarm\u00f3nica de Mendoza, artistas invitados de Mendoza y el pa\u00eds y el posible cierre a cargo del destacado rockero cantautor David Leb\u00f3n.<\/p>\n\n\n\n<div style=\"height:20px\" aria-hidden=\"true\" class=\"wp-block-spacer\"><\/div>\n\n\n\n<div class=\"wp-block-image\"><figure class=\"aligncenter\"><img decoding=\"async\" src=\"https:\/\/i-cdn.embed.ly\/1\/display\/crop?height=300&amp;key=fd92ebbc52fc43fb98f69e50e7893c13&amp;url=https%3A%2F%2Fwww.unidiversidad.com.ar%2Fcache%2Ffiesta-de-la-cosecha4_315_600_c.jpg&amp;width=636\" alt=\"C\u00f3mo ser\u00e1 el toque cuyano de la Fiesta de la Cosecha 2020 - Unidiversidad -  sitio de noticias UNCUYO\"\/><figcaption><strong><em>Fiesta de la Cosecha<\/em><\/strong><\/figcaption><\/figure><\/div>\n\n\n\n<div style=\"height:20px\" aria-hidden=\"true\" class=\"wp-block-spacer\"><\/div>\n\n\n\n<p><strong>-El viernes 4, tambi\u00e9n desde las 22,<\/strong> se desarrollar\u00e1, por las calles de la Ciudad de Mendoza, la tradicional <strong>V\u00eda Blanca<\/strong>.<\/p>\n\n\n\n<p><strong>-El s\u00e1bado 5, a las 10,<\/strong> comenzar\u00e1 el m\u00e1s popular de los festejos vendimiales, el <strong>Carrusel<\/strong>, lleno de color, m\u00fasica, tradici\u00f3n y la alegr\u00eda de mendocinos y turistas.<\/p>\n\n\n\n<p><strong>-El mismo s\u00e1bado, a las 22, en el Teatro Griego Frank Romero Day, <\/strong>podremos disfrutar del <strong>Acto Central<\/strong>, \u201cMilagro del vino nuevo\u201d, una impactante puesta, con 750 artistas en escena, bajo la direcci\u00f3n de Vilma R\u00fapolo y Federico Ortega.<\/p>\n\n\n\n<p><strong>-Inmediatamente despu\u00e9s de la elecci\u00f3n y coronaci\u00f3n de la Reina <\/strong>y Virreina Nacional de la Vendimia 2022, se realizar\u00e1, en la explanada del edificio de Cultura, en Espa\u00f1a y Guti\u00e9rrez, de Ciudad, la tradicional <strong>Serenata a las Reinas<\/strong>, con las actuaciones de artistas mendocinos, en un homenaje a la mujer.<\/p>\n\n\n\n<p><strong>-El domingo 6, tambi\u00e9n desde las 22, llegar\u00e1 el turno de la Segunda Noche,<\/strong> con la repetici\u00f3n de Milagro del vino nuevo y espect\u00e1culos musicales con artistas mendocinos e invitados nacionales. En la previa, habr\u00e1 un homenaje al folklore, con un ensamble estable de m\u00fasicos, que acompa\u00f1ar\u00e1 a voces mendocinas referenciales del g\u00e9nero. Una generaci\u00f3n de j\u00f3venes talentosos que recrear\u00e1 un repertorio compuesto por las interpretaciones m\u00e1s populares de nuestra m\u00fasica.<\/p>\n\n\n\n<p><strong>Director y productor musical: Hugo Archidi\u00e1cono (m\u00fasico, compositor y director de orquesta); <\/strong>Voces: Julieta Villar Cangemi (Godoy Cruz); Anabel Molina (San Mart\u00edn); Mar\u00eda Eugenia Fern\u00e1ndez (Lavalle); Cintia Mur (General Alvear); Sebasti\u00e1n Garay (Guaymall\u00e9n); Nahuel Jofr\u00e9 (San Carlos); Lucho Aberastain (Luj\u00e1n de Cuyo); Javier Montalto (Ciudad de Mendoza).<\/p>\n\n\n\n<p><strong>M\u00fasicos: Ra\u00fal Vega (Guitarra)<\/strong>; Roberto Merleti (Guitarra); Maxi Bautista (Bajo el\u00e9ctrico); Mauricio Vicente (Bater\u00eda); Emanuel D\u00edaz (teclado); Lautaro Panella (Programaciones); Leandro Baldivieso (Acorde\u00f3n); Martin Vicente (Guitarra\/arreglos); Hugo Arcidiacono (flauta guitarra) y Agust\u00edn (Pupi) Aguilar (Viol\u00edn).<\/p>\n\n\n\n<p>Hacia el final de la Segunda Noche, como artistas invitado, subir\u00e1 al escenario del Frank Romero Day, <strong>Abel Pintos.<\/strong><\/p>\n\n\n\n<p><strong>El lunes 7, ser\u00e1 el turno de la Tercera Noche. <\/strong>Desde las 22, podremos volver a ver Milagro del vino nuevo y disfrutar del talento de m\u00fasicos mendocinos y del pa\u00eds. En la previa, un ensamble estable acompa\u00f1ar\u00e1 a voces j\u00f3venes, hoy l\u00edderes de bandas del rock mendocino, recorriendo cuatro d\u00e9cadas, con temas emblem\u00e1ticos del g\u00e9nero, a nivel local y nacional.<\/p>\n\n\n\n<p><strong>La direcci\u00f3n y producci\u00f3n musical estar\u00e1 a cargo de Sebasti\u00e1n Rivas. <\/strong>Con las voces de Exe Stocco (Pasado Verde); Leandro Lacerna (solista); Gabriel Nazar (Gauchito club); Sasha Nazar (Gauchito Club); Adriana Rodriguez (Kasmil); Francisca Figueroa&nbsp; (Spaghetti western); Valentina Gratton (Sparkling Big Band) y Luc\u00eda Miremont (Solista).<\/p>\n\n\n\n<p><strong>Los m\u00fasicos ser\u00e1n Sebasti\u00e1n Rivas (Guitarra);<\/strong> Daniel \u00c1vila (Bater\u00eda); Gala Celia (Percusi\u00f3n); Flavio V\u00e1zquez (Bajo); Santiago Roselli (Teclados); Germ\u00e1n Sava (Guitarra); Leonardo Altavilla (Trompeta); Agustina Romano (Tromb\u00f3n) y Guillermo Levis (Saxo).<\/p>\n\n\n\n<p><strong>Para cerrar la Tercera Noche <\/strong>de la Fiesta Nacional de la Vendimia 2022, se presentar\u00e1 Nicki Nicole.<\/p>\n\n\n\n<div style=\"height:20px\" aria-hidden=\"true\" class=\"wp-block-spacer\"><\/div>\n","protected":false},"excerpt":{"rendered":"<p>Como se esperaba, con aforo del 100% de p\u00fablico en todos los actos, ferias y&hellip;<\/p>\n","protected":false},"author":3,"featured_media":54669,"comment_status":"open","ping_status":"open","sticky":false,"template":"","format":"standard","meta":{"footnotes":""},"categories":[14],"tags":[],"class_list":["post-54620","post","type-post","status-publish","format-standard","has-post-thumbnail","hentry","category-news"],"_links":{"self":[{"href":"https:\/\/enolife.com.ar\/es\/wp-json\/wp\/v2\/posts\/54620","targetHints":{"allow":["GET"]}}],"collection":[{"href":"https:\/\/enolife.com.ar\/es\/wp-json\/wp\/v2\/posts"}],"about":[{"href":"https:\/\/enolife.com.ar\/es\/wp-json\/wp\/v2\/types\/post"}],"author":[{"embeddable":true,"href":"https:\/\/enolife.com.ar\/es\/wp-json\/wp\/v2\/users\/3"}],"replies":[{"embeddable":true,"href":"https:\/\/enolife.com.ar\/es\/wp-json\/wp\/v2\/comments?post=54620"}],"version-history":[{"count":0,"href":"https:\/\/enolife.com.ar\/es\/wp-json\/wp\/v2\/posts\/54620\/revisions"}],"wp:featuredmedia":[{"embeddable":true,"href":"https:\/\/enolife.com.ar\/es\/wp-json\/wp\/v2\/media\/54669"}],"wp:attachment":[{"href":"https:\/\/enolife.com.ar\/es\/wp-json\/wp\/v2\/media?parent=54620"}],"wp:term":[{"taxonomy":"category","embeddable":true,"href":"https:\/\/enolife.com.ar\/es\/wp-json\/wp\/v2\/categories?post=54620"},{"taxonomy":"post_tag","embeddable":true,"href":"https:\/\/enolife.com.ar\/es\/wp-json\/wp\/v2\/tags?post=54620"}],"curies":[{"name":"wp","href":"https:\/\/api.w.org\/{rel}","templated":true}]}}