{"id":54452,"date":"2022-02-10T18:15:07","date_gmt":"2022-02-10T18:15:07","guid":{"rendered":"http:\/\/enolife.com.ar\/es\/?p=54452"},"modified":"2022-02-13T15:54:23","modified_gmt":"2022-02-13T15:54:23","slug":"vinateros-y-bodegueros-buscaran-acordar-el-precio-de-la-uva-el-16-y-23-2-en-la-enoteca","status":"publish","type":"post","link":"https:\/\/enolife.com.ar\/es\/vinateros-y-bodegueros-buscaran-acordar-el-precio-de-la-uva-el-16-y-23-2-en-la-enoteca\/","title":{"rendered":"Vi\u00f1ateros y bodegueros buscar\u00e1n acordar el precio de la uva el 16 y 23\/2 en La Enoteca"},"content":{"rendered":"\n<h4 class=\"wp-block-heading\"><em><strong>En Mendoza, todos los a\u00f1os para esta \u00e9poca previa a la vendimia, los productores de uva y los elaboradores de mosto y vino comienzan a debatir el valor del kilo de la fruta, los plazos de entrega de la materia prima y del vino y las formas de pago. En este caso, con la mediaci\u00f3n del gobierno de Mendoza a trav\u00e9s del organismo de Fiscalizaci\u00f3n y Control, representantes de ambas partes se encontrar\u00e1n en la Enoteca del Centro C\u00edvico de la provincia.<\/strong><\/em><\/h4>\n\n\n\n<div style=\"height:25px\" aria-hidden=\"true\" class=\"wp-block-spacer\"><\/div>\n\n\n<a href=\"https:\/\/www.linkedin.com\/company\/agrinet-sa\/?originalSubdomain=ar\" aria-label=\"1700X500\"><img loading=\"lazy\" decoding=\"async\" src=\"https:\/\/enolife.com.ar\/es\/wp-content\/uploads\/2021\/11\/1700X500.gif\" alt=\"\"  width=\"1700\" height=\"500\"   \/><\/a>\n\n\n<div style=\"height:59px\" aria-hidden=\"true\" class=\"wp-block-spacer\"><\/div>\n\n\n\n<p>El <strong>Gobierno de Mendoza<\/strong>, a trav\u00e9s del Ministerio de Econom\u00eda y Energ\u00eda, invit\u00f3 a asociaciones de productores agr\u00edcolas e industriales vinculados a la producci\u00f3n de uva con destino a la elaboraci\u00f3n de mosto y de vino a la conformaci\u00f3n de la denominada <strong>Mesa de Concertaci\u00f3n<\/strong>.<\/p>\n\n\n\n<div class=\"wp-block-image\"><figure class=\"alignleft is-resized\"><img loading=\"lazy\" decoding=\"async\" src=\"https:\/\/www.mendoza.gov.ar\/wp-content\/uploads\/sites\/5\/2022\/02\/WhatsApp-Image-2022-02-09-at-13.43.30-700x700.jpeg\" alt=\"\" width=\"358\" height=\"358\"\/><\/figure><\/div>\n\n\n\n<p>Los encuentros se desarrollar\u00e1n los mi\u00e9rcoles 16 y 23 de febrero en <strong>La Enoteca<\/strong>, avenida Peltier 611, Ciudad de Mendoza. Para participar, los interesados deber\u00e1n formalizar la inscripci\u00f3n <a rel=\"noreferrer noopener\" href=\"https:\/\/docs.google.com\/forms\/d\/e\/1FAIpQLSf1ZfVIrNWjY942Ncypn-a2i-H0rFmATeEY3WBQH8YfpYIMYw\/viewform\" target=\"_blank\"><strong>AQU\u00cd<\/strong><\/a>.<\/p>\n\n\n\n<p><strong>Jos\u00e9 Cortez, titular de Fiscalizaci\u00f3n y Control<\/strong>, explic\u00f3: \u00ab<em>El organismo es la autoridad de aplicaci\u00f3n y responsable de la conformaci\u00f3n y funcionamiento de la Mesa de Concertaci\u00f3n, facultad que obtuvo tras la publicaci\u00f3n del Decreto provincial 1298, que reglamenta la Ley 9133. La funci\u00f3n del organismo es garantizar el espacio de di\u00e1logo entre ambos sectores, procurando el consenso sobre los pronunciamientos\u00bb<\/em>.<\/p>\n\n\n\n<p>Las Mesas de Concertaci\u00f3n de uva para vino y para mosto, que se realizan desde 2018, tienen como objetivo mejorar la competitividad y la sustentabilidad ambiental y adem\u00e1s fomentar el crecimiento y desarrollo econ\u00f3mico del sector. Se analizar\u00e1n costos de producci\u00f3n, calidades de los productos, situaci\u00f3n de los mercados con datos proporcionados por el organismo asesor t\u00e9cnico Instituto de Desarrollo Rural (IDR) y se procurar\u00e1 establecer precios de referencia, plazos de entrega de las materias primas y modalidades de pago, entre otros aspectos.<\/p>\n\n\n\n<p>Las asociaciones de productores e industriales de uva interesadas en formar parte de las mesas de concertaci\u00f3n deber\u00e1n nominar a su representante, quien acreditar\u00e1 su funci\u00f3n al momento de la inscripci\u00f3n, que se realizar\u00e1 mediante el sitio oficial del Ministerio de Econom\u00eda y Energ\u00eda.<\/p>\n\n\n\n<div style=\"height:20px\" aria-hidden=\"true\" class=\"wp-block-spacer\"><\/div>\n\n\n\n<div style=\"height:20px\" aria-hidden=\"true\" class=\"wp-block-spacer\"><\/div>\n\n\n\n<p>Desde la cartera de Econom\u00eda explicaron que no es posible admitir participaciones individuales, tanto de empresas como productores. Las representaciones deber\u00e1n acreditarse con poder espec\u00edfico y en ning\u00fan caso se admitir\u00e1 la presencia de m\u00e1s de un representante.<\/p>\n\n\n\n<p>A los efectos de facilitar el di\u00e1logo, tendr\u00e1n derecho a voz los representantes de los sectores cient\u00edfico, t\u00e9cnico, p\u00fablico y privado invitados por la Direcci\u00f3n de Fiscalizaci\u00f3n y Control, los representantes del Ministerio de Econom\u00eda y Energ\u00eda, y los representantes de asociaciones que acrediten inscripci\u00f3n.<\/p>\n\n\n\n<div style=\"height:35px\" aria-hidden=\"true\" class=\"wp-block-spacer\"><\/div>\n\n\n\n<p class=\"has-small-font-size\"><em><strong>Fuente: Gobierno de Mendoza<\/strong><\/em><\/p>\n\n\n\n<div style=\"height:25px\" aria-hidden=\"true\" class=\"wp-block-spacer\"><\/div>\n","protected":false},"excerpt":{"rendered":"<p>En Mendoza, todos los a\u00f1os para esta \u00e9poca previa a la vendimia, los productores de&hellip;<\/p>\n","protected":false},"author":3,"featured_media":54461,"comment_status":"open","ping_status":"open","sticky":false,"template":"","format":"standard","meta":{"footnotes":""},"categories":[14],"tags":[],"class_list":["post-54452","post","type-post","status-publish","format-standard","has-post-thumbnail","hentry","category-news"],"_links":{"self":[{"href":"https:\/\/enolife.com.ar\/es\/wp-json\/wp\/v2\/posts\/54452","targetHints":{"allow":["GET"]}}],"collection":[{"href":"https:\/\/enolife.com.ar\/es\/wp-json\/wp\/v2\/posts"}],"about":[{"href":"https:\/\/enolife.com.ar\/es\/wp-json\/wp\/v2\/types\/post"}],"author":[{"embeddable":true,"href":"https:\/\/enolife.com.ar\/es\/wp-json\/wp\/v2\/users\/3"}],"replies":[{"embeddable":true,"href":"https:\/\/enolife.com.ar\/es\/wp-json\/wp\/v2\/comments?post=54452"}],"version-history":[{"count":0,"href":"https:\/\/enolife.com.ar\/es\/wp-json\/wp\/v2\/posts\/54452\/revisions"}],"wp:featuredmedia":[{"embeddable":true,"href":"https:\/\/enolife.com.ar\/es\/wp-json\/wp\/v2\/media\/54461"}],"wp:attachment":[{"href":"https:\/\/enolife.com.ar\/es\/wp-json\/wp\/v2\/media?parent=54452"}],"wp:term":[{"taxonomy":"category","embeddable":true,"href":"https:\/\/enolife.com.ar\/es\/wp-json\/wp\/v2\/categories?post=54452"},{"taxonomy":"post_tag","embeddable":true,"href":"https:\/\/enolife.com.ar\/es\/wp-json\/wp\/v2\/tags?post=54452"}],"curies":[{"name":"wp","href":"https:\/\/api.w.org\/{rel}","templated":true}]}}