{"id":54386,"date":"2022-02-10T01:38:35","date_gmt":"2022-02-10T01:38:35","guid":{"rendered":"http:\/\/enolife.com.ar\/es\/?p=54386"},"modified":"2022-02-13T15:48:24","modified_gmt":"2022-02-13T15:48:24","slug":"la-mendocina-mariana-juri-es-la-nueva-presidenta-de-la-red-global-de-grandes-capitales-del-vino","status":"publish","type":"post","link":"https:\/\/enolife.com.ar\/es\/la-mendocina-mariana-juri-es-la-nueva-presidenta-de-la-red-global-de-grandes-capitales-del-vino\/","title":{"rendered":"La mendocina Mariana Juri es la nueva presidenta de la red global de Grandes Capitales del Vino"},"content":{"rendered":"\n<h4 class=\"wp-block-heading\"><em><strong>La actual senadora nacional por Mendoza, Argentina, y ex ministra de Cultura y Turismo de esa provincia, acaba de ser designada m\u00e1xima dirigente de la Great Wine Capitals Global Network, la agrupaci\u00f3n de las 11 ciudades-regiones m\u00e1s importantes del mundo del vino. Como vicepresidente lo secunda el espa\u00f1ol Juan Mar\u00ed S\u00e1enz de Buruaga, representante de Bilbao. \u00abEs una gran oportunidad de profundizar la conexi\u00f3n entre el turismo y el mundo del vino\u00bb, manifest\u00f3 al asumir Juri, de vasta experiencia en el sector p\u00fablico y la docencia universitaria. Su mandato tendr\u00e1 vigencia hasta febrero de 2024. <\/strong><\/em><\/h4>\n\n\n\n<div style=\"height:20px\" aria-hidden=\"true\" class=\"wp-block-spacer\"><\/div>\n\n\n<a href=\"https:\/\/www.instagram.com\/vinventions.sudamerica\/\" aria-label=\"Banner_Subr_1700x500\"><img loading=\"lazy\" decoding=\"async\" src=\"https:\/\/enolife.com.ar\/es\/wp-content\/uploads\/2019\/07\/Banner_Subr_1700x500.gif\" alt=\"\"  width=\"1700\" height=\"501\"   \/><\/a>\n\n\n<div style=\"height:39px\" aria-hidden=\"true\" class=\"wp-block-spacer\"><\/div>\n\n\n\n<p>La red <strong>Great Wine Capitals Global Network (GWC)<\/strong> anunci\u00f3 nuevos nombramientos el pasado <strong>3 de febrero de 2022<\/strong>. <strong>Mariana Juri (52), de Mendoza, Argentina<\/strong>, ha sido nombrada presidenta de esta organizaci\u00f3n global que promueve la cultura del vino y el turismo vitivin\u00edcola asociado.<\/p>\n\n\n\n<p>Por su parte, <strong>Juan Mar\u00ed S\u00e1enz de Buruaga<\/strong>, <strong>de Bilbao, Espa\u00f1a<\/strong>, fue designado vicepresidente de la GWC. <\/p>\n\n\n\n<p>Seg\u00fan el comunicado de prensa de la Red, \u00ab<em>estos importantes nombramientos de l\u00edderes confirman el compromiso de GWC con su misi\u00f3n de unir ciudades conectadas a grandes regiones vitivin\u00edcolas, mantener la salud y la prosperidad de sus industrias y comunidades relacionadas con el vino y turismo, y facilitar el intercambio de conocimientos, ideas y experiencias, as\u00ed como estimular los negocios relacionados a la actividad<\/em>\u00ab.<\/p>\n\n\n\n<p>La directora general de Great Wine Capitals Global Network, <strong>Catherine Leparmentier,<\/strong> anunci\u00f3 el nombramiento de Juri luego de una votaci\u00f3n del Comit\u00e9 Ejecutivo del organismo, durante la Asamblea General Anual de GWC 2021 realizada en <strong>Maguncia, Alemania. <\/strong><\/p>\n\n\n\n<div style=\"height:20px\" aria-hidden=\"true\" class=\"wp-block-spacer\"><\/div>\n\n\n\n<div class=\"wp-block-image\"><figure class=\"aligncenter is-resized\"><img loading=\"lazy\" decoding=\"async\" src=\"https:\/\/i2.wp.com\/www.iwinetc.com\/wp-content\/uploads\/2016\/12\/Catherine.jpg?fit=637%2C450&amp;ssl=1\" alt=\"Catherine Leparmentier Dayot - International Wine Tourism Conference\" width=\"568\" height=\"401\"\/><figcaption><strong><em>Catherine Leparmentier<\/em><\/strong><\/figcaption><\/figure><\/div>\n\n\n\n<div style=\"height:20px\" aria-hidden=\"true\" class=\"wp-block-spacer\"><\/div>\n\n\n\n<p>\u00ab<em>Estamos emocionados de haber elegido a Mariana Juri como presidenta y a Juan Mar\u00eda S\u00e1enz de Buruaga como vicepresidente para liderar Great Wine Capitals hacia nuestra Estrategia 2030 para los pr\u00f3ximos dos a\u00f1os. Sus amplias y diversas habilidades y experiencia se combinar\u00e1n para garantizar que GWC cumpla con su misi\u00f3n de promover y vincular las ciudades conectadas con las grandes regiones vitivin\u00edcolas del mundo para el intercambio de conocimientos, el turismo y la creaci\u00f3n de redes de negocios<\/em>\u00ab, dijo Leparmentier. <\/p>\n\n\n\n<div style=\"height:20px\" aria-hidden=\"true\" class=\"wp-block-spacer\"><\/div>\n\n\n\n<blockquote class=\"wp-block-quote is-layout-flow wp-block-quote-is-layout-flow\"><p>Es un desaf\u00edo que asumo con orgullo desde Mendoza. Liderar la Red en 2022 y 2023 nos brindar\u00e1 oportunidades de estrechar lazos y generar m\u00e1s empleo, que es la fuerza que impulsa el progreso\u00bb.<\/p><cite>Mariana Juri, nueva presidenta de Las Grandes Capitales del Vino<\/cite><\/blockquote>\n\n\n\n<div style=\"height:20px\" aria-hidden=\"true\" class=\"wp-block-spacer\"><\/div>\n\n\n\n<p>Por su parte, Juri expres\u00f3: \u00ab<em>Desde Great Wine Capital Mendoza, asumo la tarea de liderar la red en 2022 y 2023, con mucha responsabilidad y orgullo. Es un desaf\u00edo que sin duda nos brindar\u00e1 muchos momentos y oportunidades para estrechar lazos y establecer intercambios entre las ciudades de nuestra red globa<\/em>l\u00bb. Y continu\u00f3: \u00ab<em>Tenemos una gran oportunidad de profundizar la conexi\u00f3n entre el turismo y el mundo del vino, tanto a nivel local como internacional. Estas oportunidades puden generar m\u00e1s empleo, que es indiscutiblemente la fuerza que impulsa el progreso y cambio<\/em>.\u00bb<\/p>\n\n\n\n<p>Con respecto a las pol\u00edticas de educaci\u00f3n de la Red, Juri ampli\u00f3: <em>\u00abTambi\u00e9n creo que este es el momento adecuado para optimizar la red de programas e iniciativas educativas. Crearemos oportunidades para la educaci\u00f3n, el mejoramiento e intercambio de conocimientos, y tambi\u00e9n para el desarrollo y crecimiento conjunto, incluyendo programas de actualizaci\u00f3n en el campo de la enolog\u00eda, e intercambios profesionales para que podamos aprender de las experiencias de los dem\u00e1s\u00bb<\/em>. <\/p>\n\n\n\n<div style=\"height:20px\" aria-hidden=\"true\" class=\"wp-block-spacer\"><\/div>\n\n\n\n<div class=\"wp-block-image\"><figure class=\"aligncenter size-large is-resized\"><img loading=\"lazy\" decoding=\"async\" src=\"https:\/\/enolife.com.ar\/es\/wp-content\/uploads\/2022\/02\/Mariana-Juri-un-cafe-con-los-candidatos-5-mza.jpg\" alt=\"\" class=\"wp-image-54438\" width=\"566\" height=\"342\" srcset=\"https:\/\/enolife.com.ar\/es\/wp-content\/uploads\/2022\/02\/Mariana-Juri-un-cafe-con-los-candidatos-5-mza.jpg 909w, https:\/\/enolife.com.ar\/es\/wp-content\/uploads\/2022\/02\/Mariana-Juri-un-cafe-con-los-candidatos-5-mza-300x181.jpg 300w, https:\/\/enolife.com.ar\/es\/wp-content\/uploads\/2022\/02\/Mariana-Juri-un-cafe-con-los-candidatos-5-mza-768x464.jpg 768w, https:\/\/enolife.com.ar\/es\/wp-content\/uploads\/2022\/02\/Mariana-Juri-un-cafe-con-los-candidatos-5-mza-585x353.jpg 585w\" sizes=\"auto, (max-width: 566px) 100vw, 566px\" \/><figcaption><strong><em>Mariana Juri<\/em><\/strong><\/figcaption><\/figure><\/div>\n\n\n\n<div style=\"height:20px\" aria-hidden=\"true\" class=\"wp-block-spacer\"><\/div>\n\n\n\n<p>La actual legisladora nacional argentina por el partido de oposici\u00f3n UCR concluy\u00f3: \u00ab<em>Tenemos un gran desaf\u00edo por delante, pero juntos, como la gran red colaborativa que somos, lo haremos posible<\/em>\u00ab.<\/p>\n\n\n\n<p>Mariana Juri tiene una importante experiencia en enoturismo tanto en el sector p\u00fablico como en el privado. Se gradu\u00f3 con honores en Turismo de la Universidad Champagnat y tambi\u00e9n tiene un Postgrado en Gesti\u00f3n P\u00fablica del Turismo, por la Universidad de M\u00e1laga y Andaluc\u00eda. <\/p>\n\n\n\n<p>Juri es adem\u00e1s miembro de la <strong>Fundaci\u00f3n RAP (Red de Acci\u00f3n Pol\u00edtica)<\/strong> y profesora en la carrera de Turismo, de la <strong>Universidad Nacional de Cuyo<\/strong>. Obtuvo una valiosa experiencia en el sector privado como directora de Turismo y Cultura de Mendoza. Por otro lado, administr\u00f3 hoteles, hospedajes y empresas gastron\u00f3micas en diferentes emprendimientos para Alta Tecnolog\u00eda Alimentaria SA.<\/p>\n\n\n\n<div style=\"height:20px\" aria-hidden=\"true\" class=\"wp-block-spacer\"><\/div>\n\n\n\n<p class=\"has-medium-font-size\"><strong>\u00abVamos a promover el intercambio de estudiantes entre las ciudades socias\u00bb<\/strong><\/p>\n\n\n\n<p>Por su parte, el nuevo vicepresidente de GWC, Juan Mari S\u00e1enz de Buruaga, cree que la formaci\u00f3n de calidad es vital para el desarrollo del sector enotur\u00edstico: \u00abHay oportunidades entre todas las ciudades socias y regiones de Great Wine Capitals para promover el intercambio de experiencias acad\u00e9micas y la fortalecimiento de la relaci\u00f3n entre universidades con el objetivo de crear nuevos oportunidades de empleo y proyectos empresariales de calidad. Ser\u00eda muy beneficioso poder promover el intercambio de estudiantes a nivel internacional entre las ciudades de Great Wine Capitals, poni\u00e9ndolos en contacto con bodegas y empresas de la red que cuenten con experiencia en ofrecer servicios enotur\u00edsticos de excelencia\u00bb. <\/p>\n\n\n\n<div style=\"height:20px\" aria-hidden=\"true\" class=\"wp-block-spacer\"><\/div>\n\n\n\n<div class=\"wp-block-image\"><figure class=\"aligncenter size-large is-resized\"><img loading=\"lazy\" decoding=\"async\" src=\"https:\/\/enolife.com.ar\/es\/wp-content\/uploads\/2022\/02\/bilbao-rioja-best_of-club-16112021-saenz-de-buruaga.jpg\" alt=\"\" class=\"wp-image-54432\" width=\"576\" height=\"399\" srcset=\"https:\/\/enolife.com.ar\/es\/wp-content\/uploads\/2022\/02\/bilbao-rioja-best_of-club-16112021-saenz-de-buruaga.jpg 642w, https:\/\/enolife.com.ar\/es\/wp-content\/uploads\/2022\/02\/bilbao-rioja-best_of-club-16112021-saenz-de-buruaga-300x208.jpg 300w, https:\/\/enolife.com.ar\/es\/wp-content\/uploads\/2022\/02\/bilbao-rioja-best_of-club-16112021-saenz-de-buruaga-585x406.jpg 585w\" sizes=\"auto, (max-width: 576px) 100vw, 576px\" \/><figcaption><strong><em>Juan Mar\u00ed S\u00e1enz de Buruaga<\/em><\/strong><\/figcaption><\/figure><\/div>\n\n\n\n<div style=\"height:20px\" aria-hidden=\"true\" class=\"wp-block-spacer\"><\/div>\n\n\n\n<p>Juan Mar\u00ed S\u00e1enz de Buruaga ha desarrollado su carrera profesional en el \u00e1mbito empresarial. Es licenciado en Ciencias Econ\u00f3micas y Empresariales y en Administraci\u00f3n, con un posgrado de IESE Business School (Advanced Programa de Gesti\u00f3n). Ha sido director de Exportaci\u00f3n de Fagor Industrial y ocup\u00f3 la direcci\u00f3n comercial del Puerto Aut\u00f3nomo de Bilbao.<\/p>\n\n\n\n<div style=\"height:20px\" aria-hidden=\"true\" class=\"wp-block-spacer\"><\/div>\n\n\n\n<p class=\"has-medium-font-size\"><strong>Una comunidad vitivin\u00edcola, cultural y econ\u00f3mica<\/strong><\/p>\n\n\n\n<div style=\"height:20px\" aria-hidden=\"true\" class=\"wp-block-spacer\"><\/div>\n\n\n\n<p class=\"has-background has-pale-cyan-blue-background-color\">La Red actualmente consta de 11 regiones vitivin\u00edcolas de renombre mundial de los hemisferios Norte y Sur, abarcando el viejo y el nuevo mundo del vino, incluyendo: <strong>Adelaide<\/strong>, Sur de Australia; <strong>Bilbao-Rioja<\/strong>, Espa\u00f1a; <strong>Burdeos<\/strong>, Francia; <strong>Ciudad del Cabo-Vi\u00f1edos del Cabo<\/strong>, Sud\u00e1frica; <strong>Lausana<\/strong>, Suiza; <strong>Mainz-Rheinhessen<\/strong>, Alemania; <strong>Mendoza<\/strong>, Argentina; <strong>Oporto<\/strong>, Portugal; <strong>San Francisco-Valle de Napa<\/strong>, EEUU; <strong>Valpara\u00edso-Valle de Casablanca<\/strong>, Chile y <strong>Verona<\/strong>, Italia.<\/p>\n\n\n\n<div style=\"height:20px\" aria-hidden=\"true\" class=\"wp-block-spacer\"><\/div>\n\n\n\n<p>Las Grandes Capitales del Vino fue fundada en 1999 como una comunidad de ciudades globales que comparten una econom\u00eda y un bien cultural. La Red Global Great Wine Capitals existe para vincular ciudades conectadas por el vino y facilitar el intercambio de conocimientos, ideas y experiencias, as\u00ed como estimular negocios, innovaci\u00f3n y amistades.<\/p>\n\n\n\n<div style=\"height:20px\" aria-hidden=\"true\" class=\"wp-block-spacer\"><\/div>\n\n\n\n<p class=\"has-small-font-size\"><em><strong>M\u00e1s informaci\u00f3n: https:\/\/www.greatwinecapitals.com\/<\/strong><\/em><\/p>\n\n\n\n<div style=\"height:27px\" aria-hidden=\"true\" class=\"wp-block-spacer\"><\/div>\n\n\n\n<p><br><\/p>\n","protected":false},"excerpt":{"rendered":"<p>La actual senadora nacional por Mendoza, Argentina, y ex ministra de Cultura y Turismo de&hellip;<\/p>\n","protected":false},"author":3,"featured_media":54433,"comment_status":"open","ping_status":"open","sticky":false,"template":"","format":"standard","meta":{"footnotes":""},"categories":[7,11],"tags":[],"class_list":["post-54386","post","type-post","status-publish","format-standard","has-post-thumbnail","hentry","category-vino","category-enoturismo"],"_links":{"self":[{"href":"https:\/\/enolife.com.ar\/es\/wp-json\/wp\/v2\/posts\/54386","targetHints":{"allow":["GET"]}}],"collection":[{"href":"https:\/\/enolife.com.ar\/es\/wp-json\/wp\/v2\/posts"}],"about":[{"href":"https:\/\/enolife.com.ar\/es\/wp-json\/wp\/v2\/types\/post"}],"author":[{"embeddable":true,"href":"https:\/\/enolife.com.ar\/es\/wp-json\/wp\/v2\/users\/3"}],"replies":[{"embeddable":true,"href":"https:\/\/enolife.com.ar\/es\/wp-json\/wp\/v2\/comments?post=54386"}],"version-history":[{"count":0,"href":"https:\/\/enolife.com.ar\/es\/wp-json\/wp\/v2\/posts\/54386\/revisions"}],"wp:featuredmedia":[{"embeddable":true,"href":"https:\/\/enolife.com.ar\/es\/wp-json\/wp\/v2\/media\/54433"}],"wp:attachment":[{"href":"https:\/\/enolife.com.ar\/es\/wp-json\/wp\/v2\/media?parent=54386"}],"wp:term":[{"taxonomy":"category","embeddable":true,"href":"https:\/\/enolife.com.ar\/es\/wp-json\/wp\/v2\/categories?post=54386"},{"taxonomy":"post_tag","embeddable":true,"href":"https:\/\/enolife.com.ar\/es\/wp-json\/wp\/v2\/tags?post=54386"}],"curies":[{"name":"wp","href":"https:\/\/api.w.org\/{rel}","templated":true}]}}