{"id":54314,"date":"2022-02-10T23:17:58","date_gmt":"2022-02-10T23:17:58","guid":{"rendered":"http:\/\/enolife.com.ar\/es\/?p=54314"},"modified":"2022-02-11T16:28:53","modified_gmt":"2022-02-11T16:28:53","slug":"vino-carnes-al-fuego-picadas-y-electrofolk-para-divertirse-el-11-2-en-la-enoteca","status":"publish","type":"post","link":"https:\/\/enolife.com.ar\/es\/vino-carnes-al-fuego-picadas-y-electrofolk-para-divertirse-el-11-2-en-la-enoteca\/","title":{"rendered":"Vino, carnes al fuego, picadas y electrofolk para divertirse el 11\/2 en La Enoteca"},"content":{"rendered":"\n<h4 class=\"wp-block-heading\"><em><strong>El cl\u00e1sico pero renovado Centro Tem\u00e1tico del Vino de la Capital mendocina ofrece mucho m\u00e1s que catas y visitas guiadas a la cava de la antigua Quinta Agron\u00f3mica. A partir de la reapertura tras el momento cr\u00edtico de la pandemia, la Enoteca del Parque C\u00edvico se ha convertido en lugar de encuentro de vin\u00f3manos locales y turistas, que all\u00ed pueden disfrutar de la gastronom\u00eda al aire libre y conocer las propuestas de las m\u00e1s originales bodegas mendocinas. La cita en este caso es el viernes 11 de febrero a partir de las 20 hs, con entradas accesibles y placer garantizado.<\/strong><\/em><\/h4>\n\n\n\n<div style=\"height:25px\" aria-hidden=\"true\" class=\"wp-block-spacer\"><\/div>\n\n\n<a href=\"https:\/\/www.instagram.com\/vinventions.sudamerica\/\" aria-label=\"Banner_Subr_1700x500\"><img loading=\"lazy\" decoding=\"async\" src=\"https:\/\/enolife.com.ar\/es\/wp-content\/uploads\/2019\/07\/Banner_Subr_1700x500.gif\" alt=\"\"  width=\"1700\" height=\"501\"   \/><\/a>\n\n\n<div style=\"height:70px\" aria-hidden=\"true\" class=\"wp-block-spacer\"><\/div>\n\n\n\n<p>En el marco de las actividades de verano que se desarrollan en La Enoteca de la Capital mendocina, y con el disfrute en torno al vino como m\u00e1ximo objetivo, el viernes 11 de febrero se realizar\u00e1 un nuevo Sunset a partir de las 20 horas.<\/p>\n\n\n\n<div class=\"wp-block-image\"><figure class=\"alignleft is-resized\"><img loading=\"lazy\" decoding=\"async\" src=\"https:\/\/img.evbuc.com\/https%3A%2F%2Fcdn.evbuc.com%2Fimages%2F201883059%2F220949110526%2F1%2Foriginal.20211216-160131?h=2000&amp;w=720&amp;auto=format%2Ccompress&amp;q=75&amp;sharp=10&amp;s=6c47d2dd444333c53bc41e3ddea99396\" alt=\"\n\t\tImagen de La Enoteca SUNSET (episodio 11-2)\n\" width=\"360\" height=\"360\"\/><figcaption><em><strong>Vino en copa, en ping\u00fcino, con soda, pedilo como quieras&#8230;<\/strong><\/em><\/figcaption><\/figure><\/div>\n\n\n\n<p>Se trata de un atardecer singular en el que mendocinos y turistas podr\u00e1n disfrutar del vino y su maridaje con m\u00fasica y gastronom\u00eda al aire libre, en los jardines del Centro Tem\u00e1tico del Vino.<\/p>\n\n\n\n<p>En cada oportunidad las 6 bodegas invitadas ofrecen sus productos. En este caso ser\u00e1n Familia Lucero Corzo, Marioneta, Dime con quien bebes, Tamascal, Camaradas y Exigentes.<\/p>\n\n\n\n<p>Por otra parte, pero en la misma cuerda, el <strong>Cristina P\u00e9rez Grupo<\/strong> ser\u00e1 la banda encargada de musicalizar el momento de la puesta del sol con su picante onda electrofolk, y aprovechar\u00e1n la oportunidad para presentar en exclusiva un adelanto de su disco <strong>\u00abPiedra soy\u00bb.<\/strong><\/p>\n\n\n\n<p>En esta previa del fin de semana la gastronom\u00eda estar\u00e1 a cargo de <strong>Espacio Blend<\/strong> con fuegos y picadas, <strong>Zero Gluten Food trucks<\/strong> (comida para todos) y <strong>Vintruck<\/strong> (cocteler\u00eda con vino) mientras que el espacio de <em>delicatessen<\/em> acompa\u00f1ar\u00e1n esta edici\u00f3n <strong>Almaoliva<\/strong> (frutos de olivar, aceites y productos derivados) y <strong>Panquehua Natural<\/strong> con frutos disecados.<\/p>\n\n\n\n<p class=\"has-background has-very-light-gray-background-color\"><strong>Las entradas pueden adquirirse <a href=\"https:\/\/www.eventbrite.com.ar\/e\/la-enoteca-sunset-episodio-11-2-tickets-228943043807?aff=odeimcmailchimp&amp;mc_cid=8e48c7d077&amp;mc_eid=c8feb6be5f\">AQU\u00cd<\/a><\/strong><br><br>Conoc\u00e9 todas las actividades de La Enoteca en  <strong><a href=\"http:\/\/www.laenoteca.com.ar\">www.laenoteca.com.ar<\/a><\/strong> <\/p>\n\n\n\n<div style=\"height:36px\" aria-hidden=\"true\" class=\"wp-block-spacer\"><\/div>\n","protected":false},"excerpt":{"rendered":"<p>El cl\u00e1sico pero renovado Centro Tem\u00e1tico del Vino de la Capital mendocina ofrece mucho m\u00e1s&hellip;<\/p>\n","protected":false},"author":3,"featured_media":54506,"comment_status":"open","ping_status":"open","sticky":false,"template":"","format":"standard","meta":{"footnotes":""},"categories":[47],"tags":[],"class_list":["post-54314","post","type-post","status-publish","format-standard","has-post-thumbnail","hentry","category-agenda"],"_links":{"self":[{"href":"https:\/\/enolife.com.ar\/es\/wp-json\/wp\/v2\/posts\/54314","targetHints":{"allow":["GET"]}}],"collection":[{"href":"https:\/\/enolife.com.ar\/es\/wp-json\/wp\/v2\/posts"}],"about":[{"href":"https:\/\/enolife.com.ar\/es\/wp-json\/wp\/v2\/types\/post"}],"author":[{"embeddable":true,"href":"https:\/\/enolife.com.ar\/es\/wp-json\/wp\/v2\/users\/3"}],"replies":[{"embeddable":true,"href":"https:\/\/enolife.com.ar\/es\/wp-json\/wp\/v2\/comments?post=54314"}],"version-history":[{"count":0,"href":"https:\/\/enolife.com.ar\/es\/wp-json\/wp\/v2\/posts\/54314\/revisions"}],"wp:featuredmedia":[{"embeddable":true,"href":"https:\/\/enolife.com.ar\/es\/wp-json\/wp\/v2\/media\/54506"}],"wp:attachment":[{"href":"https:\/\/enolife.com.ar\/es\/wp-json\/wp\/v2\/media?parent=54314"}],"wp:term":[{"taxonomy":"category","embeddable":true,"href":"https:\/\/enolife.com.ar\/es\/wp-json\/wp\/v2\/categories?post=54314"},{"taxonomy":"post_tag","embeddable":true,"href":"https:\/\/enolife.com.ar\/es\/wp-json\/wp\/v2\/tags?post=54314"}],"curies":[{"name":"wp","href":"https:\/\/api.w.org\/{rel}","templated":true}]}}