{"id":5424,"date":"2019-12-02T11:46:43","date_gmt":"2019-12-02T11:46:43","guid":{"rendered":"http:\/\/enolife.com.ar\/es\/?p=5424"},"modified":"2019-12-06T23:39:53","modified_gmt":"2019-12-06T23:39:53","slug":"se-abre-el-espacio-guillermina-de-familia-crotta","status":"publish","type":"post","link":"https:\/\/enolife.com.ar\/es\/se-abre-el-espacio-guillermina-de-familia-crotta\/","title":{"rendered":"Vinos, coctails, cervezas y tapas en el nuevo Espacio Guillermina de Familia Crotta"},"content":{"rendered":"\n<h4 class=\"wp-block-heading\"><em><strong>El viernes 6 y s\u00e1bado 7 de diciembre abre un lugar de encuentro para disfrutar de los vinos y la hospitalidad de la tradicional firma de Palmira, San Mart\u00edn. El Espacio, a la entrada de la misma bodega, lleva el nombre de la esposa del fundador, Jos\u00e9 Eduardo Crotta. <\/strong><\/em><\/h4>\n\n\n\n<div style=\"height:20px\" aria-hidden=\"true\" class=\"wp-block-spacer\"><\/div>\n\n\n\n<div class=\"wp-block-image\"><figure class=\"alignleft is-resized\"><img loading=\"lazy\" decoding=\"async\" src=\"https:\/\/scontent.fmdz2-1.fna.fbcdn.net\/v\/t1.0-9\/76936391_2443861242596631_3722693028708614144_n.jpg?_nc_cat=104&amp;_nc_eui2=AeH7M8R9-u12vd44ov_fUnSjkJLG_5rng5Invz7m4jDS94q9IhgGK5CEPtnEE6WTEa6XHSL9OuuvXnzuAmPnFSMEVOEqV4b3l1O3fA8UsSO6fg&amp;_nc_ohc=Rbk6x2M1z7QAQmQ5lGeIUDY3Ig7jSat8m32yIL7rjQ-kzVY8vtNeTF7_g&amp;_nc_ht=scontent.fmdz2-1.fna&amp;oh=76b8c758b800164b70f9c626093997c2&amp;oe=5E8C07A8\" alt=\"La imagen puede contener: texto\" width=\"367\" height=\"367\"\/><\/figure><\/div>\n\n\n\n<p>La premisa del espacio es que los vinos se disfrutan m\u00e1s cuando se comparten, con lo cual, luego de las visitas guiadas a la bodega se realizan las degustaciones en este sitio familiar.<br>La propuesta es ofrecer degustaciones, actividades y almuerzos con diferentes opciones de men\u00fa. Tambi\u00e9n est\u00e1 abierto para eventos de terceros, festejos sociales, cenas especiales, almuerzos, tardes de t\u00e9, disertaciones y catas.<\/p>\n\n\n\n<div style=\"height:20px\" aria-hidden=\"true\" class=\"wp-block-spacer\"><\/div>\n\n\n\n<p class=\"has-medium-font-size\"><strong>Un sitio para el encuentro y el brindis<\/strong><\/p>\n\n\n\n<div style=\"height:20px\" aria-hidden=\"true\" class=\"wp-block-spacer\"><\/div>\n\n\n\n<p>El nombre \u00abEspacio Guillermina\u00bb est\u00e1 puesto en honor a la esposa del fundador de la Bodega, el italiano Jos\u00e9 Eduardo Crotta, quien en 1919 y con 14 a\u00f1os, se fue de su aldea \u00abLa Crotta\u00bb, de la provincia de Pavia, regi\u00f3n de Lombard\u00eda, arribando solo en barco al puerto de Buenos Aires. <\/p>\n\n\n\n<p>Su esposa e inspiradora de este espacio era austr\u00edaca. Su verdadero nombre era <strong>Wilhelmina Ritz<\/strong>, pero en Argentina la llamaban&nbsp;<strong>Guillermina<\/strong>.<\/p>\n\n\n\n<p>En la d\u00e9cada del &#8217;30, Jos\u00e9 y Guillermina decidieron&nbsp;<strong>levantar su propia bodega en la capital del vino argentino: la provincia de Mendoza<\/strong>.<\/p>\n\n\n\n<p>Sus nietos&nbsp;<strong>Claudia, Carlos y Carolina<\/strong>&nbsp;contin\u00faan produciendo vinos de la mejor calidad, manteniendo la tradici\u00f3n y el prestigio logrado durante tantos a\u00f1os de esfuerzo y dedicaci\u00f3n.<\/p>\n\n\n\n<div style=\"height:34px\" aria-hidden=\"true\" class=\"wp-block-spacer\"><\/div>\n\n\n\n<ul class=\"wp-block-gallery columns-3 is-cropped wp-block-gallery-1 is-layout-flex wp-block-gallery-is-layout-flex\"><li class=\"blocks-gallery-item\"><figure><img loading=\"lazy\" decoding=\"async\" width=\"683\" height=\"1024\" src=\"https:\/\/enolife.com.ar\/es\/wp-content\/uploads\/2019\/11\/eg3-683x1024.jpg\" alt=\"\" data-id=\"5435\" data-link=\"https:\/\/enolife.com.ar\/es\/?attachment_id=5435\" class=\"wp-image-5435\" srcset=\"https:\/\/enolife.com.ar\/es\/wp-content\/uploads\/2019\/11\/eg3-683x1024.jpg 683w, https:\/\/enolife.com.ar\/es\/wp-content\/uploads\/2019\/11\/eg3-200x300.jpg 200w, https:\/\/enolife.com.ar\/es\/wp-content\/uploads\/2019\/11\/eg3-768x1152.jpg 768w, https:\/\/enolife.com.ar\/es\/wp-content\/uploads\/2019\/11\/eg3-585x878.jpg 585w, https:\/\/enolife.com.ar\/es\/wp-content\/uploads\/2019\/11\/eg3.jpg 1024w\" sizes=\"auto, (max-width: 683px) 100vw, 683px\" \/><\/figure><\/li><li class=\"blocks-gallery-item\"><figure><img loading=\"lazy\" decoding=\"async\" width=\"1024\" height=\"672\" src=\"https:\/\/enolife.com.ar\/es\/wp-content\/uploads\/2019\/11\/eg4-1024x672.jpg\" alt=\"\" data-id=\"5437\" data-link=\"https:\/\/enolife.com.ar\/es\/?attachment_id=5437\" class=\"wp-image-5437\" srcset=\"https:\/\/enolife.com.ar\/es\/wp-content\/uploads\/2019\/11\/eg4.jpg 1024w, https:\/\/enolife.com.ar\/es\/wp-content\/uploads\/2019\/11\/eg4-300x197.jpg 300w, https:\/\/enolife.com.ar\/es\/wp-content\/uploads\/2019\/11\/eg4-768x504.jpg 768w, https:\/\/enolife.com.ar\/es\/wp-content\/uploads\/2019\/11\/eg4-585x384.jpg 585w\" sizes=\"auto, (max-width: 1024px) 100vw, 1024px\" \/><\/figure><\/li><li class=\"blocks-gallery-item\"><figure><img loading=\"lazy\" decoding=\"async\" width=\"259\" height=\"194\" src=\"https:\/\/enolife.com.ar\/es\/wp-content\/uploads\/2019\/11\/guillermina-7.jpg\" alt=\"\" data-id=\"5441\" data-link=\"https:\/\/enolife.com.ar\/es\/?attachment_id=5441\" class=\"wp-image-5441\"\/><\/figure><\/li><li class=\"blocks-gallery-item\"><figure><img loading=\"lazy\" decoding=\"async\" width=\"1024\" height=\"463\" src=\"https:\/\/enolife.com.ar\/es\/wp-content\/uploads\/2019\/11\/guillermina-ppal-1-1024x463.jpg\" alt=\"\" data-id=\"5449\" data-link=\"https:\/\/enolife.com.ar\/es\/?attachment_id=5449\" class=\"wp-image-5449\" srcset=\"https:\/\/enolife.com.ar\/es\/wp-content\/uploads\/2019\/11\/guillermina-ppal-1-1024x463.jpg 1024w, https:\/\/enolife.com.ar\/es\/wp-content\/uploads\/2019\/11\/guillermina-ppal-1-300x136.jpg 300w, https:\/\/enolife.com.ar\/es\/wp-content\/uploads\/2019\/11\/guillermina-ppal-1-768x347.jpg 768w, https:\/\/enolife.com.ar\/es\/wp-content\/uploads\/2019\/11\/guillermina-ppal-1-1170x529.jpg 1170w, https:\/\/enolife.com.ar\/es\/wp-content\/uploads\/2019\/11\/guillermina-ppal-1-585x265.jpg 585w, https:\/\/enolife.com.ar\/es\/wp-content\/uploads\/2019\/11\/guillermina-ppal-1.jpg 1280w\" sizes=\"auto, (max-width: 1024px) 100vw, 1024px\" \/><\/figure><\/li><\/ul>\n\n\n\n<div style=\"height:20px\" aria-hidden=\"true\" class=\"wp-block-spacer\"><\/div>\n\n\n\n<p class=\"has-background has-very-light-gray-background-color\"><strong>Reservas y consultas: <\/strong>Carril Chimbas y Panamericana, Palmira, Mendoza. Tel 54 (0) 263 446 1936\/059 interno 13, mail: <a href=\"mailto:turismo@crotta.com.ar\">turismo@crotta.com.ar<\/a><\/p>\n\n\n\n<div style=\"height:51px\" aria-hidden=\"true\" class=\"wp-block-spacer\"><\/div>\n\n\n\n<p><\/p>\n","protected":false},"excerpt":{"rendered":"<p>El viernes 6 y s\u00e1bado 7 de diciembre abre un lugar de encuentro para disfrutar&hellip;<\/p>\n","protected":false},"author":3,"featured_media":5452,"comment_status":"open","ping_status":"open","sticky":false,"template":"","format":"standard","meta":{"footnotes":""},"categories":[11],"tags":[],"class_list":["post-5424","post","type-post","status-publish","format-standard","has-post-thumbnail","hentry","category-enoturismo"],"_links":{"self":[{"href":"https:\/\/enolife.com.ar\/es\/wp-json\/wp\/v2\/posts\/5424","targetHints":{"allow":["GET"]}}],"collection":[{"href":"https:\/\/enolife.com.ar\/es\/wp-json\/wp\/v2\/posts"}],"about":[{"href":"https:\/\/enolife.com.ar\/es\/wp-json\/wp\/v2\/types\/post"}],"author":[{"embeddable":true,"href":"https:\/\/enolife.com.ar\/es\/wp-json\/wp\/v2\/users\/3"}],"replies":[{"embeddable":true,"href":"https:\/\/enolife.com.ar\/es\/wp-json\/wp\/v2\/comments?post=5424"}],"version-history":[{"count":0,"href":"https:\/\/enolife.com.ar\/es\/wp-json\/wp\/v2\/posts\/5424\/revisions"}],"wp:featuredmedia":[{"embeddable":true,"href":"https:\/\/enolife.com.ar\/es\/wp-json\/wp\/v2\/media\/5452"}],"wp:attachment":[{"href":"https:\/\/enolife.com.ar\/es\/wp-json\/wp\/v2\/media?parent=5424"}],"wp:term":[{"taxonomy":"category","embeddable":true,"href":"https:\/\/enolife.com.ar\/es\/wp-json\/wp\/v2\/categories?post=5424"},{"taxonomy":"post_tag","embeddable":true,"href":"https:\/\/enolife.com.ar\/es\/wp-json\/wp\/v2\/tags?post=5424"}],"curies":[{"name":"wp","href":"https:\/\/api.w.org\/{rel}","templated":true}]}}