{"id":5413,"date":"2019-12-02T12:32:54","date_gmt":"2019-12-02T12:32:54","guid":{"rendered":"http:\/\/enolife.com.ar\/es\/?p=5413"},"modified":"2019-12-04T15:53:37","modified_gmt":"2019-12-04T15:53:37","slug":"vinateros-mendocinos-y-sanjuaninos-se-unen-para-enfrentar-la-crisis-de-la-industria","status":"publish","type":"post","link":"https:\/\/enolife.com.ar\/es\/vinateros-mendocinos-y-sanjuaninos-se-unen-para-enfrentar-la-crisis-de-la-industria\/","title":{"rendered":"Vi\u00f1ateros mendocinos y sanjuaninos se unen para enfrentar la crisis de la industria"},"content":{"rendered":"\n<h4 class=\"wp-block-heading\"><em><strong>La Asociaci\u00f3n de Vi\u00f1ateros de Mendoza (AVM) particip\u00f3 de la Asamblea Regional de Vi\u00f1ateros que se realiz\u00f3 el pasado 22 de noviembre en Media Agua, San Juan, con el fin de buscar soluciones y combatir lo que calificaron como \u00absituaci\u00f3n terminal\u00bb de la vitivinicultura argentina. <\/strong><\/em><\/h4>\n\n\n\n<div style=\"height:39px\" aria-hidden=\"true\" class=\"wp-block-spacer\"><\/div>\n\n\n\n<p>Desde inicios de 2019 es inter\u00e9s de las entidades de ambas provincias nuclearse y tratar temas comunes que afectan a la vitivinicultura del pa\u00eds. Los miembros de la Asociaci\u00f3n de Vi\u00f1ateros de Mendoza (AVM) presentaron en la mencionada reuni\u00f3n un diagn\u00f3stico del escenario actual y un panorama espec\u00edficos de la denominada \u00abQuinta Zona\u00bb vitivin\u00edcola de Mendoza, castigada recientemente por fuertes tormentas de granizo. <\/p>\n\n\n\n<p>Una preocupaci\u00f3n com\u00fan de los productores mendocinos expuesta en la asamblea fue la escasa rentabilidad en la venta del vino. Los productores se encuentran en una situaci\u00f3n que llamaron \u00abterminal\u00bb. A esta dif\u00edcil situaci\u00f3n se suma la actual crisis h\u00eddrica que repercute de manera directa en las fincas de Mendoza. <\/p>\n\n\n\n<p>Ante el presente escenario, desde la AVM se propusieron alternativas para mitigar efectos negativos y aunar la lucha entre las provincias productoras m\u00e1s importantes del pa\u00eds.<\/p>\n\n\n\n<div style=\"height:20px\" aria-hidden=\"true\" class=\"wp-block-spacer\"><\/div>\n\n\n\n<ul class=\"wp-block-gallery columns-2 is-cropped wp-block-gallery-1 is-layout-flex wp-block-gallery-is-layout-flex\"><li class=\"blocks-gallery-item\"><figure><img loading=\"lazy\" decoding=\"async\" width=\"960\" height=\"720\" src=\"https:\/\/enolife.com.ar\/es\/wp-content\/uploads\/2019\/11\/asamblea-2.jpg\" alt=\"\" data-id=\"5420\" data-link=\"https:\/\/enolife.com.ar\/es\/?attachment_id=5420\" class=\"wp-image-5420\" srcset=\"https:\/\/enolife.com.ar\/es\/wp-content\/uploads\/2019\/11\/asamblea-2.jpg 960w, https:\/\/enolife.com.ar\/es\/wp-content\/uploads\/2019\/11\/asamblea-2-300x225.jpg 300w, https:\/\/enolife.com.ar\/es\/wp-content\/uploads\/2019\/11\/asamblea-2-768x576.jpg 768w, https:\/\/enolife.com.ar\/es\/wp-content\/uploads\/2019\/11\/asamblea-2-585x439.jpg 585w\" sizes=\"auto, (max-width: 960px) 100vw, 960px\" \/><\/figure><\/li><li class=\"blocks-gallery-item\"><figure><img loading=\"lazy\" decoding=\"async\" width=\"500\" height=\"375\" src=\"https:\/\/enolife.com.ar\/es\/wp-content\/uploads\/2019\/11\/Vi\u00f1ateros-500x375.jpg\" alt=\"\" data-id=\"5421\" data-link=\"https:\/\/enolife.com.ar\/es\/?attachment_id=5421\" class=\"wp-image-5421\" srcset=\"https:\/\/enolife.com.ar\/es\/wp-content\/uploads\/2019\/11\/Vi\u00f1ateros-500x375.jpg 500w, https:\/\/enolife.com.ar\/es\/wp-content\/uploads\/2019\/11\/Vi\u00f1ateros-500x375-300x225.jpg 300w\" sizes=\"auto, (max-width: 500px) 100vw, 500px\" \/><\/figure><\/li><\/ul>\n\n\n\n<div style=\"height:20px\" aria-hidden=\"true\" class=\"wp-block-spacer\"><\/div>\n\n\n\n<p>Como temas comunes de an\u00e1lisis se abordaron los desajustes en la cadena de valor de la vitivinicultura, los contratos de venta de uvas dolarizados y el precio insuficiente. Otras de las ideas se dirigieron a la conformaci\u00f3n de un <em>pool <\/em>de ventas de uvas blancas. <\/p>\n\n\n\n<p>La entidad anfitriona, la Mesa Vitivin\u00edcola de San Juan, estuvo acompa\u00f1ada por otras fuertes instituciones vitivin\u00edcolas de esa provincia, como la C\u00e1mara de la Producci\u00f3n, Empaque y Comercio Frutihort\u00edcola de San Juan, la Asociaci\u00f3n de Vi\u00f1ateros de Angaco, la Asociaci\u00f3n Civil de Vi\u00f1ateros Autoconvocados, la Sociedad de Chacareros Temporarios de San Juan y el Consorcio de Cooperaci\u00f3n. <\/p>\n\n\n\n<p class=\"has-background has-very-light-gray-background-color\">M\u00e1s informaci\u00f3n: asociacionvinaterosmza@gmail.com , Tel. +54 9 2634517074 <\/p>\n\n\n\n<div style=\"height:20px\" aria-hidden=\"true\" class=\"wp-block-spacer\"><\/div>\n","protected":false},"excerpt":{"rendered":"<p>La Asociaci\u00f3n de Vi\u00f1ateros de Mendoza (AVM) particip\u00f3 de la Asamblea Regional de Vi\u00f1ateros que&hellip;<\/p>\n","protected":false},"author":3,"featured_media":5417,"comment_status":"open","ping_status":"open","sticky":false,"template":"","format":"standard","meta":{"footnotes":""},"categories":[14],"tags":[],"class_list":["post-5413","post","type-post","status-publish","format-standard","has-post-thumbnail","hentry","category-news"],"_links":{"self":[{"href":"https:\/\/enolife.com.ar\/es\/wp-json\/wp\/v2\/posts\/5413","targetHints":{"allow":["GET"]}}],"collection":[{"href":"https:\/\/enolife.com.ar\/es\/wp-json\/wp\/v2\/posts"}],"about":[{"href":"https:\/\/enolife.com.ar\/es\/wp-json\/wp\/v2\/types\/post"}],"author":[{"embeddable":true,"href":"https:\/\/enolife.com.ar\/es\/wp-json\/wp\/v2\/users\/3"}],"replies":[{"embeddable":true,"href":"https:\/\/enolife.com.ar\/es\/wp-json\/wp\/v2\/comments?post=5413"}],"version-history":[{"count":0,"href":"https:\/\/enolife.com.ar\/es\/wp-json\/wp\/v2\/posts\/5413\/revisions"}],"wp:featuredmedia":[{"embeddable":true,"href":"https:\/\/enolife.com.ar\/es\/wp-json\/wp\/v2\/media\/5417"}],"wp:attachment":[{"href":"https:\/\/enolife.com.ar\/es\/wp-json\/wp\/v2\/media?parent=5413"}],"wp:term":[{"taxonomy":"category","embeddable":true,"href":"https:\/\/enolife.com.ar\/es\/wp-json\/wp\/v2\/categories?post=5413"},{"taxonomy":"post_tag","embeddable":true,"href":"https:\/\/enolife.com.ar\/es\/wp-json\/wp\/v2\/tags?post=5413"}],"curies":[{"name":"wp","href":"https:\/\/api.w.org\/{rel}","templated":true}]}}