{"id":53630,"date":"2022-01-26T17:07:33","date_gmt":"2022-01-26T17:07:33","guid":{"rendered":"http:\/\/enolife.com.ar\/es\/?p=53630"},"modified":"2022-01-28T01:00:15","modified_gmt":"2022-01-28T01:00:15","slug":"vinateros-del-este-piden-que-el-gobierno-publicite-que-por-cosechar-no-se-pierden-los-planes-sociales","status":"publish","type":"post","link":"https:\/\/enolife.com.ar\/es\/vinateros-del-este-piden-que-el-gobierno-publicite-que-por-cosechar-no-se-pierden-los-planes-sociales\/","title":{"rendered":"Vi\u00f1ateros del Este piden que el gobierno publicite que por cosechar no se pierden los planes sociales"},"content":{"rendered":"\n<h4 class=\"wp-block-heading\"><em><strong>Ante la proximidad del inicio de la vendimia 2022 y el temor de algunos productores y bodegueros de que haya dificultades para emplear cosechadores, porque estos trabajadores creen que perder\u00edan sus planes sociales si son contratados, el Centro de Vi\u00f1ateros y Bodegueros del Este de Mendoza envi\u00f3 una carta al ministro de Trabajo de Argentina solicit\u00e1ndole que divulgue p\u00fablicamente que existe una normativa que mantiene la ayuda social cuando se trata de trabajos temporarios o discontinuos. A continuaci\u00f3n, el texto de la misiva al funcionario nacional, con los destacados y may\u00fasculas originales.<\/strong><\/em><\/h4>\n\n\n\n<div style=\"height:20px\" aria-hidden=\"true\" class=\"wp-block-spacer\"><\/div>\n\n\n<a href=\"https:\/\/www.facebook.com\/SindicatoContratitas\/\" aria-label=\"banner contratistas 1700&#215;500\"><img loading=\"lazy\" decoding=\"async\" src=\"https:\/\/enolife.com.ar\/es\/wp-content\/uploads\/2020\/08\/banner-contratistas-1700x500-1.jpg\" alt=\"\"  srcset=\"https:\/\/enolife.com.ar\/es\/wp-content\/uploads\/2020\/08\/banner-contratistas-1700x500-1.jpg 1700w, https:\/\/enolife.com.ar\/es\/wp-content\/uploads\/2020\/08\/banner-contratistas-1700x500-1-300x88.jpg 300w, https:\/\/enolife.com.ar\/es\/wp-content\/uploads\/2020\/08\/banner-contratistas-1700x500-1-1024x301.jpg 1024w, https:\/\/enolife.com.ar\/es\/wp-content\/uploads\/2020\/08\/banner-contratistas-1700x500-1-768x226.jpg 768w, https:\/\/enolife.com.ar\/es\/wp-content\/uploads\/2020\/08\/banner-contratistas-1700x500-1-1536x452.jpg 1536w, https:\/\/enolife.com.ar\/es\/wp-content\/uploads\/2020\/08\/banner-contratistas-1700x500-1-1170x344.jpg 1170w, https:\/\/enolife.com.ar\/es\/wp-content\/uploads\/2020\/08\/banner-contratistas-1700x500-1-585x172.jpg 585w\" sizes=\"auto, (max-width: 1700px) 100vw, 1700px\" width=\"1700\" height=\"500\"   \/><\/a>\n\n\n<div style=\"height:20px\" aria-hidden=\"true\" class=\"wp-block-spacer\"><\/div>\n\n\n\n<p><em>\u00abTIERRAS DEL ESTE, Mendoza, enero 22 de 2022<br><strong>Sr. ministro de Trabajo, Empleo y Seguridad Social de la Naci\u00f3n<br>D. Claudio Moroni<\/strong><\/em><\/p>\n\n\n\n<p><em>\u00ab<strong>Ref.: Decreto 514\/21.<br>Res. Conjunta 8\/2021. Cosechas de uvas 2022<\/strong><\/em><\/p>\n\n\n\n<p><em>\u00abNos dirigimos a Ud. a fin de solicitarle se implemente a la brevedad una campa\u00f1a de propaganda comunicando los alcances del decreto de referencia &#8216;\u2026que establece que aquellas personas que sean contratadas bajo las modalidades de trabajo temporario o trabajo permanente discontinuo en el \u00e1mbito rural no perder\u00e1n los beneficios de los planes y programas sociales.\u00bb<\/em><\/p>\n\n\n\n<p><em>\u00abEstamos ante el inminente comienzo de la cosecha de uvas y la expectativa que gener\u00f3 la vigencia -por primera vez- del decreto comienza a frustrarse ya que los trabajadores mantienen su negativa a ser registrados. La \u00fanica alternativa que apreciamos en esta inmediatez para intentar llegar al trabajador es promoviendo una fuerte e inmediata propaganda oficial. Un formato posible de difusi\u00f3n es a trav\u00e9s de la gr\u00e1fica (afiches) utilizando como referencia visual a las delegaciones provinciales del MINISTERIO DE TRABAJO, EMPLEO Y SEGURIDAD SOCIAL, el MINISTERIO DE DESARROLLO SOCIAL y la ADMINISTRACI\u00d3N NACIONAL DE LA SEGURIDAD SOCIAL (ANSES), complementado con la presencia de sus autoridades en la prensa dando detalles de la normativa.<\/em><\/p>\n\n\n\n<p><em>\u00abNos proponemos como parte activa en la difusi\u00f3n y acompa\u00f1ar lo que se disponga, pero nuestra participaci\u00f3n s\u00f3lo ser\u00e1 v\u00e1lida en tanto la propaganda tenga car\u00e1cter oficial, es decir, respaldado por las firmas de las partes de donde se origin\u00f3 el decreto. As\u00ed, s\u00f3lo necesitar\u00edamos recibir un archivo digital ara, por ej., proceder a imprimir folletos individuales o afiches para ser distribuidos en las terminales de \u00f3mnibus, en las fincas y bodegas, medios de prensa provinciales y departamentales.<\/em><\/p>\n\n\n\n<p><em>\u00abSin otro particular, quedando a vuestra disposici\u00f3n y a la expectativa de una pronta respuesta le saludamos con la m\u00e1s alta consideraci\u00f3n. <\/em><\/p>\n\n\n\n<p><em>\u00abFirma por el CENTRO DE VI\u00d1ATEROS Y BODEGUEROS DEL ESTE, Mauro A. Sosa, Director Ejecutivo\u00bb<\/em><\/p>\n\n\n\n<div style=\"height:35px\" aria-hidden=\"true\" class=\"wp-block-spacer\"><\/div>\n","protected":false},"excerpt":{"rendered":"<p>Ante la proximidad del inicio de la vendimia 2022 y el temor de algunos productores&hellip;<\/p>\n","protected":false},"author":3,"featured_media":53644,"comment_status":"open","ping_status":"open","sticky":false,"template":"","format":"standard","meta":{"footnotes":""},"categories":[14],"tags":[],"class_list":["post-53630","post","type-post","status-publish","format-standard","has-post-thumbnail","hentry","category-news"],"_links":{"self":[{"href":"https:\/\/enolife.com.ar\/es\/wp-json\/wp\/v2\/posts\/53630","targetHints":{"allow":["GET"]}}],"collection":[{"href":"https:\/\/enolife.com.ar\/es\/wp-json\/wp\/v2\/posts"}],"about":[{"href":"https:\/\/enolife.com.ar\/es\/wp-json\/wp\/v2\/types\/post"}],"author":[{"embeddable":true,"href":"https:\/\/enolife.com.ar\/es\/wp-json\/wp\/v2\/users\/3"}],"replies":[{"embeddable":true,"href":"https:\/\/enolife.com.ar\/es\/wp-json\/wp\/v2\/comments?post=53630"}],"version-history":[{"count":0,"href":"https:\/\/enolife.com.ar\/es\/wp-json\/wp\/v2\/posts\/53630\/revisions"}],"wp:featuredmedia":[{"embeddable":true,"href":"https:\/\/enolife.com.ar\/es\/wp-json\/wp\/v2\/media\/53644"}],"wp:attachment":[{"href":"https:\/\/enolife.com.ar\/es\/wp-json\/wp\/v2\/media?parent=53630"}],"wp:term":[{"taxonomy":"category","embeddable":true,"href":"https:\/\/enolife.com.ar\/es\/wp-json\/wp\/v2\/categories?post=53630"},{"taxonomy":"post_tag","embeddable":true,"href":"https:\/\/enolife.com.ar\/es\/wp-json\/wp\/v2\/tags?post=53630"}],"curies":[{"name":"wp","href":"https:\/\/api.w.org\/{rel}","templated":true}]}}