{"id":53227,"date":"2022-01-23T01:57:24","date_gmt":"2022-01-23T01:57:24","guid":{"rendered":"http:\/\/enolife.com.ar\/es\/?p=53227"},"modified":"2022-01-25T13:32:15","modified_gmt":"2022-01-25T13:32:15","slug":"crece-la-vitivinicultura-en-la-pampa-esperan-cosechar-100-000-kg-de-uva-en-casa-de-piedra","status":"publish","type":"post","link":"https:\/\/enolife.com.ar\/es\/crece-la-vitivinicultura-en-la-pampa-esperan-cosechar-100-000-kg-de-uva-en-casa-de-piedra\/","title":{"rendered":"Crece la vitivinicultura en La Pampa: esperan cosechar 100.000 kg de uva en Casa de Piedra"},"content":{"rendered":"\n<h4 class=\"wp-block-heading\"><em><strong>El 20 de febrero comenzar\u00e1 la vendimia en la zona pampeana de Casa de Piedra, con la variedad pinot noir, la primera que madura. Las bodegas Catena y Cassone, afincadas en ese terru\u00f1o, han invertido en m\u00e1s hect\u00e1reas y equipamientos. As\u00ed lo inform\u00f3 Roberto Vigorito, funcionario del Ente Provincial de R\u00edo Colorado.<\/strong><\/em><\/h4>\n\n\n\n<div style=\"height:22px\" aria-hidden=\"true\" class=\"wp-block-spacer\"><\/div>\n\n\n<a href=\"https:\/\/www.linkedin.com\/company\/agrinet-sa\/?originalSubdomain=ar\" aria-label=\"1700X500\"><img loading=\"lazy\" decoding=\"async\" src=\"https:\/\/enolife.com.ar\/es\/wp-content\/uploads\/2021\/11\/1700X500.gif\" alt=\"\"  width=\"1700\" height=\"500\"   \/><\/a>\n\n\n<div style=\"height:37px\" aria-hidden=\"true\" class=\"wp-block-spacer\"><\/div>\n\n\n\n<p>Entrevistado por un programa radial de General Pico, La Pampa, <strong>Roberto Vigorito<\/strong>, vicepresidente del <strong>Ente Provincial de R\u00edo Colorado<\/strong>, coment\u00f3 que ya se encuentran preparando todo para el pr\u00f3ximo 20 de febrero cuando se d\u00e9 comienzo a la Vendimia de Casa de Piedra con la variedad pinot noir, la primera uva que suele madurar y estar lista para la recolecci\u00f3n.<\/p>\n\n\n\n<p>\u00ab<em>Despu\u00e9s seguiremos con el resto de las variedades y lo mismo pasar\u00e1 con los vecinos de&nbsp;<strong>Catena<\/strong>, quienes&nbsp;estar\u00e1n cosechando para mediados de marzo con n\u00fameros que van a llamar la atenci\u00f3n,&nbsp;creemos que van a lograr duplicar la producci\u00f3n del 2021&#8243;<\/em>, indic\u00f3 y adelant\u00f3 que lo mismo suceder\u00e1 con la familia&nbsp;<strong>Cassone<\/strong>, quienes alcanzaran n\u00fameros muy importantes y alentadores.<\/p>\n\n\n\n<p>Por otra parte, Vigorito coment\u00f3 que durante 2021 se hizo poco desbrote, una pr\u00e1ctica que consiste en sacarle partes a la planta para ver de qu\u00e9 manera produce, llev\u00e1ndola a su m\u00e1xima potencial.&nbsp;<\/p>\n\n\n\n<p>\u00ab<em>El a\u00f1o pasado&nbsp;tuvimos n\u00fameros que duplicaron la cosecha de 2020, la cual hab\u00eda sido de 54.000, y en 2021 alcanzamos&nbsp;los 98.000 kilos.&nbsp;Este a\u00f1o se hizo el desbrote, esper\u00e1bamos que bajara esa cifra pero nos encontramos con una sorpresa y&nbsp;creemos que vamos a estar cerca de los 100 mil kilos\u00bb<\/em>, indic\u00f3 Vigorito.<\/p>\n\n\n\n<p>En la misma l\u00ednea, habl\u00f3 sobre el surgimiento de una nueva econom\u00eda que llega de la mano de la vitivinicultura, algo que puede observarse en los vi\u00f1edos que se est\u00e1n desarrollando actualmente en toda la provincia, como en <strong>Winifreda<\/strong> o <strong>Gobernador Duval<\/strong>, localidades que ya cuentan con producci\u00f3n.&nbsp;<\/p>\n\n\n\n<p>El funcionario remarc\u00f3 que se cre\u00f3 la<strong> C\u00e1mara de Vitivinicultores<\/strong>, la cual preside el productor <strong>Ricardo Juan<\/strong>. <em>\u00abEs una movida importante para La Pampa, que si bien se destaca por la agricultura y la ganader\u00eda, la parte de los vi\u00f1edos est\u00e1 progresando bien y con muy buenos resultados\u00bb,<\/em> asever\u00f3.<\/p>\n\n\n\n<p>Asimismo, adelant\u00f3 que&nbsp;la familia Catena planea ampliar su vi\u00f1edo, y lo mismo sucedi\u00f3 con la familia Cassone, quienes&nbsp;compraron 50 nuevas hect\u00e1reas&nbsp;luego de que el&nbsp;gobernador de la provincia anunciara la construcci\u00f3n de una bodega en Casa de Piedra .<\/p>\n\n\n\n<p>En lo que respecta al proyecto de la bodega, Vigorito icoment\u00f3 que mantienen un contacto permanente con los arquitectos que se encuentran trabajando en la misma. \u00ab<em>El proyecto ya ha pasado a Obras P\u00fablicas para hacer la licitaci\u00f3n, y despu\u00e9s el tr\u00e1mite se acelerar\u00e1;&nbsp;a pesar de la pandemia y las trabas, el proyecto sigue avanzando y esperamos que se concrete\u00bb.<\/em><\/p>\n\n\n\n<div style=\"height:20px\" aria-hidden=\"true\" class=\"wp-block-spacer\"><\/div>\n\n\n\n<p class=\"has-small-font-size\"><em><strong>Fuente: Infopico<\/strong><\/em><\/p>\n\n\n\n<div style=\"height:20px\" aria-hidden=\"true\" class=\"wp-block-spacer\"><\/div>\n","protected":false},"excerpt":{"rendered":"<p>El 20 de febrero comenzar\u00e1 la vendimia en la zona pampeana de Casa de Piedra,&hellip;<\/p>\n","protected":false},"author":3,"featured_media":53286,"comment_status":"open","ping_status":"open","sticky":false,"template":"","format":"standard","meta":{"footnotes":""},"categories":[14],"tags":[],"class_list":["post-53227","post","type-post","status-publish","format-standard","has-post-thumbnail","hentry","category-news"],"_links":{"self":[{"href":"https:\/\/enolife.com.ar\/es\/wp-json\/wp\/v2\/posts\/53227","targetHints":{"allow":["GET"]}}],"collection":[{"href":"https:\/\/enolife.com.ar\/es\/wp-json\/wp\/v2\/posts"}],"about":[{"href":"https:\/\/enolife.com.ar\/es\/wp-json\/wp\/v2\/types\/post"}],"author":[{"embeddable":true,"href":"https:\/\/enolife.com.ar\/es\/wp-json\/wp\/v2\/users\/3"}],"replies":[{"embeddable":true,"href":"https:\/\/enolife.com.ar\/es\/wp-json\/wp\/v2\/comments?post=53227"}],"version-history":[{"count":0,"href":"https:\/\/enolife.com.ar\/es\/wp-json\/wp\/v2\/posts\/53227\/revisions"}],"wp:featuredmedia":[{"embeddable":true,"href":"https:\/\/enolife.com.ar\/es\/wp-json\/wp\/v2\/media\/53286"}],"wp:attachment":[{"href":"https:\/\/enolife.com.ar\/es\/wp-json\/wp\/v2\/media?parent=53227"}],"wp:term":[{"taxonomy":"category","embeddable":true,"href":"https:\/\/enolife.com.ar\/es\/wp-json\/wp\/v2\/categories?post=53227"},{"taxonomy":"post_tag","embeddable":true,"href":"https:\/\/enolife.com.ar\/es\/wp-json\/wp\/v2\/tags?post=53227"}],"curies":[{"name":"wp","href":"https:\/\/api.w.org\/{rel}","templated":true}]}}