{"id":52983,"date":"2022-01-19T22:27:21","date_gmt":"2022-01-19T22:27:21","guid":{"rendered":"http:\/\/enolife.com.ar\/es\/?p=52983"},"modified":"2022-01-20T22:38:14","modified_gmt":"2022-01-20T22:38:14","slug":"san-juan-se-interesa-por-el-modelo-del-banco-de-vinos-de-mendoza","status":"publish","type":"post","link":"https:\/\/enolife.com.ar\/es\/san-juan-se-interesa-por-el-modelo-del-banco-de-vinos-de-mendoza\/","title":{"rendered":"San Juan se interesa por el modelo del Banco de Vinos de Mendoza"},"content":{"rendered":"\n<h4 class=\"wp-block-heading\"><em><strong>En una reciente reuni\u00f3n, los ministros de Econom\u00eda de las provincias hermanas de Mendoza y San Juan conversaron sobre pol\u00edtica vitivin\u00edcola y posibles acciones conjuntas en beneficio de la industria y las econom\u00edas regionales. Los funcionarios repasaron la temporada agr\u00edcola y consensuaron herramientas para mantener los precios de los productos. Entre los temas tratados, el mendocino Enrique Vaqui\u00e9 explic\u00f3 a su par sanjuanino, Ariel Lucero, el funcionamiento del instrumento creado en 2020 por el gobierno de Mendoza con el objetivo declarado de \u00abestabilizar los ciclos de precios del mercado de traslado de los productos vitivin\u00edcolas.\u00bb<\/strong><\/em><\/h4>\n\n\n\n<div style=\"height:20px\" aria-hidden=\"true\" class=\"wp-block-spacer\"><\/div>\n\n\n\n\n\n<div style=\"height:65px\" aria-hidden=\"true\" class=\"wp-block-spacer\"><\/div>\n\n\n\n<p>El ministro de Econom\u00eda y Energ\u00eda de Mendoza, <strong>Enrique Vaqui\u00e9<\/strong>, viaj\u00f3 a San Juan para reunirse con el recientemente designado ministro de Producci\u00f3n y Desarrollo Econ\u00f3mico, <strong>Ariel Lucero.<\/strong><\/p>\n\n\n\n<p>\u00ab<em>Mantuvimos un productivo primer encuentro con el ministro Lucero. Charlamos sobre las herramientas que usamos desde Mendoza para fomentar las exportaciones, como los&nbsp;hubs&nbsp;log\u00edsticos-comerciales que permitieron que m\u00e1s de 100 peque\u00f1as o medianas empresas desembarquen en mercados exteriores<\/em>\u00ab, explic\u00f3 Enrique Vaqui\u00e9.<\/p>\n\n\n\n<p>Esta din\u00e1mica, que combina acciones comerciales con las plataformas log\u00edsticas o&nbsp;<em>hub&nbsp;<\/em>que implementa Mendoza, permite concentrar env\u00edos para que pymes lleguen a mercados del exterior y ofrecer el producto a diferentes bocas de ventas.<\/p>\n\n\n\n<div style=\"height:20px\" aria-hidden=\"true\" class=\"wp-block-spacer\"><\/div>\n\n\n\n<div class=\"wp-block-image\"><figure class=\"aligncenter\"><img decoding=\"async\" src=\"https:\/\/www.mendoza.gov.ar\/wp-content\/uploads\/sites\/5\/2022\/01\/IMG_20220118_115535_316-700x430.jpg\" alt=\"\"\/><figcaption><em><strong>Daniel Gimeno, Ariel Lucero, Enrique Vaqui\u00e9 y Alfredo Aciar<\/strong><\/em><\/figcaption><\/figure><\/div>\n\n\n\n<div style=\"height:20px\" aria-hidden=\"true\" class=\"wp-block-spacer\"><\/div>\n\n\n\n<p>Otro punto importante que se desarroll\u00f3 durante el encuentro fue el funcionamiento del Banco de Vinos. \u00ab<em>Desde San Juan nos consultaron sobre los detalles del organismo creado en Mendoza durante 2020 y que otorga mayor previsibilidad a la industria vitivin\u00edcola y toda su cadena de valo<\/em>r\u00bb, a\u00f1adi\u00f3 Vaqui\u00e9.<\/p>\n\n\n\n<p>El <strong>Banco de Vinos de Mendoza<\/strong> fue creado en el \u00e1mbito del Ministerio de Econom\u00eda y Energ\u00eda. Su objetivo es estabilizar los ciclos de precios del mercado de traslado de los productos vitivin\u00edcolas y lograr una justa distribuci\u00f3n de la renta entre todos los eslabones de la cadena productiva. Justamente, hace pocos d\u00edas se celebr\u00f3 la \u00faltima reuni\u00f3n del a\u00f1o del organismo presidido por el especialista <strong>Alfredo Aciar<\/strong> con su Consejo Asesor, en la que se concluy\u00f3 que&nbsp; el mercado est\u00e1 en equilibrio y se estableci\u00f3 una nueva reuni\u00f3n para febrero de 2022.<\/p>\n\n\n\n<p>En el encuentro entre Vaqui\u00e9 y Lucero tambi\u00e9n particip\u00f3 <strong>Daniel Gimeno,<\/strong> director de Desarrollo Econ\u00f3mico de San Juan.<\/p>\n\n\n\n<div style=\"height:20px\" aria-hidden=\"true\" class=\"wp-block-spacer\"><\/div>\n\n\n\n<p class=\"has-small-font-size\"><em><strong>Fuente: Gobierno de Mendoza<\/strong><\/em><\/p>\n\n\n\n<div style=\"height:20px\" aria-hidden=\"true\" class=\"wp-block-spacer\"><\/div>\n","protected":false},"excerpt":{"rendered":"<p>En una reciente reuni\u00f3n, los ministros de Econom\u00eda de las provincias hermanas de Mendoza y&hellip;<\/p>\n","protected":false},"author":3,"featured_media":53102,"comment_status":"open","ping_status":"open","sticky":false,"template":"","format":"standard","meta":{"footnotes":""},"categories":[14],"tags":[],"class_list":["post-52983","post","type-post","status-publish","format-standard","has-post-thumbnail","hentry","category-news"],"_links":{"self":[{"href":"https:\/\/enolife.com.ar\/es\/wp-json\/wp\/v2\/posts\/52983","targetHints":{"allow":["GET"]}}],"collection":[{"href":"https:\/\/enolife.com.ar\/es\/wp-json\/wp\/v2\/posts"}],"about":[{"href":"https:\/\/enolife.com.ar\/es\/wp-json\/wp\/v2\/types\/post"}],"author":[{"embeddable":true,"href":"https:\/\/enolife.com.ar\/es\/wp-json\/wp\/v2\/users\/3"}],"replies":[{"embeddable":true,"href":"https:\/\/enolife.com.ar\/es\/wp-json\/wp\/v2\/comments?post=52983"}],"version-history":[{"count":0,"href":"https:\/\/enolife.com.ar\/es\/wp-json\/wp\/v2\/posts\/52983\/revisions"}],"wp:featuredmedia":[{"embeddable":true,"href":"https:\/\/enolife.com.ar\/es\/wp-json\/wp\/v2\/media\/53102"}],"wp:attachment":[{"href":"https:\/\/enolife.com.ar\/es\/wp-json\/wp\/v2\/media?parent=52983"}],"wp:term":[{"taxonomy":"category","embeddable":true,"href":"https:\/\/enolife.com.ar\/es\/wp-json\/wp\/v2\/categories?post=52983"},{"taxonomy":"post_tag","embeddable":true,"href":"https:\/\/enolife.com.ar\/es\/wp-json\/wp\/v2\/tags?post=52983"}],"curies":[{"name":"wp","href":"https:\/\/api.w.org\/{rel}","templated":true}]}}