{"id":52948,"date":"2022-01-18T13:13:48","date_gmt":"2022-01-18T13:13:48","guid":{"rendered":"http:\/\/enolife.com.ar\/es\/?p=52948"},"modified":"2022-01-19T21:58:54","modified_gmt":"2022-01-19T21:58:54","slug":"inscriben-del-24-al-27-1-a-artistas-con-discapacidad-para-trabajar-en-la-fiesta-de-la-vendimia-2022","status":"publish","type":"post","link":"https:\/\/enolife.com.ar\/es\/inscriben-del-24-al-27-1-a-artistas-con-discapacidad-para-trabajar-en-la-fiesta-de-la-vendimia-2022\/","title":{"rendered":"Inscriben del 24 al 27\/1 a artistas con discapacidad para trabajar en la Fiesta de la Vendimia 2022"},"content":{"rendered":"\n<h4 class=\"wp-block-heading\"><em><strong>Las solicitudes se recibir\u00e1n a a trav\u00e9s del&nbsp;<a href=\"https:\/\/ticketsform.mendoza.gov.ar\/ticketsform\/servlet\/responderformulario?VENDIMIA_2022\">sistema Tickets<\/a>. En caso de necesitar asesor\u00eda para la inscripci\u00f3n, los interesados o sus familiares pueden solicitar un turno para asistencia personal a artistasvendimia@mendoza.gov.ar o al tel\u00e9fono (0261)3855849.<\/strong><\/em><\/h4>\n\n\n\n<div style=\"height:34px\" aria-hidden=\"true\" class=\"wp-block-spacer\"><\/div>\n\n\n<a href=\"https:\/\/instagram.com\/labelsolutions?igshid=YmMyMTA2M2Y=\" aria-label=\"Banner Palero 1700&#215;500\"><img loading=\"lazy\" decoding=\"async\" src=\"https:\/\/enolife.com.ar\/es\/wp-content\/uploads\/2021\/09\/Banner-Palero-1700x500-1.gif\" alt=\"\"  width=\"1700\" height=\"500\"   \/><\/a>\n\n\n<div style=\"height:59px\" aria-hidden=\"true\" class=\"wp-block-spacer\"><\/div>\n\n\n\n<p>La Direcci\u00f3n de Producci\u00f3n Cultural y Vendimia del Ministerio de Cultura y Turismo de Mendoza inform\u00f3 las fechas de inscripci\u00f3n de artistas con discapacidad para la <strong>Fiesta Nacional de la Vendimia 2022 \u00abMilagro del Vino Nuevo\u00bb, cuyo acto central tendr\u00e1 lugar el d\u00eda 5 de marzo pr\u00f3ximo<\/strong>.<\/p>\n\n\n\n<p>Del 24 al 27 de enero, los postulantes podr\u00e1n completar el formulario al que se deber\u00e1 acceder a trav\u00e9s del sistema Ticket, para participar como bailar\u00edn y bailarina de folclore, o actor y actriz en la Fiesta.<\/p>\n\n\n\n<div style=\"height:20px\" aria-hidden=\"true\" class=\"wp-block-spacer\"><\/div>\n\n\n\n<p class=\"has-medium-font-size\"><strong>Documentaci\u00f3n a presentar<\/strong><\/p>\n\n\n\n<p>Los postulantes deber\u00e1n ser mayores de edad (18 a\u00f1os) y presentar:<\/p>\n\n\n\n<p><strong>1.<\/strong> DNI<br><strong>2.<\/strong> Certificado \u00danico de Discapacidad vigente<br><strong>3.<\/strong> Curriculum Vitae con probanzas que avale la actividad art\u00edstica a la que se inscribe.<br><strong>4.<\/strong> Constancia de CUIL<br><strong>5.<\/strong> DNI del padre, madre o tutor, seg\u00fan corresponda.<\/p>\n\n\n\n<div style=\"height:20px\" aria-hidden=\"true\" class=\"wp-block-spacer\"><\/div>\n\n\n\n<p class=\"has-medium-font-size\"><strong>Modalidad de inscripci\u00f3n<\/strong><\/p>\n\n\n\n<p><strong>Los interesados deber\u00e1n inscribirse clikeando <a href=\"https:\/\/ticketsform.mendoza.gov.ar\/ticketsform\/servlet\/responderformulario?VENDIMIA_2022\">AQU\u00cd <\/a><\/strong><\/p>\n\n\n\n<p>En caso de necesitar asesor\u00eda para la inscripci\u00f3n, podr\u00e1n solicitar un turno escribiendo a <a href=\"mailto:artistasvendimia@mendoza.gov.ar\"><strong>artistasvendimia@mendoza.gov.ar<\/strong><\/a> o llamando al <strong>tel\u00e9fono (0261) 3855849.<\/strong><\/p>\n\n\n\n<p>La publicaci\u00f3n de los resultados de la audici\u00f3n se dar\u00e1 a conocer el lunes 7 de febrero de 2022. Podr\u00e1n consultarse por internet en el sitio oficial del Ministerio de Cultura y Turismo, o bien, personalmente, en la Sala Elina Alba, Guti\u00e9rrez 204, de Ciudad de Mendoza.<\/p>\n\n\n\n<p>Es importante resaltar que los artistas que resulten seleccionados deber\u00e1n presentar, sin excepci\u00f3n, al momento de la firma de contrato, LA CAPACIDAD JUR\u00cdDICA VIGENTE (curatela), siempre que la situaci\u00f3n personal del artista lo requiera.<\/p>\n\n\n\n<div style=\"height:20px\" aria-hidden=\"true\" class=\"wp-block-spacer\"><\/div>\n\n\n\n<p class=\"has-medium-font-size\"><strong>Audiciones<\/strong><\/p>\n\n\n\n<p>Las audiciones para <strong>actores y actrices con discapacidad se realizar\u00e1n el s\u00e1bado 29 de enero de 2022, desde las 9,<\/strong> en el Espacio Cultural Julio Le Parc. Las acreditaciones tendr\u00e1n lugar de 8.30 a 10.30. Los actores y actrices deber\u00e1n concurrir con ropa negra de ensayo y calzado deportivo (sin inscripciones, leyendas o estampas).<\/p>\n\n\n\n<p>Deber\u00e1n demostrar autonom\u00eda, capacidad de trabajo grupal y antecedentes en la actividad teatral (deber\u00e1n presentar una probanza).<\/p>\n\n\n\n<p>Se evaluar\u00e1:<br>1. Presencia esc\u00e9nica<br>2. Expresividad corporal y gestual<br>3. Nociones de ritmo y danza<br>4. Plasticidad<br>5. Capacidad de trabajo grupal.<\/p>\n\n\n\n<p>Cabe aclarar que se seleccionar\u00e1n 16 artistas en esta disciplina, sin distinci\u00f3n de sexo.<\/p>\n\n\n\n<p>En tanto, las audiciones para <strong>bailarines y bailarinas, con discapacidad, de folclore se realizar\u00e1 el domingo 30 de enero de 2022, desde las 9,<\/strong> en el Espacio Cultural Julio Le Parc. Las acreditaciones se recibir\u00e1n de 8.30 a 10.30, en el lugar.<\/p>\n\n\n\n<p>Deber\u00e1n presentarse con ropa negra de ensayo o ataviados (sin inscripciones, leyendas o estampas), botas y zapatos. Deber\u00e1n demostrar conocimiento de danzas folkl\u00f3ricas argentinas; capacidad de adaptarse a los distintos ritmos y estilos que las puestas requieran; buena interpretaci\u00f3n;&nbsp; capacidad de aprendizaje de secuencia coreogr\u00e1fica tradicional y disponibilidad para el trabajo grupal.<\/p>\n\n\n\n<p>Se evaluar\u00e1: <br>1. Presencia esc\u00e9nica<br>2. Percepci\u00f3n musical e interpretaci\u00f3n<br>3. Zarandeo y zapateo.<\/p>\n\n\n\n<p>En esta disciplina quedar\u00e1n seleccionados 24 artistas, 12 mujeres y 12 varones.<\/p>\n\n\n\n<p>Por consultas e informes sobre resultados audiciones dirigirse al \u00e1rea Art\u00edstica Vendimia Direcci\u00f3n de Producci\u00f3n Cultural y Vendimia, del Ministerio de Cultura y Turismo Gobierno de Mendoza, ubicada en calle <strong>Guti\u00e9rrez 204, Ciudad de Mendoza, de lunes a viernes, de 9 a 14.<\/strong> V\u00eda telef\u00f3nica, <strong>al (0261) 3855849<\/strong>, o a trav\u00e9s del <strong>mail&nbsp;<a href=\"mailto:artistasvendimia@mendoza.gov.ar\">artistasvendimia@mendoza.gov.ar<\/a>.<\/strong><\/p>\n\n\n\n<div style=\"height:20px\" aria-hidden=\"true\" class=\"wp-block-spacer\"><\/div>\n\n\n\n<p class=\"has-medium-font-size\"><strong>Firma del contrato<\/strong><\/p>\n\n\n\n<p>La firma del contrato de los artistas seleccionados se realizar\u00e1 el jueves 10 y el viernes 11 de febrero en la Sala Elina Alba, del Ministerio de Cultura y Turismo (Guti\u00e9rrez 204, de Ciudad de Mendoza).<\/p>\n\n\n\n<p>El cronograma establecido para firma de contratos e inicio de ensayos est\u00e1 sujeto a posibles modificaciones, de acuerdo con la situaci\u00f3n sanitaria vigente al momento de las fechas pactadas. Por favor mantenerse informado por los canales oficiales.<\/p>\n\n\n\n<div style=\"height:29px\" aria-hidden=\"true\" class=\"wp-block-spacer\"><\/div>\n\n\n\n<p class=\"has-small-font-size\"><em><strong>Fuente: Gobierno de Mendoza<\/strong><\/em><\/p>\n\n\n\n<div style=\"height:21px\" aria-hidden=\"true\" class=\"wp-block-spacer\"><\/div>\n","protected":false},"excerpt":{"rendered":"<p>Las solicitudes se recibir\u00e1n a a trav\u00e9s del&nbsp;sistema Tickets. En caso de necesitar asesor\u00eda para&hellip;<\/p>\n","protected":false},"author":3,"featured_media":52951,"comment_status":"open","ping_status":"open","sticky":false,"template":"","format":"standard","meta":{"footnotes":""},"categories":[14],"tags":[],"class_list":["post-52948","post","type-post","status-publish","format-standard","has-post-thumbnail","hentry","category-news"],"_links":{"self":[{"href":"https:\/\/enolife.com.ar\/es\/wp-json\/wp\/v2\/posts\/52948","targetHints":{"allow":["GET"]}}],"collection":[{"href":"https:\/\/enolife.com.ar\/es\/wp-json\/wp\/v2\/posts"}],"about":[{"href":"https:\/\/enolife.com.ar\/es\/wp-json\/wp\/v2\/types\/post"}],"author":[{"embeddable":true,"href":"https:\/\/enolife.com.ar\/es\/wp-json\/wp\/v2\/users\/3"}],"replies":[{"embeddable":true,"href":"https:\/\/enolife.com.ar\/es\/wp-json\/wp\/v2\/comments?post=52948"}],"version-history":[{"count":0,"href":"https:\/\/enolife.com.ar\/es\/wp-json\/wp\/v2\/posts\/52948\/revisions"}],"wp:featuredmedia":[{"embeddable":true,"href":"https:\/\/enolife.com.ar\/es\/wp-json\/wp\/v2\/media\/52951"}],"wp:attachment":[{"href":"https:\/\/enolife.com.ar\/es\/wp-json\/wp\/v2\/media?parent=52948"}],"wp:term":[{"taxonomy":"category","embeddable":true,"href":"https:\/\/enolife.com.ar\/es\/wp-json\/wp\/v2\/categories?post=52948"},{"taxonomy":"post_tag","embeddable":true,"href":"https:\/\/enolife.com.ar\/es\/wp-json\/wp\/v2\/tags?post=52948"}],"curies":[{"name":"wp","href":"https:\/\/api.w.org\/{rel}","templated":true}]}}