{"id":5291,"date":"2019-11-28T00:54:15","date_gmt":"2019-11-28T00:54:15","guid":{"rendered":"http:\/\/enolife.com.ar\/es\/?p=5291"},"modified":"2020-01-08T18:47:19","modified_gmt":"2020-01-08T18:47:19","slug":"donde-le-duele-el-dinero-a-las-empresas-analgesia-fiscal-20veinte","status":"publish","type":"post","link":"https:\/\/enolife.com.ar\/es\/donde-le-duele-el-dinero-a-las-empresas-analgesia-fiscal-20veinte\/","title":{"rendered":"\u00bfD\u00f3nde le duele el dinero a las empresas? Analgesia Fiscal 20veinte"},"content":{"rendered":"\n<h4 class=\"wp-block-heading\"><em><strong>Organizada por la Uni\u00f3n Vitivin\u00edcola Argentina junto con la FEM y los estudios Santamar\u00eda,  Perez, D\u00edaz, Santamar\u00eda y Zarco &amp; Asoc, esta capacitaci\u00f3n tiene por objeto brindar herramientas de utilidad a los empresarios mendocinos a fin de que puedan reducir sus costos fiscales ante los desaf\u00edos que plantea el escenario fiscal 20veinte. <\/strong><\/em><\/h4>\n\n\n\n<p>La t\u00e1ctica consiste en detectar <strong><em>\u201cd\u00f3nde le duele el dinero a las empresas en materia fiscal\u201d,<\/em><\/strong> efectuando el diagn\u00f3stico necesario para eliminar el mismo con las medidas tributarias de profilaxis adecuadas. <\/p>\n\n\n\n<div style=\"height:20px\" aria-hidden=\"true\" class=\"wp-block-spacer\"><\/div>\n\n\n\n<p class=\"has-medium-font-size\"><strong>Temario<\/strong><\/p>\n\n\n\n<p class=\"has-background has-very-light-gray-background-color\"><strong>Seguridad social<\/strong>:<br><br>&#8211; Ley 25.250 &#8211; Reducci\u00f3n de Contribuciones Patronales: <br>1) Devoluci\u00f3n por los per\u00edodos no prescriptos (Fallo Clement de la C\u00e1mara Federal de Apelaciones de Mendoza). <br>2) Aplicaci\u00f3n del beneficio desde el momento mismo de la presentaci\u00f3n a per\u00edodos fiscales a vencer. <br><br>&#8211; Beneficio de aplicaci\u00f3n del M\u00ednimo No Imponible de la seguridad social establecido por la Ley 27.430 <br><br>&#8211; Indemnizaciones por despido \/ Fallo Unilever apoyado en Negri y Vizotti. <br><br>&#8211; Trabajos culturales de fincas. \u00bfLleg\u00f3 la hora de ampliar la Corresponsabilidad Gremial? <\/p>\n\n\n\n<p class=\"has-background has-very-light-gray-background-color\"><strong>Impuestos Nacionales <\/strong><br><br>Los cambios que se vienen: <br>&#8211; Ajuste por inflaci\u00f3n impositivo <br>&#8211; Impuesto a la herencia e incremento de bienes personales: Fideicomiso como veh\u00edculo de planeaci\u00f3n patrimonial y fiscal con fines testamentarios  <\/p>\n\n\n\n<p class=\"has-background has-very-light-gray-background-color\"><strong>Impuestos Provinciales <\/strong><br><br>&#8211; Saldos a favor en el CM &#8211; freno y recupero<br>&#8211; Bonos de cr\u00e9dito fiscal de la Provincia de Mendoza <\/p>\n\n\n\n<p class=\"has-background has-very-light-gray-background-color\"><strong>Responsabilidad Penal de las Personas Jur\u00eddicas y de los Directivos de Empresas. Compliance Tributario<\/strong><br><br>&#8211; Planes de Cumplimiento en materia Tributaria. Medios para atenuar o excluir la responsabilidad penal de las Personas Jur\u00eddicas y Directivos de Empresas en materia de evasi\u00f3n de impuestos: <br>Impuestos Provinciales, Impuestos Nacionales, Tributos Municipales, Obligaciones de la Seguridad Social, Derecho Aduanero, Lavado de Activos <\/p>\n\n\n\n<div style=\"height:20px\" aria-hidden=\"true\" class=\"wp-block-spacer\"><\/div>\n\n\n\n<p><strong>Expositores<\/strong>: Dr. Gilberto Le\u00f3n Santamar\u00eda, Dr. Ignacio Santamar\u00eda, Cdor. Dante Pralong, Cdor Emiliano Zarco <\/p>\n\n\n\n<div style=\"height:20px\" aria-hidden=\"true\" class=\"wp-block-spacer\"><\/div>\n\n\n\n<ul class=\"wp-block-list\"><li><strong>Fecha y horario<\/strong>: Martes 03 de diciembre 2019 \u2013 09:30 hs <\/li><li><strong>Lugar<\/strong>: La Enoteca \u2013 Av. Peltier n\u00b0 611 \u2013 Ciudad de Mendoza <\/li><li><strong>Entrada Libre y Gratuita<\/strong>, s\u00f3lo con inscripci\u00f3n previa: uva2@uva-ra.com.ar Tel: 261 561 8125 <\/li><\/ul>\n","protected":false},"excerpt":{"rendered":"<p>Organizada por la Uni\u00f3n Vitivin\u00edcola Argentina junto con la FEM y los estudios Santamar\u00eda, Perez,&hellip;<\/p>\n","protected":false},"author":3,"featured_media":5293,"comment_status":"open","ping_status":"open","sticky":false,"template":"","format":"standard","meta":{"footnotes":""},"categories":[47],"tags":[],"class_list":["post-5291","post","type-post","status-publish","format-standard","has-post-thumbnail","hentry","category-agenda"],"_links":{"self":[{"href":"https:\/\/enolife.com.ar\/es\/wp-json\/wp\/v2\/posts\/5291","targetHints":{"allow":["GET"]}}],"collection":[{"href":"https:\/\/enolife.com.ar\/es\/wp-json\/wp\/v2\/posts"}],"about":[{"href":"https:\/\/enolife.com.ar\/es\/wp-json\/wp\/v2\/types\/post"}],"author":[{"embeddable":true,"href":"https:\/\/enolife.com.ar\/es\/wp-json\/wp\/v2\/users\/3"}],"replies":[{"embeddable":true,"href":"https:\/\/enolife.com.ar\/es\/wp-json\/wp\/v2\/comments?post=5291"}],"version-history":[{"count":0,"href":"https:\/\/enolife.com.ar\/es\/wp-json\/wp\/v2\/posts\/5291\/revisions"}],"wp:featuredmedia":[{"embeddable":true,"href":"https:\/\/enolife.com.ar\/es\/wp-json\/wp\/v2\/media\/5293"}],"wp:attachment":[{"href":"https:\/\/enolife.com.ar\/es\/wp-json\/wp\/v2\/media?parent=5291"}],"wp:term":[{"taxonomy":"category","embeddable":true,"href":"https:\/\/enolife.com.ar\/es\/wp-json\/wp\/v2\/categories?post=5291"},{"taxonomy":"post_tag","embeddable":true,"href":"https:\/\/enolife.com.ar\/es\/wp-json\/wp\/v2\/tags?post=5291"}],"curies":[{"name":"wp","href":"https:\/\/api.w.org\/{rel}","templated":true}]}}