{"id":5290,"date":"2019-11-29T13:35:17","date_gmt":"2019-11-29T13:35:17","guid":{"rendered":"http:\/\/enolife.com.ar\/es\/?p=5290"},"modified":"2019-12-09T17:51:35","modified_gmt":"2019-12-09T17:51:35","slug":"sinergia-francoargentina-trae-el-jazz-del-mundo-a-la-alianza-y-a-bodega-piedra-negra","status":"publish","type":"post","link":"https:\/\/enolife.com.ar\/es\/sinergia-francoargentina-trae-el-jazz-del-mundo-a-la-alianza-y-a-bodega-piedra-negra\/","title":{"rendered":"Sinergia francoargentina trae el jazz del mundo a la Alianza y a Bodega Piedra Negra"},"content":{"rendered":"\n<h4 class=\"wp-block-heading\"><em><strong>Por tercer a\u00f1o consecutivo se realizar\u00e1 en Mendoza el Divino Festival, un encuentro de m\u00fasicos \u00abviajeros e hipercreativos\u00bb de Francia y nuestro pa\u00eds, entre ellos los consagrados Magic Malik y Minino Garay. Los conciertos tendr\u00e1n lugar el viernes 6 de diciembre en la Alianza Francesa y el s\u00e1bado 7 en la Bodega Piedra Negra de Tunuy\u00e1n.<\/strong><\/em><\/h4>\n\n\n\n<div style=\"height:29px\" aria-hidden=\"true\" class=\"wp-block-spacer\"><\/div>\n\n\n\n<p>Con el apoyo del Instituto Franc\u00e9s de Argentina y la Embajada de Francia en Argentina, un heterog\u00e9neo grupo de destacados m\u00fasicos de jazz llegan a nuestra provincia de la mano del percusionista y vehemente director argentino instalado en Francia, Minino Garay. <\/p>\n\n\n\n<p>La idea, tambi\u00e9n fogoneada por la Alianza Francesa de Mendoza y la Bodega Piedra Negra de Tunuy\u00e1n, ha sido traer a Am\u00e9rica Latina a los mejores m\u00fasicos de jazz franceses que interpretan sus propias partituras, pero tambi\u00e9n, y especialmente, vincularlos a m\u00fasicos locales para tocar en sinton\u00eda. <\/p>\n\n\n\n<div style=\"height:20px\" aria-hidden=\"true\" class=\"wp-block-spacer\"><\/div>\n\n\n\n<div class=\"wp-block-image\"><figure class=\"aligncenter is-resized\"><img loading=\"lazy\" decoding=\"async\" src=\"https:\/\/enolife.com.ar\/es\/wp-content\/uploads\/2019\/11\/image-41-724x1024.png\" alt=\"\" class=\"wp-image-5371\" width=\"454\" height=\"643\" srcset=\"https:\/\/enolife.com.ar\/es\/wp-content\/uploads\/2019\/11\/image-41-724x1024.png 724w, https:\/\/enolife.com.ar\/es\/wp-content\/uploads\/2019\/11\/image-41-212x300.png 212w, https:\/\/enolife.com.ar\/es\/wp-content\/uploads\/2019\/11\/image-41-768x1086.png 768w, https:\/\/enolife.com.ar\/es\/wp-content\/uploads\/2019\/11\/image-41-585x827.png 585w, https:\/\/enolife.com.ar\/es\/wp-content\/uploads\/2019\/11\/image-41.png 842w\" sizes=\"auto, (max-width: 454px) 100vw, 454px\" \/><\/figure><\/div>\n\n\n\n<div style=\"height:20px\" aria-hidden=\"true\" class=\"wp-block-spacer\"><\/div>\n\n\n\n<p>La sinergia de estos artistas hipercreativos, viajeros y en su mayor\u00eda poli-instrumentistas, como Magic Malik, Samy Thiebault, Jonathan Grande o Manu Guerrero, dar\u00e1 lugar a una serie de conciertos y reuniones en las Mendoza, C\u00f3rdoba y Buenos Aires, creando puentes entre continentes, ritmos y estilos a trav\u00e9s de la m\u00fasica \u00e9tnica y global. Y todos nucleados por el ecl\u00e9ctico productor, compositor, int\u00e9rprete y director argentino Minino Garay, ya una celebridad en Francia.<\/p>\n\n\n\n<p>Los dos conciertos de la edici\u00f3n 2019 del <strong>Divino Festival<\/strong> (nombre en clave vitivin\u00edcola, de especial inter\u00e9s para los amantes de nuestra bebida nacional y del jazz, un glamoroso compa\u00f1ero) en Mendoza son el viernes 6 de diciembre a las 21.30 en la <strong>Alianza Francesa (Chile 1754, ciudad de Mendoza),<\/strong> con la organizaci\u00f3n de la entidad anfitriona y del Teatro Las Sillas. La entrada para la ocasi\u00f3n cuesta $400 en la taquilla y $350 adquiri\u00e9ndola por anticipado en https:\/\/www.eventbrite.com.ar<\/p>\n\n\n\n<p>El otro concierto, denominado <strong>\u00abJazz n&#8217;Chacayes\u00bb,<\/strong> es al d\u00eda siguiente, el s\u00e1bado 7\/12, de 19 a 23 en <strong>Bodega Piedra Negra de Tunuy\u00e1n<\/strong>. All\u00ed, sobre un escenario montado sobre los vi\u00f1edos de la bodega, con una vista panor\u00e1mica a la cordillera, se presentar\u00e1 el combo franco-argentino. Tambi\u00e9n habr\u00e1 cata de vino de la Indicaci\u00f3n Geogr\u00e1fica (IG) Los Chacayes . En este caso, la entrada cuesta $1.000 y puede adquirirse tambi\u00e9n por https:\/\/www.eventbrite.com.ar\/e\/jazz-n-chacayes-festival-divino-tickets80278341681. Los interesados pueden averiguar en la propia bodega, en la Alianza Francesa y en hoteles del Valle de Uco, donde han preparado un combo con la entrada y una noche de alojamiento a precios m\u00f3dicos.<\/p>\n\n\n\n<div style=\"height:20px\" aria-hidden=\"true\" class=\"wp-block-spacer\"><\/div>\n\n\n\n<div class=\"wp-block-image\"><figure class=\"aligncenter is-resized\"><img loading=\"lazy\" decoding=\"async\" src=\"https:\/\/enolife.com.ar\/es\/wp-content\/uploads\/2019\/11\/piedra-negra-1024x768.jpg\" alt=\"\" class=\"wp-image-5366\" width=\"511\" height=\"383\" srcset=\"https:\/\/enolife.com.ar\/es\/wp-content\/uploads\/2019\/11\/piedra-negra-1024x768.jpg 1024w, https:\/\/enolife.com.ar\/es\/wp-content\/uploads\/2019\/11\/piedra-negra-300x225.jpg 300w, https:\/\/enolife.com.ar\/es\/wp-content\/uploads\/2019\/11\/piedra-negra-768x576.jpg 768w, https:\/\/enolife.com.ar\/es\/wp-content\/uploads\/2019\/11\/piedra-negra-1170x878.jpg 1170w, https:\/\/enolife.com.ar\/es\/wp-content\/uploads\/2019\/11\/piedra-negra-585x439.jpg 585w\" sizes=\"auto, (max-width: 511px) 100vw, 511px\" \/><figcaption><strong><em>Bodega Piedra Negra vuelve a montar su escenario entre las vi\u00f1as, como ya lo hizo durante el ciclo M\u00fasica Cl\u00e1sica por los Caminos del Vino.<\/em><\/strong><\/figcaption><\/figure><\/div>\n\n\n\n<div style=\"height:20px\" aria-hidden=\"true\" class=\"wp-block-spacer\"><\/div>\n\n\n\n<p class=\"has-medium-font-size\"><strong>Los m\u00fasicos en escena<\/strong><\/p>\n\n\n\n<div style=\"height:20px\" aria-hidden=\"true\" class=\"wp-block-spacer\"><\/div>\n\n\n\n<p><strong>Manu Codjia.<\/strong> Antes de convertirse en un guitarrista y compositor muy solicitado por su capacidad para adaptarse a mundos musicales muy diversos (con Daniel Humair, Erik Truffaz, Henri Texier, Elisabeth Kontomanou, Sylvain Beuf o Gr\u00e9gory Privat ), Manu Codjia tom\u00f3 clases de piano con abuela, estudi\u00f3 guitarra cl\u00e1sica en la Escuela de M\u00fasica de Chaumont y en el Conservatorio de Par\u00eds. Grab\u00f3 y compuso en 2006 su primer \u00e1lbum \u201cSonglines\u201d para el sello Bee Jazz, junto a Daniel Humair y Fran\u00e7ois Moutin. Fund\u00f3 su tr\u00edo con J\u00e9r\u00f4me Regard en contrabajo y Philippe Garc\u00eda en la bater\u00eda, con quienes grab\u00f3 su segundo CD \u201cManu Codjia\u201d en 2008. M\u00e1s tarde, en 2010, acompa\u00f1ado por el trompetista Geoffroy Tamisier y el trombonista Gueorgui Kornazov, cre\u00f3 \u201cCovers\u201d, un grupo dedicado a las versiones de canciones pop (Bob Marley y Michael Jackson, entre otros..) que ser\u00e1n recompensados al obtener los premios BMW 2015.<\/p>\n\n\n\n<div style=\"height:20px\" aria-hidden=\"true\" class=\"wp-block-spacer\"><\/div>\n\n\n\n<p><strong>Samy Thi\u00e9bault.<\/strong> Este saxofonista y flautista, ya conocido en toda Europa y Am\u00e9rica Latina, en sus \u00abHistorias del Caribe\u00bb nos cuenta la supervivencia de los esclavos africanos, de los europeos degradados, de los nativos americanos torturados y de los viajeros de raza mixta. Nacido en Costa de Marfil, de padre franc\u00e9s y madre marroqu\u00ed, Samy ha girado en torno a la idea meztiza del Caribe, hasta que la realidad musical del mundo criollo lo golpe\u00f3 en Venezuela. Un viaje al Caribe que le da a estas m\u00fasicas su humilde nobleza y su verdad. <br><\/p>\n\n\n\n<div style=\"height:20px\" aria-hidden=\"true\" class=\"wp-block-spacer\"><\/div>\n\n\n\n<p><strong>Manu Guerrero<\/strong>. Pianista de origen peruano y nacido en Francia, estuvo inmerso toda su vida en un entorno cosmopolita. Procedente del estilo cl\u00e1sico, sintoniza cerca del jazz y se refina gradualmente como un hilo explosivo y po\u00e9tico entre el altiplano y la calle 52 de Nueva York. Despu\u00e9s de haber acompa\u00f1ado durante mucho tiempo la \u00faltima canci\u00f3n francesa (Celine Dion, Goldman o Sardou), hizo su propio \u00e1lbum en 2018 con Samy Thiebaut, Minino Garay y Felipe Cabrera.<br> <\/p>\n\n\n\n<div style=\"height:20px\" aria-hidden=\"true\" class=\"wp-block-spacer\"><\/div>\n\n\n\n<p><strong>Jonathan Grande.<\/strong> Este bajista y percusionista, oriundo de Espa\u00f1a, se sumergi\u00f3 desde temprana edad en un universo musical muy variado: guitarra flamenca, percusi\u00f3n latina, jazz y la m\u00fasica soul rock de su primera infancia. A los 6 a\u00f1os comenz\u00f3 a tocar el piano cl\u00e1sico en el conservatorio y pronto se sinti\u00f3 atra\u00eddo por la percusi\u00f3n. Sus primeros experimentos fueron en batucadas con amigos caribe\u00f1os y sudamericanos de Par\u00eds. Adem\u00e1s de sus temas propios, interpreta temas de Paco De Luc\u00eda, Paolo Conte, Miguel Anga Diaz, Carles Benavent, Steve Coleman, Carlos Santana, Miles Davis, Jobim, Gilberto Gil y Minino Garay<br><\/p>\n\n\n\n<div style=\"height:20px\" aria-hidden=\"true\" class=\"wp-block-spacer\"><\/div>\n\n\n\n<p><strong>Oscar Giunta.<\/strong> El cr\u00e9dito mendocino. Compositor, baterista y docente, comenz\u00f3 a tocar a 2 a\u00f1os y debut\u00f3 profesionalmente en el Canal 11 Telef\u00e9 de Buenos Aires \u00a1a los 7 a\u00f1os!). En esa \u00e9poca era presentado en los programas en vivo como \u201cni\u00f1o prodigio\u201d. En paralelo, realiza sus primeras y muy tempranas presentaciones como m\u00fasico de jazz, junto a m\u00fasicos como el saxofonista Andr\u00e9s Boiarsky (Dizzy Gillespie, James Moody, Lionel Hampton). Su formaci\u00f3n musical acad\u00e9mica tiene lugar exclusivamente en los barrios porte\u00f1os de Constituci\u00f3n y La Paternal, bajo la tutela de los maestros Roberto \u201cJunior\u201d Cesari (bater\u00eda) y Pablo La Porta (percusi\u00f3n sinf\u00f3nica, cursada en el Instituto Nacional de M\u00fasica Juan Pedro Esnaola, instituci\u00f3n en la que tambi\u00e9n estudia piano cl\u00e1sico, audioperceptiva y teor\u00eda musical).<\/p>\n\n\n\n<div style=\"height:20px\" aria-hidden=\"true\" class=\"wp-block-spacer\"><\/div>\n\n\n\n<figure><iframe loading=\"lazy\" width=\"850\" height=\"315\" src=\"https:\/\/www.youtube.com\/embed\/qdYjOzgfDm8\" allowfullscreen=\"\"><\/iframe><\/figure>\n\n\n\n<div style=\"height:20px\" aria-hidden=\"true\" class=\"wp-block-spacer\"><\/div>\n\n\n\n<p><strong>Magic Malik.<\/strong> As\u00ed se presenta este flautista y cantautor: \u201cDesde muy peque\u00f1o, mi flauta es un refugio, es un contacto con esta parte de donde vengo que no tiene nada que ver con mi nacimiento en Costa de Marfil o mi infancia en Guadalupe. Es una parte no tangible, ligada al misterio\u00bb. A lo largo de su carrera, Malik se ha ganado una reputaci\u00f3n de artista virtuoso, con sorprendentes vuelos l\u00edricos. Magic Malik, cuyo verdadero nombre Malik Mezzadri, ha participado en numerosos proyectos musicales, como l\u00edder o como m\u00fasico: la Magic Malik Orchestra, Groove Gang o Jazz Association Quintet. Tambi\u00e9n se ha aventurado m\u00e1s all\u00e1 de las fronteras del jazz con colaboraciones con artistas como -M-, Camille, Laurent Garnier, Hocus Pocus y Air.<br><\/p>\n\n\n\n<div style=\"height:20px\" aria-hidden=\"true\" class=\"wp-block-spacer\"><\/div>\n\n\n\n<p><strong>Minino Garay. <\/strong>Naci\u00f3 en C\u00f3rdoba en 1965, pero desde hace m\u00e1s de 25 a\u00f1os reside en Francia, donde ha difundido los ritmos de su regi\u00f3n natal, fusionados con otros del continente africano. El camino del percusionista emigrado desde C\u00f3rdoba a Buenos Aires, y luego de all\u00ed hacia Par\u00eds, es un itinerario ins\u00f3lito, como el script de una pel\u00edcula de aventuras y, sin duda, con una progresi\u00f3n art\u00edstica continua. Un camino inventado por Garay mismo, sembrado de inconvenientes y de logros. <br><\/p>\n\n\n\n<div style=\"height:20px\" aria-hidden=\"true\" class=\"wp-block-spacer\"><\/div>\n\n\n\n<figure><iframe loading=\"lazy\" width=\"850\" height=\"315\" src=\"https:\/\/www.youtube.com\/embed\/TNA8CzNsmn4\" allowfullscreen=\"\"><\/iframe><\/figure>\n\n\n\n<div style=\"height:20px\" aria-hidden=\"true\" class=\"wp-block-spacer\"><\/div>\n\n\n\n<p><strong>Emmanuelle Honorin. <\/strong>Esta antrop\u00f3loga de formaci\u00f3n, autora de originales proyectos en el campo de la m\u00fasica global, realizar\u00e1 la presentaci\u00f3n testimonial y audiovisual de los conciertos. Sus diversas producciones (libros, espect\u00e1culos, pel\u00edculas) y trabajos de campo en Marruecos, Hait\u00ed, Cuba y Argentina, le han permitido dar a conocer varios artistas y estilos musicales originales al p\u00fablico europeo. Despu\u00e9s de haber estado a cargo de proyectos en la Casa de las Culturas del Mundo, haber trabajado para M\u00e9gamix (tv- Arte), fue responsable durante 15 a\u00f1os de la secci\u00f3n de m\u00fasica a la revista de viaje GEO. Ahora y desde 2008, dirige Geomuse, una asociaci\u00f3n cultural que se dedica a la producci\u00f3n, transmisi\u00f3n y programaci\u00f3n. Apasionada por el tango, escribi\u00f3 \u00abPiazzolla, el tango del exceso\u00bb en 2011. Y en 2015 coescribi\u00f3 el Diccionario Apasionado del Tango. Comparti\u00f3 su pasi\u00f3n al ofrecer \u00abLa Contradanza\u00bb, un programa de bailes y ferias musicales dedicadas al tango en La Bellevilloise en Par\u00eds. Tambi\u00e9n es miembro de la Comisi\u00f3n Mundial de M\u00fasica de la Academia Charles-Cros desde 2014.<\/p>\n","protected":false},"excerpt":{"rendered":"<p>Por tercer a\u00f1o consecutivo se realizar\u00e1 en Mendoza el Divino Festival, un encuentro de m\u00fasicos&hellip;<\/p>\n","protected":false},"author":3,"featured_media":5355,"comment_status":"open","ping_status":"open","sticky":false,"template":"","format":"standard","meta":{"footnotes":""},"categories":[34],"tags":[],"class_list":["post-5290","post","type-post","status-publish","format-standard","has-post-thumbnail","hentry","category-cultura1"],"_links":{"self":[{"href":"https:\/\/enolife.com.ar\/es\/wp-json\/wp\/v2\/posts\/5290","targetHints":{"allow":["GET"]}}],"collection":[{"href":"https:\/\/enolife.com.ar\/es\/wp-json\/wp\/v2\/posts"}],"about":[{"href":"https:\/\/enolife.com.ar\/es\/wp-json\/wp\/v2\/types\/post"}],"author":[{"embeddable":true,"href":"https:\/\/enolife.com.ar\/es\/wp-json\/wp\/v2\/users\/3"}],"replies":[{"embeddable":true,"href":"https:\/\/enolife.com.ar\/es\/wp-json\/wp\/v2\/comments?post=5290"}],"version-history":[{"count":0,"href":"https:\/\/enolife.com.ar\/es\/wp-json\/wp\/v2\/posts\/5290\/revisions"}],"wp:featuredmedia":[{"embeddable":true,"href":"https:\/\/enolife.com.ar\/es\/wp-json\/wp\/v2\/media\/5355"}],"wp:attachment":[{"href":"https:\/\/enolife.com.ar\/es\/wp-json\/wp\/v2\/media?parent=5290"}],"wp:term":[{"taxonomy":"category","embeddable":true,"href":"https:\/\/enolife.com.ar\/es\/wp-json\/wp\/v2\/categories?post=5290"},{"taxonomy":"post_tag","embeddable":true,"href":"https:\/\/enolife.com.ar\/es\/wp-json\/wp\/v2\/tags?post=5290"}],"curies":[{"name":"wp","href":"https:\/\/api.w.org\/{rel}","templated":true}]}}