{"id":52885,"date":"2022-01-17T15:52:52","date_gmt":"2022-01-17T15:52:52","guid":{"rendered":"http:\/\/enolife.com.ar\/es\/?p=52885"},"modified":"2022-01-19T16:05:10","modified_gmt":"2022-01-19T16:05:10","slug":"yoga-meditacion-bano-de-gong-gastronomia-y-vino-en-terrazas-de-los-andes","status":"publish","type":"post","link":"https:\/\/enolife.com.ar\/es\/yoga-meditacion-bano-de-gong-gastronomia-y-vino-en-terrazas-de-los-andes\/","title":{"rendered":"Yoga, meditaci\u00f3n, ba\u00f1o de gong, gastronom\u00eda y vino en Terrazas de los Andes"},"content":{"rendered":"\n<h4 class=\"wp-block-heading\"><em><strong>El s\u00e1bado 22 de enero desde las 10 hs, el ya tradicional ciclo Yoga por los Caminos del Vino realizar\u00e1 un nuevo encuentro en Bodega Terrazas de los Andes. Los interesados en elevar su esp\u00edritu con una pr\u00e1ctica saludable y luego disfrutar la propuesta gastron\u00f3mica del brunch pueden contactarse y reservar su plaza llamando al <strong>+5492615085438. <\/strong>En esta oportunidad se suma un antiguo ritual de meditaci\u00f3n con cuencos y gong. <\/strong><\/em><\/h4>\n\n\n\n<div style=\"height:20px\" aria-hidden=\"true\" class=\"wp-block-spacer\"><\/div>\n\n\n<a href=\"https:\/\/www.instagram.com\/vinventions.sudamerica\/\" aria-label=\"Banner_Subr_1700x500\"><img loading=\"lazy\" decoding=\"async\" src=\"https:\/\/enolife.com.ar\/es\/wp-content\/uploads\/2019\/07\/Banner_Subr_1700x500.gif\" alt=\"\"  width=\"1700\" height=\"501\"   \/><\/a>\n\n\n<div style=\"height:44px\" aria-hidden=\"true\" class=\"wp-block-spacer\"><\/div>\n\n\n\n<p>Yoga por los Caminos del Vino es una propuesta de bienestar que acerca la pr\u00e1ctica del yoga al mundo vitivin\u00edcola, y vincula al vino con el concepto de salud. Mediante la asociaci\u00f3n de ambos universos: \u00abYoga\u00bb y \u00abVino\u00bb, se brinda una alternativa cultural, tur\u00edstica, espiritual, deportiva y social.<\/p>\n\n\n\n<p>A trav\u00e9s de esta propuesta, seg\u00fan explica su creadora, <strong>Alejandra Navarr\u00eda<\/strong>, \u00abc<em>omulgamos y promovemos la idea de vivir con mayor conciencia de uno mismo, de la energ\u00eda y de la conexi\u00f3n con el entorno, vinculando a quienes intervengan a trav\u00e9s de los placeres de la vida. Nacimos en Mendoza, amamos su paisaje, su terru\u00f1o y nos hace muy feliz compartirlo con una pr\u00e1ctica que eleva el esp\u00edritu\u00bb.<\/em><\/p>\n\n\n\n<p>Para este s\u00e1bado 22\/1, el escenario ser\u00e1 la Bodega Terrazas de Los Andes, ubicada en Thames y Cochabamba de Luj\u00e1n de Cuyo, Mendoza.<\/p>\n\n\n\n<div style=\"height:20px\" aria-hidden=\"true\" class=\"wp-block-spacer\"><\/div>\n\n\n\n<div class=\"wp-block-image\"><figure class=\"aligncenter size-large is-resized\"><img loading=\"lazy\" decoding=\"async\" src=\"https:\/\/enolife.com.ar\/es\/wp-content\/uploads\/2022\/01\/Imagen1-4.jpg\" alt=\"\" class=\"wp-image-52915\" width=\"565\" height=\"565\" srcset=\"https:\/\/enolife.com.ar\/es\/wp-content\/uploads\/2022\/01\/Imagen1-4.jpg 720w, https:\/\/enolife.com.ar\/es\/wp-content\/uploads\/2022\/01\/Imagen1-4-300x300.jpg 300w, https:\/\/enolife.com.ar\/es\/wp-content\/uploads\/2022\/01\/Imagen1-4-150x150.jpg 150w, https:\/\/enolife.com.ar\/es\/wp-content\/uploads\/2022\/01\/Imagen1-4-585x585.jpg 585w\" sizes=\"auto, (max-width: 565px) 100vw, 565px\" \/><\/figure><\/div>\n\n\n\n<div style=\"height:20px\" aria-hidden=\"true\" class=\"wp-block-spacer\"><\/div>\n\n\n\n<p><strong>La jornada consistir\u00e1 en:<\/strong><\/p>\n\n\n\n<p>10 hs: Clase de yoga y meditaci\u00f3n con cuencos y Gong.<br>11.15 hs: Brindis y  brunch:<\/p>\n\n\n\n<ul class=\"wp-block-list\"><li>S\u00e1ndwich de salm\u00f3n ahumado.<\/li><li>Crema \u00e1cida y verdes. <\/li><li>Medialuna con jam\u00f3n y queso. <\/li><li>Ensalada de frutas. <\/li><li>Cookies de avena y pasas. <\/li><li>Devils cake. <\/li><li>Copa de vino Terrazas Reserva. <\/li><li>Caf\u00e9 Nespresso o t\u00e9 y aguas saborizadas naturales.<\/li><\/ul>\n\n\n\n<p class=\"has-background has-very-light-gray-background-color\"><strong>Inscripci\u00f3n y reserva previa al  +54 9 261 508 5438.<\/strong><br>Descuentos especiales por grupos de 4 o m\u00e1s personas.<\/p>\n\n\n\n<div style=\"height:20px\" aria-hidden=\"true\" class=\"wp-block-spacer\"><\/div>\n\n\n\n<p class=\"has-medium-font-size\"><strong>Sobre el gong<\/strong><\/p>\n\n\n\n<p>La curaci\u00f3n a trav\u00e9s del sonido es una de las formas m\u00e1s antiguas de sanaci\u00f3n utilizadas por el ser humano. Se utilizaba en las civilizaciones antiguas de China, Egipto, Grecia e India. Los \u00abba\u00f1os de sonido\u00bb han evolucionado a partir de este conocimiento y pr\u00e1ctica hacia una amplia variedad de t\u00e9cnicas y terapias, una de las cuales incorpora el gong como instrumento de producci\u00f3n de tonos y vibraci\u00f3n.<\/p>\n\n\n\n<p>Las frecuencias de sonido pueden afectarnos a nivel celular, ya que influyen en c\u00f3mo nos sentimos y funcionamos. Las pr\u00e1cticas de sanaci\u00f3n mediante el sonido como un \u00abba\u00f1o de gong\u00bb utilizan la vibraci\u00f3n y la frecuencia para ayudar a reducir el estr\u00e9s, alterar la conciencia y crear una profunda sensaci\u00f3n de paz y bienestar para una mejor salud.<\/p>\n\n\n\n<div style=\"height:20px\" aria-hidden=\"true\" class=\"wp-block-spacer\"><\/div>\n\n\n\n<div class=\"wp-block-image\"><figure class=\"aligncenter\"><img decoding=\"async\" src=\"https:\/\/musiki.org.ar\/images\/4\/44\/Terapiagong1.jpg\" alt=\"Gong Sinf\u00f3nico - musiki\"\/><\/figure><\/div>\n\n\n\n<div style=\"height:20px\" aria-hidden=\"true\" class=\"wp-block-spacer\"><\/div>\n\n\n\n<p>Seg\u00fan explican sus mentores, mediante la entrega a estas frecuencias de sonido en un \u00abba\u00f1o de gong\u00bb en vivo \u00abse estimula la actividad celular del sistema nervioso, con efectos terap\u00e9uticos: relajaci\u00f3n profunda, concentraci\u00f3n, calma, recuperaci\u00f3n de la energ\u00eda y alivio de la ansiedad y el estr\u00e9s\u00bb.<\/p>\n\n\n\n<p>Tambi\u00e9n detallan los expertos en esta actividad que \u00ablas vibraciones sonoras emitidas por el gong act\u00faan despejando los canales de transporte dentro de la c\u00e9lula, facilitando el movimiento de la energ\u00eda a trav\u00e9s de la membrana celular. Un ba\u00f1o de gong es una excelente oportunidad para parar, centrarse en la respiraci\u00f3n, y reequilibrar el sistema nervioso. A medida que relajamos nuestro sistema nervioso la presi\u00f3n arterial y las hormonas de estr\u00e9s disminuyen, permitiendo que el sistema inmunol\u00f3gico funcione m\u00e1s eficientemente\u00bb.<\/p>\n\n\n\n<div style=\"height:20px\" aria-hidden=\"true\" class=\"wp-block-spacer\"><\/div>\n\n\n\n<p class=\"has-small-font-size\"><em><strong>Fuentes: Programa Yoga por los Caminos del Vino y www.gong.yoga<\/strong><\/em><\/p>\n","protected":false},"excerpt":{"rendered":"<p>El s\u00e1bado 22 de enero desde las 10 hs, el ya tradicional ciclo Yoga por&hellip;<\/p>\n","protected":false},"author":3,"featured_media":52926,"comment_status":"open","ping_status":"open","sticky":false,"template":"","format":"standard","meta":{"footnotes":""},"categories":[11],"tags":[],"class_list":["post-52885","post","type-post","status-publish","format-standard","has-post-thumbnail","hentry","category-enoturismo"],"_links":{"self":[{"href":"https:\/\/enolife.com.ar\/es\/wp-json\/wp\/v2\/posts\/52885","targetHints":{"allow":["GET"]}}],"collection":[{"href":"https:\/\/enolife.com.ar\/es\/wp-json\/wp\/v2\/posts"}],"about":[{"href":"https:\/\/enolife.com.ar\/es\/wp-json\/wp\/v2\/types\/post"}],"author":[{"embeddable":true,"href":"https:\/\/enolife.com.ar\/es\/wp-json\/wp\/v2\/users\/3"}],"replies":[{"embeddable":true,"href":"https:\/\/enolife.com.ar\/es\/wp-json\/wp\/v2\/comments?post=52885"}],"version-history":[{"count":0,"href":"https:\/\/enolife.com.ar\/es\/wp-json\/wp\/v2\/posts\/52885\/revisions"}],"wp:featuredmedia":[{"embeddable":true,"href":"https:\/\/enolife.com.ar\/es\/wp-json\/wp\/v2\/media\/52926"}],"wp:attachment":[{"href":"https:\/\/enolife.com.ar\/es\/wp-json\/wp\/v2\/media?parent=52885"}],"wp:term":[{"taxonomy":"category","embeddable":true,"href":"https:\/\/enolife.com.ar\/es\/wp-json\/wp\/v2\/categories?post=52885"},{"taxonomy":"post_tag","embeddable":true,"href":"https:\/\/enolife.com.ar\/es\/wp-json\/wp\/v2\/tags?post=52885"}],"curies":[{"name":"wp","href":"https:\/\/api.w.org\/{rel}","templated":true}]}}