{"id":52834,"date":"2022-01-15T02:08:06","date_gmt":"2022-01-15T02:08:06","guid":{"rendered":"http:\/\/enolife.com.ar\/es\/?p=52834"},"modified":"2022-01-18T00:18:08","modified_gmt":"2022-01-18T00:18:08","slug":"con-catas-desde-la-antartida-y-el-amazonas-el-vino-apoya-la-lucha-contra-el-cambio-climatico","status":"publish","type":"post","link":"https:\/\/enolife.com.ar\/es\/con-catas-desde-la-antartida-y-el-amazonas-el-vino-apoya-la-lucha-contra-el-cambio-climatico\/","title":{"rendered":"Con catas desde la Ant\u00e1rtida y el Amazonas, el vino apoya la lucha contra el cambio clim\u00e1tico"},"content":{"rendered":"\n<h4 class=\"wp-block-heading\"><em><strong>Los organizadores de Green Wine Future 2022, la cumbre global m\u00e1s importante sobre sostenibilidad y cambio clim\u00e1tico para el sector vitivin\u00edcola, anunciaron que en la pr\u00f3xima reuni\u00f3n del 23 al 26 de mayo de 2022 se incorporar\u00e1 el programa \u00abWine for the Planet\u00bb (W4P), que muestra c\u00f3mo la industria del vino puede cuidar el planeta con acciones sustentables, menor huella de carbono y menor emisi\u00f3n de gases contaminantes.<\/strong><\/em><\/h4>\n\n\n\n<div style=\"height:30px\" aria-hidden=\"true\" class=\"wp-block-spacer\"><\/div>\n\n\n\n\n\n<div style=\"height:40px\" aria-hidden=\"true\" class=\"wp-block-spacer\"><\/div>\n\n\n\n<p>El programa <strong>\u00abWine for the Planet\u00bb (W4P)<\/strong> mostrar\u00e1 el trabajo de la industria del vino para intentar proteger las \u00e1reas de la Tierra m\u00e1s sensibles a la crisis clim\u00e1tica, que incluyen:<\/p>\n\n\n\n<ul class=\"wp-block-list\"><li>Ant\u00e1rtida, Groenlandia, el \u00c1rtico<\/li><li>Arrecifes de coral en diferentes partes de nuestro planeta<\/li><li>El Amazonas y otras selvas tropicales<\/li><li>Pa\u00edses que ya sufren escasez de agua e inundaciones<\/li><\/ul>\n\n\n\n<p>W4P se basa en documentales que ser\u00e1n grabados y presentados por <strong>Pancho Campo<\/strong> -uno de los creadores del evento <strong>Green Wine Future<\/strong>&#8211; y su equipo en las regiones antes mencionadas y que se transmitir\u00e1n durante los descansos de la cumbre por streaming, gratuitamente y abierto a todo el p\u00fablico, a trav\u00e9s de <strong>Facebook, YouTube e Instagram.<\/strong> <\/p>\n\n\n\n<p>La acci\u00f3n m\u00e1s llamativa de este programa es que se llevar\u00e1n a cabo catas de vino desde regiones tan sensibles como Groenlandia, glaciares de Islandia o el Amazonas, para mostrar el apoyo del sector vin\u00edcola.<\/p>\n\n\n\n<div style=\"height:20px\" aria-hidden=\"true\" class=\"wp-block-spacer\"><\/div>\n\n\n\n<figure class=\"wp-block-embed-youtube aligncenter wp-block-embed is-type-video is-provider-youtube wp-embed-aspect-16-9 wp-has-aspect-ratio\"><div class=\"wp-block-embed__wrapper\">\n<iframe loading=\"lazy\" title=\"Wine 4 Planet (Spanish)\" width=\"1170\" height=\"658\" src=\"https:\/\/www.youtube.com\/embed\/bxLeP4mKAXM?feature=oembed\" frameborder=\"0\" allow=\"accelerometer; autoplay; clipboard-write; encrypted-media; gyroscope; picture-in-picture\" allowfullscreen><\/iframe>\n<\/div><\/figure>\n\n\n\n<div style=\"height:20px\" aria-hidden=\"true\" class=\"wp-block-spacer\"><\/div>\n\n\n\n<p>Los objetivos de \u00abWine for the Planet\u00bb son los siguientes:<\/p>\n\n\n\n<ul class=\"wp-block-list\"><li>Mostrar porqu\u00e9 es de vital importancia proteger estas \u00e1reas tan sensibles de nuestro&nbsp;planeta al cambio clim\u00e1tico<\/li><li>Demostrar a la audiencia que todos estamos interconectados, sin importar en qu\u00e9 parte&nbsp;de planeta estemos.<\/li><li>Hacer hincapi\u00e9 en el hecho de que todas las industrias deben cuidar y proteger estas&nbsp;\u00e1reas, incluso si no tienen una relaci\u00f3n directa con su actividad profesional.<\/li><\/ul>\n\n\n\n<p><em>\u00abNuestra primera expedici\u00f3n nos llevar\u00e1 a Groenlandia, Islandia, el \u00c1rtico y la Ant\u00e1rtida, donde grabaremos im\u00e1genes del impacto del cambio clim\u00e1tico en los Inuit y la econom\u00eda local, pero tambi\u00e9n haremos una cata de vinos interesantes como un gesto de la industria del vino para proteger estas zonas extremas pero muy sensibles<\/em>\u00ab, cont\u00f3 Pancho Campo.<\/p>\n\n\n\n<div style=\"height:20px\" aria-hidden=\"true\" class=\"wp-block-spacer\"><\/div>\n\n\n\n<h4 class=\"has-vivid-red-color has-text-color wp-block-heading\">Los lectores de Enolife interesados en participar de la cumbre global Green Wine Future puede inscribirse con un descuento del 5%, a trav\u00e9s del siguiente link: <a href=\"https:\/\/es.greenwinefuture.com\/shop\">https:\/\/es.greenwinefuture.com\/shop<\/a>, una vez adentro del carrito de compra aplicar el c\u00f3digo promocional: ENOLIFE5<\/h4>\n\n\n\n<div style=\"height:20px\" aria-hidden=\"true\" class=\"wp-block-spacer\"><\/div>\n\n\n\n<p>Green Wine Future cuenta ya con m\u00e1s de 60 conferenciantes del m\u00e1s alto nivel representando a todo el sector vitivin\u00edcola; tambi\u00e9n cient\u00edficos y expertos, as\u00ed como celebridades, quienes participar\u00e1n de una forma totalmente novedosa aportando conexiones en directo desde vi\u00f1edos y bodegas, grabaciones en video de los temas que van a tratar y con documentales realizados especialmente para la ocasi\u00f3n.<\/p>\n\n\n\n<div style=\"height:46px\" aria-hidden=\"true\" class=\"wp-block-spacer\"><\/div>\n\n\n\n<div style=\"height:26px\" aria-hidden=\"true\" class=\"wp-block-spacer\"><\/div>\n\n\n\n<p><\/p>\n","protected":false},"excerpt":{"rendered":"<p>Los organizadores de Green Wine Future 2022, la cumbre global m\u00e1s importante sobre sostenibilidad y&hellip;<\/p>\n","protected":false},"author":3,"featured_media":52847,"comment_status":"open","ping_status":"open","sticky":false,"template":"","format":"standard","meta":{"footnotes":""},"categories":[14],"tags":[],"class_list":["post-52834","post","type-post","status-publish","format-standard","has-post-thumbnail","hentry","category-news"],"_links":{"self":[{"href":"https:\/\/enolife.com.ar\/es\/wp-json\/wp\/v2\/posts\/52834","targetHints":{"allow":["GET"]}}],"collection":[{"href":"https:\/\/enolife.com.ar\/es\/wp-json\/wp\/v2\/posts"}],"about":[{"href":"https:\/\/enolife.com.ar\/es\/wp-json\/wp\/v2\/types\/post"}],"author":[{"embeddable":true,"href":"https:\/\/enolife.com.ar\/es\/wp-json\/wp\/v2\/users\/3"}],"replies":[{"embeddable":true,"href":"https:\/\/enolife.com.ar\/es\/wp-json\/wp\/v2\/comments?post=52834"}],"version-history":[{"count":0,"href":"https:\/\/enolife.com.ar\/es\/wp-json\/wp\/v2\/posts\/52834\/revisions"}],"wp:featuredmedia":[{"embeddable":true,"href":"https:\/\/enolife.com.ar\/es\/wp-json\/wp\/v2\/media\/52847"}],"wp:attachment":[{"href":"https:\/\/enolife.com.ar\/es\/wp-json\/wp\/v2\/media?parent=52834"}],"wp:term":[{"taxonomy":"category","embeddable":true,"href":"https:\/\/enolife.com.ar\/es\/wp-json\/wp\/v2\/categories?post=52834"},{"taxonomy":"post_tag","embeddable":true,"href":"https:\/\/enolife.com.ar\/es\/wp-json\/wp\/v2\/tags?post=52834"}],"curies":[{"name":"wp","href":"https:\/\/api.w.org\/{rel}","templated":true}]}}