{"id":52722,"date":"2022-01-12T18:40:08","date_gmt":"2022-01-12T18:40:08","guid":{"rendered":"http:\/\/enolife.com.ar\/es\/?p=52722"},"modified":"2022-01-13T17:41:24","modified_gmt":"2022-01-13T17:41:24","slug":"acovi-pide-hacer-el-trasvase-de-agua-del-rio-grande-al-atuel-en-lugar-del-dique-portezuelo-del-viento","status":"publish","type":"post","link":"https:\/\/enolife.com.ar\/es\/acovi-pide-hacer-el-trasvase-de-agua-del-rio-grande-al-atuel-en-lugar-del-dique-portezuelo-del-viento\/","title":{"rendered":"Acovi pide hacer el trasvase de agua del r\u00edo Grande al Atuel en lugar del dique Portezuelo del Viento"},"content":{"rendered":"\n<h4 class=\"wp-block-heading\"><em><strong>Tras el anuncio a fines de diciembre del gobernador de Mendoza, Rodolfo Su\u00e1rez, de que analiza&nbsp;no avanzar en la construcci\u00f3n de la tan mentada represa en el sur de la provincia&nbsp;y, en cambio, destinar los fondos asignados por la Naci\u00f3n para esa obra a otras obras h\u00eddricas, la Asociaci\u00f3n de Cooperativas Vitivin\u00edcolas (Acovi) se sum\u00f3 a otras entidades con un pedido concreto de cancelar esa importante obra \u00abtal como est\u00e1 planteada\u00bb y, en cambio, concretar la tambi\u00e9n antigua idea del trasvase del Grande al Atuel para irrigar mejor zonas de los departamentos de Malarg\u00fce, San Rafael y General Alvear. A continuaci\u00f3n, el comunicado textual.<\/strong><\/em><\/h4>\n\n\n\n<div style=\"height:20px\" aria-hidden=\"true\" class=\"wp-block-spacer\"><\/div>\n\n\n\n\n\n<div style=\"height:39px\" aria-hidden=\"true\" class=\"wp-block-spacer\"><\/div>\n\n\n\n<div style=\"height:20px\" aria-hidden=\"true\" class=\"wp-block-spacer\"><\/div>\n\n\n\n<p>\u00ab<em><strong>Mejorar el recurso h\u00eddrico debe ser la prioridad para Mendoza<\/strong><\/em>\u00ab<\/p>\n\n\n\n<p><em>\u00abDesde nuestra entidad, hacemos visible el siguiente comunicado, que refleja una clara posici\u00f3n con respecto a la realizaci\u00f3n de la obra <strong>Portezuelo del Viento.<\/strong><\/em><\/p>\n\n\n\n<p>\u00ab<em>Hace tiempo se habla sobre la situaci\u00f3n de <strong>megasequ\u00eda <\/strong>que atraviesa <strong>Mendoza <\/strong>y que, con el paso del tiempo, ser\u00e1 m\u00e1s extrema. Este a\u00f1o tuvimos la bendici\u00f3n de contar con nevadas intensas en la \u00faltima etapa del invierno que nos permitieron aminorar el impacto que los datos y especialistas anticipaban como catastr\u00f3ficos. Lo que viven nuestros hermanos sanjuaninos es la antesala a lo que viviremos si no tomamos medidas urgentes.<\/em><\/p>\n\n\n\n<p>\u00ab<em>Es por ello que consideramos que Mendoza debe contar un plan de acci\u00f3n que se transforme en Pol\u00edtica de Estado para los pr\u00f3ximos 20\/30 a\u00f1os donde podamos diagramar pol\u00edticas p\u00fablicas de ejecuci\u00f3n en el corto, mediano y largo plazo con criterios de priorizaci\u00f3n econ\u00f3mica, social y ambiental. Como representantes del sector agr\u00edcola esta iniciativa la hemos propuesto en conjunto con otros consejeros en la <strong>Comisi\u00f3n de Aguas del CEAS<\/strong> para ser aprobada urgentemente por el plenario de dicho Consejo.<\/em><\/p>\n\n\n\n<p>\u00ab<em>Indiscutiblemente, el <strong>Estado Nacional, Provincial, Municipal junto con el sector privado<\/strong> nos debemos hacer cargo de lo que nos compete a cada parte en la b\u00fasqueda del mayor uso eficiente de nuestro recurso h\u00eddrico.<\/em><\/p>\n\n\n\n<p>\u00ab<em><strong>\u00a1Tenemos que actuar ya!,<\/strong> mancomunadamente y poniendo los intereses de Mendoza por sobre los intereses particulares. Debemos saber que el futuro de Mendoza est\u00e1 a merced de lo que se defina hacer o no como provincia. En este sentido<strong> destacamos y apoyamos la visi\u00f3n de nuestro Gobernador con respecto a la revisi\u00f3n del destino de los fondos excepcionales<\/strong> (por \u00fanica vez en la historia) que est\u00e1n afectados a la obra <strong>Portezuelo del Viento<\/strong>, en miras de una utilizaci\u00f3n eficiente para la concreci\u00f3n de otras obras prioritarias para hacer frente a la realidad anteriormente descripta. Como hemos expresado en otras oportunidades, la realizaci\u00f3n de la obra Portezuelo del Viento de la forma en la que est\u00e1 planteada no aporta nada al combate contra la megasequ\u00eda que vivimos.<\/em><\/p>\n\n\n\n<p>\u00ab<em>Esta oportunidad de <strong>\u201cvolver a empezar\u201d<\/strong>, justo coincidente con la aceleraci\u00f3n de los procesos de Cambio Clim\u00e1tico (y la toma de conciencia comunitaria del mismo), nos da la posibilidad de un replanteo m\u00e1s eficiente de las inversiones que Mendoza necesita. Una de ellas es el <strong>Trasvase de aguas del Grande al Atuel,<\/strong> el cual aliviar\u00eda la cr\u00edtica situaci\u00f3n del Sur y reforzar\u00eda el desarrollo y ampliaci\u00f3n de la matriz agroindustrial, que tanto tiene por dar a la Provincia, muy emparentada a su vez, a la eficientizaci\u00f3n de la distribuci\u00f3n y uso de agua por los usuarios. Adem\u00e1s, dicha obra, otorgar\u00eda beneficios econ\u00f3micos en cuanto a la generaci\u00f3n de energ\u00eda hidroel\u00e9ctrica, ampliar\u00eda hect\u00e1reas productivas en Malarg\u00fce junto con mayor mano de obra y servicios relacionados, permitiendo un desarrollo sostenible. Incluso, garantizar\u00eda un caudal necesario para continuar el <strong>desarrollo del oasis sur. <\/strong>Como tambi\u00e9n ser\u00eda de utilidad para optimizar y desarrollar obras complementarias que est\u00e1n en carpeta para hacer frente a la situaci\u00f3n cr\u00edtica que vive la provincia.<\/em><\/p>\n\n\n\n<p>\u00ab<em>Son tiempos desafiantes para los poderes p\u00fablicos y para las organizaciones de la econom\u00eda. <strong>Est\u00e1 en la pol\u00edtica el deber de liderar estos cambios<\/strong>. Desde el cooperativismo vitivin\u00edcola<\/em><strong><em> estamos a disposici\u00f3n para colaborar y trabajar mancomunadamente en vistas del Bien Com\u00fan de nuestra Provincia\u00bb<\/em>.<\/strong><\/p>\n","protected":false},"excerpt":{"rendered":"<p>Tras el anuncio a fines de diciembre del gobernador de Mendoza, Rodolfo Su\u00e1rez, de que&hellip;<\/p>\n","protected":false},"author":3,"featured_media":52749,"comment_status":"open","ping_status":"open","sticky":false,"template":"","format":"standard","meta":{"footnotes":""},"categories":[14],"tags":[],"class_list":["post-52722","post","type-post","status-publish","format-standard","has-post-thumbnail","hentry","category-news"],"_links":{"self":[{"href":"https:\/\/enolife.com.ar\/es\/wp-json\/wp\/v2\/posts\/52722","targetHints":{"allow":["GET"]}}],"collection":[{"href":"https:\/\/enolife.com.ar\/es\/wp-json\/wp\/v2\/posts"}],"about":[{"href":"https:\/\/enolife.com.ar\/es\/wp-json\/wp\/v2\/types\/post"}],"author":[{"embeddable":true,"href":"https:\/\/enolife.com.ar\/es\/wp-json\/wp\/v2\/users\/3"}],"replies":[{"embeddable":true,"href":"https:\/\/enolife.com.ar\/es\/wp-json\/wp\/v2\/comments?post=52722"}],"version-history":[{"count":0,"href":"https:\/\/enolife.com.ar\/es\/wp-json\/wp\/v2\/posts\/52722\/revisions"}],"wp:featuredmedia":[{"embeddable":true,"href":"https:\/\/enolife.com.ar\/es\/wp-json\/wp\/v2\/media\/52749"}],"wp:attachment":[{"href":"https:\/\/enolife.com.ar\/es\/wp-json\/wp\/v2\/media?parent=52722"}],"wp:term":[{"taxonomy":"category","embeddable":true,"href":"https:\/\/enolife.com.ar\/es\/wp-json\/wp\/v2\/categories?post=52722"},{"taxonomy":"post_tag","embeddable":true,"href":"https:\/\/enolife.com.ar\/es\/wp-json\/wp\/v2\/tags?post=52722"}],"curies":[{"name":"wp","href":"https:\/\/api.w.org\/{rel}","templated":true}]}}