{"id":52550,"date":"2022-01-08T02:39:57","date_gmt":"2022-01-08T02:39:57","guid":{"rendered":"http:\/\/enolife.com.ar\/es\/?p=52550"},"modified":"2022-01-12T16:15:12","modified_gmt":"2022-01-12T16:15:12","slug":"el-centro-de-vinateros-y-bodegueros-del-este-denuncia-aumento-de-delitos-violentos-en-zonas-rurales","status":"publish","type":"post","link":"https:\/\/enolife.com.ar\/es\/el-centro-de-vinateros-y-bodegueros-del-este-denuncia-aumento-de-delitos-violentos-en-zonas-rurales\/","title":{"rendered":"El Centro de Vi\u00f1ateros y Bodegueros del Este denuncia aumento de delitos violentos en zonas rurales"},"content":{"rendered":"\n<h4 class=\"wp-block-heading\"><em><strong>Los productores de vid y vino nucleados en la tradicional instituci\u00f3n con sede en San Mart\u00edn, Mendoza, convocaron a una reuni\u00f3n con funcionarios del Ministerio de Seguridad provincial e intendentes de los 5 departamentos de la zona que la comisi\u00f3n directiva del Centro denomina \u00abTierras del Este\u00bb. El objetivo del encuentro fue denunciar ante las autoridades un reciente y continuo incremento de los robos y asaltos en fincas. Seg\u00fan el comunicado de prensa que a continuaci\u00f3n replicamos textualmente, las respuestas al reclamo \u00abno fueron satisfactorias para los damnificados\u00bb.<\/strong><\/em><\/h4>\n\n\n\n<div style=\"height:22px\" aria-hidden=\"true\" class=\"wp-block-spacer\"><\/div>\n\n\n\n\n\n<div style=\"height:41px\" aria-hidden=\"true\" class=\"wp-block-spacer\"><\/div>\n\n\n\n<p>\u00abDesde el Centro de Vi\u00f1ateros y Bodegueros del Este, preocupados ante el aumento de robos y hurtos en las zonas rurales, convocamos a autoridades de seguridad de la provincia de Mendoza el pasado 15 de diciembre.<\/p>\n\n\n\n<p>\u00abSe hizo presente el subsecretario de Relaciones Institucionales del Ministerio de Seguridad, N\u00e9stor Majul, el fiscal de C\u00e1maras Zona Este Oscar S\u00edvori y comisarios departamentales. Habiendo sido invitados los intendentes de los 5 departamentos del territorio, s\u00f3lo asistieron el intendente de Jun\u00edn, H\u00e9ctor Ruiz, y el anfitri\u00f3n, Ra\u00fal Rufeil, que personalmente comprometi\u00f3 la presencia de las autoridades mencionadas a dicha reuni\u00f3n. <\/p>\n\n\n\n<p>\u00abEn esa oportunidad, socios de la entidad detallaron sus experiencias y modalidad de los robos, verdaderos &#8216;asaltos comandos&#8217; que con inusitada violencia e impunidad logran sus objetivos o bien los hurtos de estructuras de vi\u00f1edos, veh\u00edculos, malla antigranizo, madera, riego por goteo, herramientas, maquinarias, transformadores el\u00e9ctricos y hasta las propias cosechas de los frutos son parte del bot\u00edn. A lo que debe sumarse los da\u00f1os colaterales a las mismas estructuras que son vandalizadas.<\/p>\n\n\n\n<p>\u00abLas respuestas de las autoridades, si bien pueden ser atendidas y entendidas, no fueron satisfactorias para los damnificados. Es que, en el caso de los hurtos, los elementos robados se ofrecen a los costados de las rutas, &#8216;al paso&#8217; y a la vista de quien quiera verlo mientras que, en el caso de los robos, particularmente en este caso, se caracterizan por la misma modalidad y en inmediaciones de una zona rural determinada lo que hace suponer el accionar de una banda delictiva organizada y con cierta profesionalidad. <\/p>\n\n\n\n<p>\u00abLa &#8216;inteligencia&#8217; de los ladrones no tiene fisuras, los asaltos y la huida son consumados con precisi\u00f3n. D\u00edas despu\u00e9s de la reuni\u00f3n de referencia los asaltos a mano armada continuaron y contin\u00faan sin que nada los detenga. La situaci\u00f3n trasciende el precio de lo robado ya que es el valor de la propia vida la que se pone en juego.<\/p>\n\n\n\n<p>\u00abHace pocos d\u00edas un productor fue violentado y robado en su domicilio, ubicado en el \u00e1rea de la bodega, previo reducir al personal de vigilancia de privada, quien tambi\u00e9n fue robado; pocos d\u00edas atr\u00e1s un asalto comando daba cuenta de otro productor cuando llegaba a su domicilio. Son apenas dos ejemplos y desde entonces para ellos y otras v\u00edctimas an\u00f3nimas,<br>que desanimadas por la falta de respuesta ni la denuncia ya hacen. <\/p>\n\n\n\n<p>\u00abNo existen d\u00edas ni noches en la que cualquier ruido sea alarmante y en la sensaci\u00f3n de vulnerabilidad que genera el terror (que no siempre aconseja bien) se llega al extremo de proveerse de un arma de fuego en la que se busca una ilusoria seguridad, que por el momento parece ser la \u00fanica; ya no es suficiente contar con perros adiestrados, alarmas, seguridad privada, etc, lo cual implica adem\u00e1s un gasto importante. <\/p>\n\n\n\n<p>\u00abAs\u00ed lo viven y lo sienten quienes pasan por esta injusta circunstancia de ser robados y maltratados (en el mejor de los casos). <\/p>\n\n\n\n<p>\u00abUn productor fue muy claro: &#8216;Ya no podemos dormir. Si no nos mata una bala asesina nos va a matar la angustia de la incertidumbre&#8217;. Lo que se percibe es una reacci\u00f3n de las v\u00edctimas que de a poco empiezan a organizarse para realizar acciones de quejas y protestas que no podemos prever como terminar\u00e1n. Porque as\u00ed no se puede seguir.\u00bb<\/p>\n\n\n\n<div style=\"height:20px\" aria-hidden=\"true\" class=\"wp-block-spacer\"><\/div>\n\n\n\n<p><em><strong>Firma el comunicado: \u00abComisi\u00f3n Directiva del Centro de Vi\u00f1ateros y Bodegueros del Este\u00bb<\/strong><\/em><\/p>\n\n\n\n<div style=\"height:40px\" aria-hidden=\"true\" class=\"wp-block-spacer\"><\/div>\n","protected":false},"excerpt":{"rendered":"<p>Los productores de vid y vino nucleados en la tradicional instituci\u00f3n con sede en San&hellip;<\/p>\n","protected":false},"author":3,"featured_media":52555,"comment_status":"open","ping_status":"open","sticky":false,"template":"","format":"standard","meta":{"footnotes":""},"categories":[14],"tags":[],"class_list":["post-52550","post","type-post","status-publish","format-standard","has-post-thumbnail","hentry","category-news"],"_links":{"self":[{"href":"https:\/\/enolife.com.ar\/es\/wp-json\/wp\/v2\/posts\/52550","targetHints":{"allow":["GET"]}}],"collection":[{"href":"https:\/\/enolife.com.ar\/es\/wp-json\/wp\/v2\/posts"}],"about":[{"href":"https:\/\/enolife.com.ar\/es\/wp-json\/wp\/v2\/types\/post"}],"author":[{"embeddable":true,"href":"https:\/\/enolife.com.ar\/es\/wp-json\/wp\/v2\/users\/3"}],"replies":[{"embeddable":true,"href":"https:\/\/enolife.com.ar\/es\/wp-json\/wp\/v2\/comments?post=52550"}],"version-history":[{"count":0,"href":"https:\/\/enolife.com.ar\/es\/wp-json\/wp\/v2\/posts\/52550\/revisions"}],"wp:featuredmedia":[{"embeddable":true,"href":"https:\/\/enolife.com.ar\/es\/wp-json\/wp\/v2\/media\/52555"}],"wp:attachment":[{"href":"https:\/\/enolife.com.ar\/es\/wp-json\/wp\/v2\/media?parent=52550"}],"wp:term":[{"taxonomy":"category","embeddable":true,"href":"https:\/\/enolife.com.ar\/es\/wp-json\/wp\/v2\/categories?post=52550"},{"taxonomy":"post_tag","embeddable":true,"href":"https:\/\/enolife.com.ar\/es\/wp-json\/wp\/v2\/tags?post=52550"}],"curies":[{"name":"wp","href":"https:\/\/api.w.org\/{rel}","templated":true}]}}