{"id":52543,"date":"2022-01-08T14:23:19","date_gmt":"2022-01-08T14:23:19","guid":{"rendered":"http:\/\/enolife.com.ar\/es\/?p=52543"},"modified":"2022-01-10T12:07:54","modified_gmt":"2022-01-10T12:07:54","slug":"ya-trabajan-en-el-anfiteatro-para-la-fiesta-de-la-vendimia-y-hay-restricciones-en-el-parque-de-montana","status":"publish","type":"post","link":"https:\/\/enolife.com.ar\/es\/ya-trabajan-en-el-anfiteatro-para-la-fiesta-de-la-vendimia-y-hay-restricciones-en-el-parque-de-montana\/","title":{"rendered":"Ya trabajan en el Anfiteatro para la Fiesta de la Vendimia y hay restricciones en el Parque de Monta\u00f1a"},"content":{"rendered":"\n<h4 class=\"wp-block-heading\"><em><strong>Como cada a\u00f1o normal para estas fechas, comienzan las tareas para acondicionar el Anfiteatro Frank Romero Day para la m\u00e1xima Fiesta mendocina, los d\u00edas 3, 4 y 5 de marzo. En esa bonita zona de la Capital mendocina, junto al Cerro de la Gloria, tambi\u00e9n existe el Parque Deportivo de Monta\u00f1a, un circuito de trekking y mountain bike muy transitado por locales y turistas. Ahora, por la entrada de camiones, habr\u00e1 que tener cuidado al circular y estacionar autos unos 300 metros m\u00e1s \u00ababajo\u00bb, en la pista Pump Truck.<\/strong><\/em> <\/h4>\n\n\n\n<div style=\"height:30px\" aria-hidden=\"true\" class=\"wp-block-spacer\"><\/div>\n\n\n<a href=\"https:\/\/www.irrigacion.gov.ar\/web\/\" aria-label=\"irrigaci\u00f3n-1700X500\"><img loading=\"lazy\" decoding=\"async\" src=\"https:\/\/enolife.com.ar\/es\/wp-content\/uploads\/2021\/02\/irrigacion-1700X500.gif\" alt=\"\"  width=\"1700\" height=\"500\"   \/><\/a>\n\n\n<div style=\"height:44px\" aria-hidden=\"true\" class=\"wp-block-spacer\"><\/div>\n\n\n\n<p>Debido a los trabajos que se est\u00e1n realizando en el <strong>Teatro Griego Frank Romero Day<\/strong> para la puesta en escena de la <strong>Fiesta de la Vendimia 2022<\/strong>, <strong>\u00abMilagro del vino nuevo\u00bb,<\/strong> se solicita seguir las recomendaciones y cuidados para transitar por esa zona del pedemonte de la <strong>Capital<\/strong> mendocina. Por los trabajos en el sector de acceso y el movimiento de veh\u00edculos y maquinarias, entre el 10 de enero y el 25 de marzo, el <strong>Parque Deportivo de Monta\u00f1a<\/strong> modificar\u00e1 el lugar de estacionamiento y la forma de ingreso por la parte frontal.&nbsp;<\/p>\n\n\n\n<p>El estacionamiento del predio, frente al Teatro Griego, s\u00f3lo estar\u00e1 habilitado para ingresar caminando o con bicicleta. No se podr\u00e1 acceder con veh\u00edculos, ya que camiones de carga pesada estar\u00e1n subiendo al Frank Romero Day para realizar trabajos de mantenimiento y producci\u00f3n para la Fiesta Nacional de la Vendimia.<\/p>\n\n\n\n<p>La modalidad de ingreso ser\u00e1 por una sola v\u00eda de acceso, por la <strong>calle San Francisco de As\u00eds.<\/strong> Estar\u00e1 delimitada por vallas y cintas de peligro para no poner en riesgo a los deportistas que transiten cerca de la entrada y salida de camiones y veh\u00edculos con material pesado.<\/p>\n\n\n\n<div style=\"height:20px\" aria-hidden=\"true\" class=\"wp-block-spacer\"><\/div>\n\n\n\n<div class=\"wp-block-image\"><figure class=\"aligncenter is-resized\"><img loading=\"lazy\" decoding=\"async\" src=\"https:\/\/www.mendoza.gov.ar\/wp-content\/uploads\/sites\/5\/2022\/01\/cartel-parque-deportivo-700x700.jpg\" alt=\"\" width=\"601\" height=\"601\"\/><figcaption><em><strong>El mapa del Parque Deportivo de Monta\u00f1a, junto al Anfiteatro Griego de Mendoza.<\/strong><\/em><\/figcaption><\/figure><\/div>\n\n\n\n<div style=\"height:20px\" aria-hidden=\"true\" class=\"wp-block-spacer\"><\/div>\n\n\n\n<p>Por lo mencionado, tampoco podr\u00e1n utilizarse los sanitarios que est\u00e1n dispuestos en el recinto del Teatro Griego, por lo que se han dispuesto ba\u00f1os qu\u00edmicos para el uso de deportistas y p\u00fablico general. Los usuarios de este espacio deber\u00e1n dejar sus veh\u00edculos en el estacionamiento de la pista deportiva&nbsp;Pump Track.<\/p>\n\n\n\n<p>Estos cambios temporales buscan la convivencia entre los usuarios del Parque y la realizaci\u00f3n de la Fiesta m\u00e1xima de los mendocinos. Por ello, desde la Comuna capitalina solicitaron prestar especial atenci\u00f3n al mapa con las indicaciones con cortes y v\u00edas de acceso para seguridad del p\u00fablico general y equipos de trabajo.<\/p>\n\n\n\n<p>El Parque Deportivo de Monta\u00f1a cuenta con presencia permanente de guardias municipales (preventores). Adem\u00e1s, dispone de bebederos y sanitarios. <strong>El horario de verano es de lunes a domingo de 8 a 21.<\/strong><\/p>\n\n\n\n<div style=\"height:20px\" aria-hidden=\"true\" class=\"wp-block-spacer\"><\/div>\n\n\n\n<p><\/p>\n","protected":false},"excerpt":{"rendered":"<p>Como cada a\u00f1o normal para estas fechas, comienzan las tareas para acondicionar el Anfiteatro Frank&hellip;<\/p>\n","protected":false},"author":3,"featured_media":52569,"comment_status":"open","ping_status":"open","sticky":false,"template":"","format":"standard","meta":{"footnotes":""},"categories":[14],"tags":[],"class_list":["post-52543","post","type-post","status-publish","format-standard","has-post-thumbnail","hentry","category-news"],"_links":{"self":[{"href":"https:\/\/enolife.com.ar\/es\/wp-json\/wp\/v2\/posts\/52543","targetHints":{"allow":["GET"]}}],"collection":[{"href":"https:\/\/enolife.com.ar\/es\/wp-json\/wp\/v2\/posts"}],"about":[{"href":"https:\/\/enolife.com.ar\/es\/wp-json\/wp\/v2\/types\/post"}],"author":[{"embeddable":true,"href":"https:\/\/enolife.com.ar\/es\/wp-json\/wp\/v2\/users\/3"}],"replies":[{"embeddable":true,"href":"https:\/\/enolife.com.ar\/es\/wp-json\/wp\/v2\/comments?post=52543"}],"version-history":[{"count":0,"href":"https:\/\/enolife.com.ar\/es\/wp-json\/wp\/v2\/posts\/52543\/revisions"}],"wp:featuredmedia":[{"embeddable":true,"href":"https:\/\/enolife.com.ar\/es\/wp-json\/wp\/v2\/media\/52569"}],"wp:attachment":[{"href":"https:\/\/enolife.com.ar\/es\/wp-json\/wp\/v2\/media?parent=52543"}],"wp:term":[{"taxonomy":"category","embeddable":true,"href":"https:\/\/enolife.com.ar\/es\/wp-json\/wp\/v2\/categories?post=52543"},{"taxonomy":"post_tag","embeddable":true,"href":"https:\/\/enolife.com.ar\/es\/wp-json\/wp\/v2\/tags?post=52543"}],"curies":[{"name":"wp","href":"https:\/\/api.w.org\/{rel}","templated":true}]}}