{"id":52399,"date":"2022-01-05T11:36:06","date_gmt":"2022-01-05T11:36:06","guid":{"rendered":"http:\/\/enolife.com.ar\/es\/?p=52399"},"modified":"2022-01-07T02:27:44","modified_gmt":"2022-01-07T02:27:44","slug":"vinateros-de-san-juan-piden-creditos-blandos-aumento-del-seguro-y-crear-un-ministerio-del-agua","status":"publish","type":"post","link":"https:\/\/enolife.com.ar\/es\/vinateros-de-san-juan-piden-creditos-blandos-aumento-del-seguro-y-crear-un-ministerio-del-agua\/","title":{"rendered":"Vi\u00f1ateros de San Juan piden cr\u00e9ditos blandos, aumento del seguro y crear un Ministerio del Agua"},"content":{"rendered":"\n<h4 class=\"wp-block-heading\"><em><strong>La comisi\u00f3n directiva de la Federaci\u00f3n de Vi\u00f1ateros y Productores Agropecuarios de San Juan se reuni\u00f3 con el ministro de Producci\u00f3n y Desarrollo Econ\u00f3mico de esa provincia, Ariel Lucero. La entidad del campo solicit\u00f3 medidas que permitan mejorar el precio que las bodegas pagan a los productores; la creaci\u00f3n de una entidad gubernamental que gestione la sequ\u00eda; la eliminaci\u00f3n del l\u00edmite m\u00ednimo de hect\u00e1reas para acceder a pr\u00e9stamos de cosecha y acarreo, con una devoluci\u00f3n con 5 meses de gracia; y finalmente trabajar en un proyecto para bajar los costos de producci\u00f3n de la malla antigranizo.<\/strong><\/em><\/h4>\n\n\n\n<div style=\"height:20px\" aria-hidden=\"true\" class=\"wp-block-spacer\"><\/div>\n\n\n\n\n\n<div style=\"height:44px\" aria-hidden=\"true\" class=\"wp-block-spacer\"><\/div>\n\n\n\n<p>En una reuni\u00f3n mantenida el 4\/1\/22, el presidente de la Federaci\u00f3n de Vi\u00f1ateros y Productores Agropecuarios de San Juan, Eduardo Garc\u00e9s,  present\u00f3 un petitorio al ministro de Producci\u00f3n y Desarrollo Econ\u00f3mico de San Juan, Ariel Lucero, con la finalidad de acercar posiciones y propuestas sobre la actividad vitivin\u00edcola. A continuaci\u00f3n, se enumeran los puntos de forma textual:<\/p>\n\n\n\n<ul class=\"wp-block-list\"><li><strong>Precio de la uva:<\/strong> La sequ\u00eda, plagas y contingencias clim\u00e1ticas son indicadores de la realidad del precio, que ir\u00e1 en detrimento de la producci\u00f3n de la cosecha. Es oportuno generar la revisi\u00f3n de la cadena de valor productiva vitivin\u00edcola provincial, para reconocer el costo de producci\u00f3n, elaboraci\u00f3n, log\u00edstica, comercializaci\u00f3n, y generar un aumento del rendimiento de cada eslab\u00f3n y por consecuencia una rentabilidad justa para todos.<\/li><li><strong>Sequ\u00eda<\/strong>: Durante el 2021 la sequ\u00eda se convirti\u00f3 en tema central de nuestra producci\u00f3n, la falta de agua y la p\u00e9rdida del cultivo que cada vez se fue incrementando a medida que avanzaba el a\u00f1o. Ante esa realidad, en reiteradas oportunidades se le solicit\u00f3 a Hidr\u00e1ulica, poner en funcionamiento 330 perforaciones, pero las acciones no se concretaron llegando hasta este momento a un porcentaje \u00ednfimo de pozos activos. Por la crisis h\u00eddrica, al Goberandor Sergio U\u00f1ac, le propusimos tener en cuenta tambi\u00e9n a corto plazo el proyecto de implementaci\u00f3n de pr\u00e9stamos\/subsidios a tasas blandas para transformar el riego tradicional en riego presurizado en el sector vitivin\u00edcola, y definir como Pol\u00edtica de Estado el Agua de la provincia; y a largo plazo presurizar el agua con ca\u00f1er\u00eda desde el Dique Punta Negra, hasta las fincas.<\/li><li><strong>Ministerio del Agua: <\/strong>En este tiempo confirmamos la importancia vital del Agua en nuestra provincia para el cultivo, producci\u00f3n y consumo humano. Por ello<strong> <\/strong>requerimos la creaci\u00f3n del Ministerio del Agua, que este conformado por OSSE (en representaci\u00f3n de agua para consumo humano), Ingenieros Agr\u00f3nomos (en representaci\u00f3n de la Producci\u00f3n sanjuanina) e Hidr\u00e1ulica, para su mejor rendimiento en cada uno de los sectores.<\/li><li><strong>Pr\u00e9stamos de cosecha y acarreo: <\/strong>Acceder a esta herramienta es fundamental para los productores, por ello pedimos tener en cuenta para su modificaci\u00f3n: la<strong> <\/strong>eliminaci\u00f3n del l\u00edmite de hect\u00e1reas, devoluci\u00f3n pasado los 5 meses (entendi\u00e9ndose como meses de gracia), y que los valores sean acordes a los costos actuales, como requisitos del mismo.<\/li><li><strong>Seguro de agro: <\/strong>actualmente el subsidio antigranizo que aporta el Estado es insuficiente en la pr\u00e1ctica, por ello es necesario su revisi\u00f3n. Adem\u00e1s es imperioso evaluar la recuperaci\u00f3n de Consejo de la Protecci\u00f3n Agr\u00edcola provincial.<\/li><li><strong>Proyecto malla antigranizo: <\/strong>El uso de mallas antigranizo es unos de los m\u00e9todos de protecci\u00f3n eficaz contra esta adversidad clim\u00e1tica, la malla evita el da\u00f1o sobre la producci\u00f3n en el momento de la tormenta e impide tambi\u00e9n que se produzcan da\u00f1os en el cultivo. Hay experiencias positivas en su uso en distintas partes del pa\u00eds. Actualmente estamos trabajando para que con el apoyo del Ministerio de la Producci\u00f3n y Desarrollo Econ\u00f3mico, podamos reducir veinte veces el costo de producci\u00f3n de la malla antigranizo; y pueda utilizarse pr\u00f3ximamente\u00bb.<\/li><\/ul>\n\n\n\n<div style=\"height:20px\" aria-hidden=\"true\" class=\"wp-block-spacer\"><\/div>\n\n\n\n<div class=\"wp-block-image\"><figure class=\"aligncenter\"><img decoding=\"async\" src=\"https:\/\/federaciondevinateros.com.ar\/wp-content\/uploads\/2022\/01\/1-foto-prodddd-750x420.jpeg\" alt=\"\"\/><figcaption><em><strong>La comisi\u00f3n directiva de la Federaci\u00f3n de Vi\u00f1ateros de San Juan, con funcionarios del gobierno de San Juan.<\/strong><\/em><\/figcaption><\/figure><\/div>\n\n\n\n<div style=\"height:20px\" aria-hidden=\"true\" class=\"wp-block-spacer\"><\/div>\n\n\n\n<p>En el caso de las consecuencias de la sequ\u00eda, <strong>Ariel Lucero<\/strong> explic\u00f3 que ya se reunieron con Hidr\u00e1ulica, con quienes observaron las acciones que se est\u00e1n llevando a cabo, y dijo: \u00ab<em>Entiendo que la sequ\u00eda es una realidad que necesita sinergia en el trabajo para tener soluciones en conjunto. Desde ahora, acercamos el Ministerio de Producci\u00f3n a Hidr\u00e1ulica\u201d<\/em>, dijo el ministro. <em>\u00abActualmente se est\u00e1 trabajando en la pol\u00edtica del agua en San Juan, con varios actores provinciales\u00bb<\/em>, continu\u00f3.<\/p>\n\n\n\n<p>Tambi\u00e9n adelant\u00f3 que trabajar\u00e1n para relanzar l\u00edneas de cr\u00e9ditos, y en consecuencia lograr que un porcentaje m\u00e1s amplio de productores se integren en San Juan el riego presurizado, que no solo necesitan del acompa\u00f1amiento de financiamiento sino tambi\u00e9n de acompa\u00f1amiento t\u00e9cnico para su optima funcionalidad.<\/p>\n\n\n\n<p>Por otro lado, confirm\u00f3 el pr\u00e9stamo de cosecha y acarreo para la cosecha 2022, con modificaciones en los requisitos como la integraci\u00f3n de personas jur\u00eddicas adem\u00e1s de las personas f\u00edsicas ya aceptadas, herramientas para consolidar los precios actualizados, mejora en el tiempo de lanzamiento y de gracia para la devoluci\u00f3n del pr\u00e9stamo, explicando que en el pr\u00f3ximos d\u00edas se conocer\u00e1 los detalles del mismo.<\/p>\n\n\n\n<p>De la reuni\u00f3n tambi\u00e9n participaron el Secretario de Agricultura, Ing. Mart\u00edn G\u00f3mez Sabati\u00e9,&nbsp;el Director de Asuntos Vitivin\u00edcolas,&nbsp;Ing. Mario Ca\u00f1ada, y el Director de Sanidad Vegetal, Luis Kulichevsky.<\/p>\n\n\n\n<p>El<strong> Director de Sanidad Vegetal, Luis Kulichevsky,<\/strong> expuso la realidad de la <strong>lobesia botrana<\/strong>, y coment\u00f3 que la plaga se multiplic\u00f3 6,5 veces en San Juan. Y que se vienen 4 a\u00f1os de arduo trabajo para estabilizar la plaga en la provincia, siempre buscando no generar impacto econ\u00f3mico negativo en la producci\u00f3n.<\/p>\n\n\n\n<p>Cerrando la charla, los productores plantearon el tema laboral, ya que la presi\u00f3n laboral y sus diferencias entre los beneficios sociales y el blanqueo de trabajadores (alta del personal) contin\u00faan siendo incompatibles en la pr\u00e1ctica.<\/p>\n\n\n\n<div style=\"height:20px\" aria-hidden=\"true\" class=\"wp-block-spacer\"><\/div>\n\n\n\n<p class=\"has-small-font-size\"><strong><em>Fuente: Federaci\u00f3n de Vi\u00f1ateros y Productores Agropecuarios de San Juan<\/em><\/strong><\/p>\n\n\n\n<div style=\"height:65px\" aria-hidden=\"true\" class=\"wp-block-spacer\"><\/div>\n","protected":false},"excerpt":{"rendered":"<p>La comisi\u00f3n directiva de la Federaci\u00f3n de Vi\u00f1ateros y Productores Agropecuarios de San Juan se&hellip;<\/p>\n","protected":false},"author":3,"featured_media":52419,"comment_status":"open","ping_status":"open","sticky":false,"template":"","format":"standard","meta":{"footnotes":""},"categories":[14],"tags":[],"class_list":["post-52399","post","type-post","status-publish","format-standard","has-post-thumbnail","hentry","category-news"],"_links":{"self":[{"href":"https:\/\/enolife.com.ar\/es\/wp-json\/wp\/v2\/posts\/52399","targetHints":{"allow":["GET"]}}],"collection":[{"href":"https:\/\/enolife.com.ar\/es\/wp-json\/wp\/v2\/posts"}],"about":[{"href":"https:\/\/enolife.com.ar\/es\/wp-json\/wp\/v2\/types\/post"}],"author":[{"embeddable":true,"href":"https:\/\/enolife.com.ar\/es\/wp-json\/wp\/v2\/users\/3"}],"replies":[{"embeddable":true,"href":"https:\/\/enolife.com.ar\/es\/wp-json\/wp\/v2\/comments?post=52399"}],"version-history":[{"count":0,"href":"https:\/\/enolife.com.ar\/es\/wp-json\/wp\/v2\/posts\/52399\/revisions"}],"wp:featuredmedia":[{"embeddable":true,"href":"https:\/\/enolife.com.ar\/es\/wp-json\/wp\/v2\/media\/52419"}],"wp:attachment":[{"href":"https:\/\/enolife.com.ar\/es\/wp-json\/wp\/v2\/media?parent=52399"}],"wp:term":[{"taxonomy":"category","embeddable":true,"href":"https:\/\/enolife.com.ar\/es\/wp-json\/wp\/v2\/categories?post=52399"},{"taxonomy":"post_tag","embeddable":true,"href":"https:\/\/enolife.com.ar\/es\/wp-json\/wp\/v2\/tags?post=52399"}],"curies":[{"name":"wp","href":"https:\/\/api.w.org\/{rel}","templated":true}]}}