{"id":52067,"date":"2021-12-30T02:24:25","date_gmt":"2021-12-30T02:24:25","guid":{"rendered":"http:\/\/enolife.com.ar\/es\/?p=52067"},"modified":"2022-01-02T22:09:31","modified_gmt":"2022-01-02T22:09:31","slug":"los-reyes-magos-de-bodegas-bianchi-reciben-cartitas-y-repartiran-regalos-para-chicos-de-san-rafael","status":"publish","type":"post","link":"https:\/\/enolife.com.ar\/es\/los-reyes-magos-de-bodegas-bianchi-reciben-cartitas-y-repartiran-regalos-para-chicos-de-san-rafael\/","title":{"rendered":"Los Reyes Magos de Bodegas Bianchi reciben cartitas y repartir\u00e1n regalos para chicos de San Rafael"},"content":{"rendered":"\n<h4 class=\"wp-block-heading\"><em><strong>Del 2 al 4 de enero pr\u00f3ximo, los ni\u00f1os de la ciudad sure\u00f1a de la provincia de Mendoza podr\u00e1n dejar sus pedidos de regalos a los Reyes Magos en buzones y zapatillas gigantes ubicados en tres puntos de San Rafael. Y al d\u00eda siguiente, disfrutar de la 38 edici\u00f3n del Carrousel organizado por el personal y la familia de la tradicional empresa vitivin\u00edcola. El 6 de enero los Reyes repartir\u00e1n juguetes y productos de primera necesidad a hogares de ni\u00f1os, en Hospital Schestakow y asilos de ancianos de la ciudad.<\/strong><\/em><\/h4>\n\n\n\n<div style=\"height:20px\" aria-hidden=\"true\" class=\"wp-block-spacer\"><\/div>\n\n\n\n\n\n<div style=\"height:43px\" aria-hidden=\"true\" class=\"wp-block-spacer\"><\/div>\n\n\n\n<p>Luego de que la edici\u00f3n pasada se realizara en formato televisivo con motivo de la cuarentena, este a\u00f1o vuelve de manera presencial -pero con protocolo- el Carrousel de los Reyes Magos, una celebraci\u00f3n social para las familias de San Rafael, lleno de magia, alegr\u00eda y solidaridad organizado por Bodegas Bianchi, bajo la iniciativa de sus empleados, para reunir esfuerzos en pos de los ni\u00f1os y ancianos en situaci\u00f3n de vulnerabilidad.<\/p>\n\n\n\n<p>Esta actividad se viene realizando a lo largo de casi 4 d\u00e9cadas y cuenta con el apoyo de&nbsp;la Municipalidad de San Rafael y diversas empresas locales -como las distribuidoras Mattevi, del Sur y Brondi, Garc\u00eda Due\u00f1as, Librer\u00eda F\u00e9nix y Transporte Karen, entre otras- que contribuyen desinteresadamente para hacer realidad esta iniciativa solidaria. Este a\u00f1o la premisa ser\u00e1 donar juguetes y productos de primera necesidad a hogares de ni\u00f1os y asilos de ancianos de la ciudad.<\/p>\n\n\n\n<div style=\"height:20px\" aria-hidden=\"true\" class=\"wp-block-spacer\"><\/div>\n\n\n\n<div class=\"wp-block-image\"><figure class=\"alignleft size-large is-resized\"><img loading=\"lazy\" decoding=\"async\" src=\"https:\/\/enolife.com.ar\/es\/wp-content\/uploads\/2021\/12\/Reyes2021.jpg\" alt=\"\" class=\"wp-image-52152\" width=\"324\" height=\"486\" srcset=\"https:\/\/enolife.com.ar\/es\/wp-content\/uploads\/2021\/12\/Reyes2021.jpg 590w, https:\/\/enolife.com.ar\/es\/wp-content\/uploads\/2021\/12\/Reyes2021-200x300.jpg 200w, https:\/\/enolife.com.ar\/es\/wp-content\/uploads\/2021\/12\/Reyes2021-585x878.jpg 585w\" sizes=\"auto, (max-width: 324px) 100vw, 324px\" \/><\/figure><\/div>\n\n\n\n<p>El desfile de carrozas, que se realizar\u00e1 el mi\u00e9rcoles 5 de enero, <strong>partir\u00e1 a las 22 hs. desde la Avenida Irigoyen y la Avenida Rodolfo Isel\u00edn, continuando por Mitre y finalizando en Col\u00f3n. <\/strong>Durante el recorrido, como ya es costumbre, los Reyes Magos recibir\u00e1n las cartitas con pedidos de regalos de los ni\u00f1os y entregar\u00e1n caramelos.<\/p>\n\n\n\n<p><em>\u00abEs un gran orgullo y responsabilidad llevar adelante este evento<\/em>\u00ab-afirm\u00f3 <strong>Sylvia Bianchi, de la tercera generaci\u00f3n de la familia bodeguera<\/strong>, y agreg\u00f3: \u00ab<em>Bodegas Bianchi comprendi\u00f3 la importancia que tiene el evento desde el punto de vista solidario, se involucr\u00f3 y siempre ha motivado a que el personal de la empresa siga haci\u00e9ndolo todos los a\u00f1os desde hace casi 4 d\u00e9cadas\u00bb.<\/em><\/p>\n\n\n\n<p>Continuando su labor, <strong>el 6 de enero<\/strong>, l<strong>os Reyes Magos visitar\u00e1n hogares carenciados de la zona y el Hospital Schestakow,<\/strong> distribuyendo las donaciones de acuerdo a la cantidad de ni\u00f1os y ancianos de cada uno.<\/p>\n\n\n\n<p>En esta edici\u00f3n 2022, ser\u00e1n dos los carros aleg\u00f3ricos que participar\u00e1n, acompa\u00f1ados por un gran n\u00famero de bailarines coordinados por Oscar Cruz. El primer carro trasladar\u00e1 un pesebre viviente, y el segundo, la Estrella de Bel\u00e9n que transporta a los Reyes Magos.<\/p>\n\n\n\n<div style=\"height:20px\" aria-hidden=\"true\" class=\"wp-block-spacer\"><\/div>\n\n\n\n<p class=\"has-medium-font-size\"><strong>Los Reyes esperan las cartitas<\/strong><\/p>\n\n\n\n<p>Previo al Carrousel, el domingo 2, lunes 3 y martes 4 de enero, los ni\u00f1os tambi\u00e9n podr\u00e1n acercarles sus cartitas a los Reyes Magos. Para ello se dispondr\u00e1n buzones y zapatillas gigantes en tres puntos de la ciudad:<\/p>\n\n\n\n<ul class=\"wp-block-list\"><li>Mitre y San Mart\u00edn (Tiendas Galver)<\/li><li>Mitre y Patricias Mendocinas (Super Vea) <\/li><li>Parque de los Ni\u00f1os, ubicado en el Parque Hip\u00f3lito Yrigoyen<\/li><\/ul>\n\n\n\n<p>Los tres lugares de recepci\u00f3n ser\u00e1n custodiados por Pajes de los Reyes, quienes ayudar\u00e1n a mantener las medidas de seguridad y sanidad vigentes.<\/p>\n\n\n\n<div style=\"height:20px\" aria-hidden=\"true\" class=\"wp-block-spacer\"><\/div>\n\n\n\n<p class=\"has-medium-font-size\"><strong>Un carrousel de 38 a\u00f1os<\/strong><\/p>\n\n\n\n<p><em>\u00abLa primera cabalgata se realiz\u00f3 en 1985 aunque, tres a\u00f1os antes, un grupo de gente que trabajaba en Bodegas Bianchi comenz\u00f3 a llevar juguetes a los hijos del personal de la empresa<\/em>\u00ab, recuerda <strong>Sylvia Bianchi<\/strong>, y agrega: <em>\u00abAl a\u00f1o siguiente (1983), compraron trajes de Reyes Magos y volvieron a repartir juguetes, adem\u00e1s de ir a hogares como Coraz\u00f3n y Voluntad y Hogar de Nazaret\u00bb.<\/em><\/p>\n\n\n\n<div class=\"wp-block-image\"><figure class=\"aligncenter size-large is-resized\"><img loading=\"lazy\" decoding=\"async\" src=\"https:\/\/enolife.com.ar\/es\/wp-content\/uploads\/2021\/12\/f608x342-10810_40533_15.jpeg\" alt=\"\" class=\"wp-image-52156\" width=\"576\" height=\"324\" srcset=\"https:\/\/enolife.com.ar\/es\/wp-content\/uploads\/2021\/12\/f608x342-10810_40533_15.jpeg 608w, https:\/\/enolife.com.ar\/es\/wp-content\/uploads\/2021\/12\/f608x342-10810_40533_15-300x169.jpeg 300w, https:\/\/enolife.com.ar\/es\/wp-content\/uploads\/2021\/12\/f608x342-10810_40533_15-585x329.jpeg 585w\" sizes=\"auto, (max-width: 576px) 100vw, 576px\" \/><figcaption><strong>Un Rey Mago recibiendo la cartita de un vecinito de San Rafael<\/strong>.<\/figcaption><\/figure><\/div>\n\n\n\n<div style=\"height:20px\" aria-hidden=\"true\" class=\"wp-block-spacer\"><\/div>\n\n\n\n<p><em>\u00abEn 1984 decidieron ir al hospital, y una anciana que se encontraba muy grave de salud pidi\u00f3 ver a los Reyes Magos. Los pudo ver y, como no les quedaba ning\u00fan regalo para darle, uno de los empleados se quit\u00f3 una cruz que llevaba y se la entreg\u00f3; fue en ese momento cuando la mujer -que poco despu\u00e9s fallecer\u00eda- les pidi\u00f3 que salieran a la calle, y a partir de ah\u00ed naci\u00f3 la idea de hacer la cabalgata\u00bb<\/em>, destaca Sylvia.<\/p>\n\n\n\n<p>En un principio, se realizaba una cabalgata que part\u00eda desde la Rotonda del Mapa, llegando los caballos a la bodega ubicada en calle Comandante Torres; no obstante, con el tiempo esa modalidad vari\u00f3 a Carrousel, inspir\u00e1ndose en un evento similar que se realiza en Espa\u00f1a.<\/p>\n\n\n\n<p>En 1989, la actividad fue declarada de Inter\u00e9s Departamental por el Honorable Concejo Deliberante; en 1997, en tanto, de Inter\u00e9s Provincial por la Honorable C\u00e1mara de Diputados de Mendoza.<\/p>\n\n\n\n<div style=\"height:45px\" aria-hidden=\"true\" class=\"wp-block-spacer\"><\/div>\n","protected":false},"excerpt":{"rendered":"<p>Del 2 al 4 de enero pr\u00f3ximo, los ni\u00f1os de la ciudad sure\u00f1a de la&hellip;<\/p>\n","protected":false},"author":3,"featured_media":52157,"comment_status":"open","ping_status":"open","sticky":false,"template":"","format":"standard","meta":{"footnotes":""},"categories":[47],"tags":[],"class_list":["post-52067","post","type-post","status-publish","format-standard","has-post-thumbnail","hentry","category-agenda"],"_links":{"self":[{"href":"https:\/\/enolife.com.ar\/es\/wp-json\/wp\/v2\/posts\/52067","targetHints":{"allow":["GET"]}}],"collection":[{"href":"https:\/\/enolife.com.ar\/es\/wp-json\/wp\/v2\/posts"}],"about":[{"href":"https:\/\/enolife.com.ar\/es\/wp-json\/wp\/v2\/types\/post"}],"author":[{"embeddable":true,"href":"https:\/\/enolife.com.ar\/es\/wp-json\/wp\/v2\/users\/3"}],"replies":[{"embeddable":true,"href":"https:\/\/enolife.com.ar\/es\/wp-json\/wp\/v2\/comments?post=52067"}],"version-history":[{"count":0,"href":"https:\/\/enolife.com.ar\/es\/wp-json\/wp\/v2\/posts\/52067\/revisions"}],"wp:featuredmedia":[{"embeddable":true,"href":"https:\/\/enolife.com.ar\/es\/wp-json\/wp\/v2\/media\/52157"}],"wp:attachment":[{"href":"https:\/\/enolife.com.ar\/es\/wp-json\/wp\/v2\/media?parent=52067"}],"wp:term":[{"taxonomy":"category","embeddable":true,"href":"https:\/\/enolife.com.ar\/es\/wp-json\/wp\/v2\/categories?post=52067"},{"taxonomy":"post_tag","embeddable":true,"href":"https:\/\/enolife.com.ar\/es\/wp-json\/wp\/v2\/tags?post=52067"}],"curies":[{"name":"wp","href":"https:\/\/api.w.org\/{rel}","templated":true}]}}