{"id":52008,"date":"2021-12-27T18:07:50","date_gmt":"2021-12-27T18:07:50","guid":{"rendered":"http:\/\/enolife.com.ar\/es\/?p=52008"},"modified":"2021-12-30T02:29:05","modified_gmt":"2021-12-30T02:29:05","slug":"una-cristalera-de-neuquen-incorporara-tecnologia-para-fabricar-botellas-de-vino","status":"publish","type":"post","link":"https:\/\/enolife.com.ar\/es\/una-cristalera-de-neuquen-incorporara-tecnologia-para-fabricar-botellas-de-vino\/","title":{"rendered":"Una cristalera de Neuqu\u00e9n incorporar\u00e1 tecnolog\u00eda para fabricar botellas de vino"},"content":{"rendered":"\n<h4 class=\"wp-block-heading\"><em><strong>La f\u00e1brica de vidrio Sustenglass, de Cutral Co, provincia de Neuqu\u00e9n, anunci\u00f3 que adquirir\u00e1 maquinarias para ampliar su actual producci\u00f3n de envases y otros art\u00edculos de vidrio a botellas para la industria vitivin\u00edcola. As\u00ed, se abrir\u00e1n unos 60 puestos de trabajo y se compensar\u00e1 en parte el actual faltante. En principio, abastecer\u00e1 s\u00f3lo a bodegas de Neuqu\u00e9n, pero en el mediano plazo podr\u00eda vender a otras provincias.<\/strong><\/em><\/h4>\n\n\n\n<div style=\"height:30px\" aria-hidden=\"true\" class=\"wp-block-spacer\"><\/div>\n\n\n<a href=\"https:\/\/www.instagram.com\/vinventions.sudamerica\/\" aria-label=\"Banner_Subr_1700x500\"><img loading=\"lazy\" decoding=\"async\" src=\"https:\/\/enolife.com.ar\/es\/wp-content\/uploads\/2019\/07\/Banner_Subr_1700x500.gif\" alt=\"\"  width=\"1700\" height=\"501\"   \/><\/a>\n\n\n<div style=\"height:46px\" aria-hidden=\"true\" class=\"wp-block-spacer\"><\/div>\n\n\n\n<p>En el Polo Industrial de <strong>Cutral C\u00f3<\/strong>, al noroeste de Neuqu\u00e9n, se inaugur\u00f3 la f\u00e1brica de vidrio <strong>Sustenglass <\/strong>en abril de 2021, lo que ha generado en principio unos 20 puestos de trabajo en la zona.<\/p>\n\n\n\n<p>En los \u00faltimos d\u00edas, el intendente de la ciudad, <strong>Jos\u00e9 Rioseco,<\/strong> anticip\u00f3 que para 2022<strong>&nbsp;<\/strong>se espera ampliar la producci\u00f3n de esa empresa con la incorporaci\u00f3n de m\u00e1s maquinaria y la fabricaci\u00f3n de botellas para la industria vitivin\u00edcola.&nbsp;La demanda de ese rubro es alta y la producci\u00f3n podr\u00eda llevarse a cabo s\u00f3lo con la incorporaci\u00f3n de nuevas maquinarias.<\/p>\n\n\n\n<div style=\"height:20px\" aria-hidden=\"true\" class=\"wp-block-spacer\"><\/div>\n\n\n\n<div class=\"wp-block-image\"><figure class=\"aligncenter size-large is-resized\"><img loading=\"lazy\" decoding=\"async\" src=\"https:\/\/enolife.com.ar\/es\/wp-content\/uploads\/2021\/12\/173968532_2902669526620676_4179628435785811668_n-1024x683.jpg\" alt=\"\" class=\"wp-image-52053\" width=\"554\" height=\"369\" srcset=\"https:\/\/enolife.com.ar\/es\/wp-content\/uploads\/2021\/12\/173968532_2902669526620676_4179628435785811668_n-1024x683.jpg 1024w, https:\/\/enolife.com.ar\/es\/wp-content\/uploads\/2021\/12\/173968532_2902669526620676_4179628435785811668_n-300x200.jpg 300w, https:\/\/enolife.com.ar\/es\/wp-content\/uploads\/2021\/12\/173968532_2902669526620676_4179628435785811668_n-768x512.jpg 768w, https:\/\/enolife.com.ar\/es\/wp-content\/uploads\/2021\/12\/173968532_2902669526620676_4179628435785811668_n-585x390.jpg 585w, https:\/\/enolife.com.ar\/es\/wp-content\/uploads\/2021\/12\/173968532_2902669526620676_4179628435785811668_n.jpg 1124w\" sizes=\"auto, (max-width: 554px) 100vw, 554px\" \/><figcaption><strong>Ram\u00f3n Rioseco en la inauguraci\u00f3n de SustenGlass<\/strong><\/figcaption><\/figure><\/div>\n\n\n\n<div style=\"height:20px\" aria-hidden=\"true\" class=\"wp-block-spacer\"><\/div>\n\n\n\n<p><em>\u00abDe concretarse esta posibilidad,&nbsp;estaremos dando una gran soluci\u00f3n tambi\u00e9n a toda la vitivinicultura y la parte de bodegas del Alto Valle lo cual requerir\u00e1 de 60 a 80 personas m\u00e1s de mano de obra\u00bb<\/em>, dijo Rioseco en una entrevista radial.<\/p>\n\n\n\n<p>Por otra parte, el intendente record\u00f3 que al mismo tiempo que se favorece la instalaci\u00f3n de nuevas empresas y maquinarias, se prosigue con la construcci\u00f3n del parque solar, para que esos establecimientos dispongan del recurso renovable.<\/p>\n\n\n\n<p>El intendente Rioseco adelant\u00f3 que ya est\u00e1 en marcha un convenio por el cual desde la f\u00e1brica se elaborar\u00e1n botellas a medida para el conjunto de bodegas neuquinas, como parte de un proyecto para bajar costos en ese sector y, adem\u00e1s, suplir de mano de obra a la localidad.<\/p>\n\n\n\n<p><em>\u00abEs un gran proyecto que seguramente va a generar trabajo y desde esta ciudad vamos a poder colaborar fabricando estos productos necesarios para la industria\u00bb<\/em>, indic\u00f3 el jefe comunal.<\/p>\n\n\n\n<div style=\"height:20px\" aria-hidden=\"true\" class=\"wp-block-spacer\"><\/div>\n\n\n\n<div class=\"wp-block-image\"><figure class=\"aligncenter size-large is-resized\"><img loading=\"lazy\" decoding=\"async\" src=\"https:\/\/enolife.com.ar\/es\/wp-content\/uploads\/2021\/12\/174028632_2902669136620715_2412825841779866851_n.jpg\" alt=\"\" class=\"wp-image-52056\" width=\"610\" height=\"343\" srcset=\"https:\/\/enolife.com.ar\/es\/wp-content\/uploads\/2021\/12\/174028632_2902669136620715_2412825841779866851_n.jpg 600w, https:\/\/enolife.com.ar\/es\/wp-content\/uploads\/2021\/12\/174028632_2902669136620715_2412825841779866851_n-300x169.jpg 300w, https:\/\/enolife.com.ar\/es\/wp-content\/uploads\/2021\/12\/174028632_2902669136620715_2412825841779866851_n-585x330.jpg 585w\" sizes=\"auto, (max-width: 610px) 100vw, 610px\" \/><figcaption><strong>Instalaciones y personal de SustenGlass<\/strong><\/figcaption><\/figure><\/div>\n\n\n\n<figure class=\"wp-block-gallery aligncenter columns-2 is-cropped wp-block-gallery-1 is-layout-flex wp-block-gallery-is-layout-flex\"><ul class=\"blocks-gallery-grid\"><li class=\"blocks-gallery-item\"><figure><img loading=\"lazy\" decoding=\"async\" width=\"1024\" height=\"683\" src=\"https:\/\/enolife.com.ar\/es\/wp-content\/uploads\/2021\/12\/174458486_2902669616620667_4962277340829551861_n-1024x683.jpg\" alt=\"\" data-id=\"52054\" class=\"wp-image-52054\" srcset=\"https:\/\/enolife.com.ar\/es\/wp-content\/uploads\/2021\/12\/174458486_2902669616620667_4962277340829551861_n-1024x683.jpg 1024w, https:\/\/enolife.com.ar\/es\/wp-content\/uploads\/2021\/12\/174458486_2902669616620667_4962277340829551861_n-300x200.jpg 300w, https:\/\/enolife.com.ar\/es\/wp-content\/uploads\/2021\/12\/174458486_2902669616620667_4962277340829551861_n-768x512.jpg 768w, https:\/\/enolife.com.ar\/es\/wp-content\/uploads\/2021\/12\/174458486_2902669616620667_4962277340829551861_n-585x390.jpg 585w, https:\/\/enolife.com.ar\/es\/wp-content\/uploads\/2021\/12\/174458486_2902669616620667_4962277340829551861_n.jpg 1124w\" sizes=\"auto, (max-width: 1024px) 100vw, 1024px\" \/><\/figure><\/li><li class=\"blocks-gallery-item\"><figure><img loading=\"lazy\" decoding=\"async\" width=\"1024\" height=\"683\" src=\"https:\/\/enolife.com.ar\/es\/wp-content\/uploads\/2021\/12\/172815335_2902669553287340_155490522585652556_n-1024x683.jpg\" alt=\"\" data-id=\"52055\" class=\"wp-image-52055\" srcset=\"https:\/\/enolife.com.ar\/es\/wp-content\/uploads\/2021\/12\/172815335_2902669553287340_155490522585652556_n-1024x683.jpg 1024w, https:\/\/enolife.com.ar\/es\/wp-content\/uploads\/2021\/12\/172815335_2902669553287340_155490522585652556_n-300x200.jpg 300w, https:\/\/enolife.com.ar\/es\/wp-content\/uploads\/2021\/12\/172815335_2902669553287340_155490522585652556_n-768x512.jpg 768w, https:\/\/enolife.com.ar\/es\/wp-content\/uploads\/2021\/12\/172815335_2902669553287340_155490522585652556_n-585x390.jpg 585w, https:\/\/enolife.com.ar\/es\/wp-content\/uploads\/2021\/12\/172815335_2902669553287340_155490522585652556_n.jpg 1124w\" sizes=\"auto, (max-width: 1024px) 100vw, 1024px\" \/><\/figure><\/li><\/ul><\/figure>\n\n\n\n<div style=\"height:20px\" aria-hidden=\"true\" class=\"wp-block-spacer\"><\/div>\n\n\n\n<p>Entre la producci\u00f3n de la f\u00e1brica no solamente estar\u00e1 este convenio con las bodegas sino tambi\u00e9n la producci\u00f3n de luminarias. La firma, que fue instalada en plena pandemia del coronavirus, actualmente cuenta con unos 20 empleados.<\/p>\n\n\n\n<p>Tambi\u00e9n est\u00e1 previsto que en alg\u00fan momento la f\u00e1brica ampl\u00ede su oferta de productos al sector alimentario y de cosm\u00e9tica.<\/p>\n\n\n\n<div style=\"height:20px\" aria-hidden=\"true\" class=\"wp-block-spacer\"><\/div>\n\n\n\n<p class=\"has-small-font-size\"><em><strong>Fuentes: Municipalidad de Cutral C\u00f3 y La Ma\u00f1ana de Neuqu\u00e9n<\/strong><\/em><\/p>\n\n\n\n<div style=\"height:20px\" aria-hidden=\"true\" class=\"wp-block-spacer\"><\/div>\n","protected":false},"excerpt":{"rendered":"<p>La f\u00e1brica de vidrio Sustenglass, de Cutral Co, provincia de Neuqu\u00e9n, anunci\u00f3 que adquirir\u00e1 maquinarias&hellip;<\/p>\n","protected":false},"author":3,"featured_media":52057,"comment_status":"open","ping_status":"open","sticky":false,"template":"","format":"standard","meta":{"footnotes":""},"categories":[14],"tags":[],"class_list":["post-52008","post","type-post","status-publish","format-standard","has-post-thumbnail","hentry","category-news"],"_links":{"self":[{"href":"https:\/\/enolife.com.ar\/es\/wp-json\/wp\/v2\/posts\/52008","targetHints":{"allow":["GET"]}}],"collection":[{"href":"https:\/\/enolife.com.ar\/es\/wp-json\/wp\/v2\/posts"}],"about":[{"href":"https:\/\/enolife.com.ar\/es\/wp-json\/wp\/v2\/types\/post"}],"author":[{"embeddable":true,"href":"https:\/\/enolife.com.ar\/es\/wp-json\/wp\/v2\/users\/3"}],"replies":[{"embeddable":true,"href":"https:\/\/enolife.com.ar\/es\/wp-json\/wp\/v2\/comments?post=52008"}],"version-history":[{"count":0,"href":"https:\/\/enolife.com.ar\/es\/wp-json\/wp\/v2\/posts\/52008\/revisions"}],"wp:featuredmedia":[{"embeddable":true,"href":"https:\/\/enolife.com.ar\/es\/wp-json\/wp\/v2\/media\/52057"}],"wp:attachment":[{"href":"https:\/\/enolife.com.ar\/es\/wp-json\/wp\/v2\/media?parent=52008"}],"wp:term":[{"taxonomy":"category","embeddable":true,"href":"https:\/\/enolife.com.ar\/es\/wp-json\/wp\/v2\/categories?post=52008"},{"taxonomy":"post_tag","embeddable":true,"href":"https:\/\/enolife.com.ar\/es\/wp-json\/wp\/v2\/tags?post=52008"}],"curies":[{"name":"wp","href":"https:\/\/api.w.org\/{rel}","templated":true}]}}