{"id":51866,"date":"2021-12-22T16:26:38","date_gmt":"2021-12-22T16:26:38","guid":{"rendered":"http:\/\/enolife.com.ar\/es\/?p=51866"},"modified":"2021-12-23T14:39:18","modified_gmt":"2021-12-23T14:39:18","slug":"prometen-creditos-por-750-000-al-11-para-afectados-por-el-granizo-en-lavalle-y-san-martin","status":"publish","type":"post","link":"https:\/\/enolife.com.ar\/es\/prometen-creditos-por-750-000-al-11-para-afectados-por-el-granizo-en-lavalle-y-san-martin\/","title":{"rendered":"Prometen cr\u00e9ditos por $750.000 al 11% para afectados por el granizo en Lavalle y San Mart\u00edn"},"content":{"rendered":"\n<h4 class=\"wp-block-heading\"><em><strong>Seg\u00fan comunic\u00f3 la Asociaci\u00f3n de Vi\u00f1ateros de Mendoza (AVM) a trav\u00e9s de las redes sociales Twitter y Facebook, el gobierno de Mendoza ha dispuesto fondos para dar cr\u00e9ditos \u00abblandos\u00bb a productores afectados por las tormentas de granizo, lluvia y viento que destruyeron vi\u00f1as y otros cultivos entre el 7 y el 16\/12 en los departamentos de Lavalle y San Mart\u00edn, de Mendoza. Esta ayuda se suma al subsidio del Seguro Agr\u00edcola, que otorga $40.000 por hect\u00e1rea a partir de cierto porcentaje de da\u00f1os estipulado.<\/strong><\/em><\/h4>\n\n\n\n<div style=\"height:38px\" aria-hidden=\"true\" class=\"wp-block-spacer\"><\/div>\n\n\n<a href=\"https:\/\/www.linkedin.com\/company\/agrinet-sa\/?originalSubdomain=ar\" aria-label=\"1700X500\"><img loading=\"lazy\" decoding=\"async\" src=\"https:\/\/enolife.com.ar\/es\/wp-content\/uploads\/2021\/11\/1700X500.gif\" alt=\"\"  width=\"1700\" height=\"500\"   \/><\/a>\n\n\n<div style=\"height:53px\" aria-hidden=\"true\" class=\"wp-block-spacer\"><\/div>\n\n\n\n<p>Habr\u00e1 asistencia financiera para los productores afectados por el granizo en Lavalle y San Mart\u00edn. La ayuda econ\u00f3mica del Gobierno de Mendoza, de $750.000 al 11%, con una gracia de 6 meses, es parte de un \u00abcombo\u00bb de ayudas que incluye el Seguro Agr\u00edcola, por el cual los afectados cobrar\u00e1n $40.000 por hect\u00e1rea. Y tambi\u00e9n la Emergencia, que los exime de pagar impuestos provinciales.<\/p>\n\n\n\n<p>Para la toma de denuncias por contingencias clim\u00e1ticas, los productores afectados deber\u00e1n concurrir a las oficinas de gobierno y municipios habilitadas, seg\u00fan el siguiente detalle:<\/p>\n\n\n\n<ul class=\"wp-block-list\"><li><strong>Granizo 07-12-2021 <\/strong>(Real del Padre y Villa Atuel)<\/li><li><strong>Granizo 11-12-2021<\/strong> (Algarrobo Grande, Alto Verde (Jun\u00edn), Alto Verde (San Mart\u00edn), Andrade, Buen Orden, Carrizal, Chivilcoy, El Rambl\u00f3n, Jun\u00edn, La Colonia, Phillips y Ugarteche)<\/li><li><strong>Granizo 16-12-2021 <\/strong>(12 de Octubre, Alto Salvador, Capdevila, Chapanay, El Espino, Jocol\u00ed, Jocol\u00ed Viejo, La Palmera, Montecaseros, San Francisco, Santa Rosa, Tres de Mayo y Tulumaya).<\/li><\/ul>\n\n\n\n<p class=\"has-background has-very-light-gray-background-color\"><strong>Los afectados pueden llenar los formularios de denuncias de da\u00f1os: <a href=\"https:\/\/docs.google.com\/forms\/d\/1w6KqiGEHaUcYDXVhcl-VA_mynJsvXPLH80ljaNMSTZU\/viewform?edit_requested=true&amp;fbclid=IwAR1AvBcjXtEGexB6LrMazIwQXSpkccicHZ4KLS01wgg_W5Q0n4dD2RR-8Jk\">AQU\u00cd  <\/a><\/strong><\/p>\n\n\n\n<div style=\"height:20px\" aria-hidden=\"true\" class=\"wp-block-spacer\"><\/div>\n\n\n\n<div style=\"height:25px\" aria-hidden=\"true\" class=\"wp-block-spacer\"><\/div>\n\n\n\n<p class=\"has-small-font-size\"><em><strong>Fuente: Asociaci\u00f3n de Vi\u00f1ateros de Mendoza (AVM)<\/strong><\/em><\/p>\n","protected":false},"excerpt":{"rendered":"<p>Seg\u00fan comunic\u00f3 la Asociaci\u00f3n de Vi\u00f1ateros de Mendoza (AVM) a trav\u00e9s de las redes sociales&hellip;<\/p>\n","protected":false},"author":3,"featured_media":51880,"comment_status":"open","ping_status":"open","sticky":false,"template":"","format":"standard","meta":{"footnotes":""},"categories":[14],"tags":[],"class_list":["post-51866","post","type-post","status-publish","format-standard","has-post-thumbnail","hentry","category-news"],"_links":{"self":[{"href":"https:\/\/enolife.com.ar\/es\/wp-json\/wp\/v2\/posts\/51866","targetHints":{"allow":["GET"]}}],"collection":[{"href":"https:\/\/enolife.com.ar\/es\/wp-json\/wp\/v2\/posts"}],"about":[{"href":"https:\/\/enolife.com.ar\/es\/wp-json\/wp\/v2\/types\/post"}],"author":[{"embeddable":true,"href":"https:\/\/enolife.com.ar\/es\/wp-json\/wp\/v2\/users\/3"}],"replies":[{"embeddable":true,"href":"https:\/\/enolife.com.ar\/es\/wp-json\/wp\/v2\/comments?post=51866"}],"version-history":[{"count":0,"href":"https:\/\/enolife.com.ar\/es\/wp-json\/wp\/v2\/posts\/51866\/revisions"}],"wp:featuredmedia":[{"embeddable":true,"href":"https:\/\/enolife.com.ar\/es\/wp-json\/wp\/v2\/media\/51880"}],"wp:attachment":[{"href":"https:\/\/enolife.com.ar\/es\/wp-json\/wp\/v2\/media?parent=51866"}],"wp:term":[{"taxonomy":"category","embeddable":true,"href":"https:\/\/enolife.com.ar\/es\/wp-json\/wp\/v2\/categories?post=51866"},{"taxonomy":"post_tag","embeddable":true,"href":"https:\/\/enolife.com.ar\/es\/wp-json\/wp\/v2\/tags?post=51866"}],"curies":[{"name":"wp","href":"https:\/\/api.w.org\/{rel}","templated":true}]}}