{"id":51794,"date":"2021-12-22T15:58:06","date_gmt":"2021-12-22T15:58:06","guid":{"rendered":"http:\/\/enolife.com.ar\/es\/?p=51794"},"modified":"2021-12-23T14:05:03","modified_gmt":"2021-12-23T14:05:03","slug":"mendoza-anuncio-una-linea-de-credito-por-2-000-m-para-cosecha-acarreo-y-elaboracion-de-uva-2022","status":"publish","type":"post","link":"https:\/\/enolife.com.ar\/es\/mendoza-anuncio-una-linea-de-credito-por-2-000-m-para-cosecha-acarreo-y-elaboracion-de-uva-2022\/","title":{"rendered":"Mendoza anunci\u00f3 una l\u00ednea de cr\u00e9dito por $2.000 M para cosecha, acarreo y elaboraci\u00f3n de uva 2022"},"content":{"rendered":"\n<h4 class=\"wp-block-heading\"><em><strong>El Gobierno de esta provincia comunic\u00f3 que gestionar\u00e1 el financiamiento por hasta $2.000 millones para que los productores vitivin\u00edcolas locales afronten los gastos de la pr\u00f3xima vendimia. El titular de Agricultura, Sergio Moralejo, detall\u00f3 que el Estado provincial subsidiar\u00e1 7 puntos de la tasa de inter\u00e9s, y que solicit\u00f3 a la Naci\u00f3n que se haga cargo de subsidiar 5 puntos m\u00e1s. Sin embargo, no divulgaron desde el Ministerio de Econom\u00eda a qu\u00e9 tasa final de inter\u00e9s los productores deber\u00e1n devolver los pr\u00e9stamos.<\/strong><\/em><\/h4>\n\n\n\n<div style=\"height:33px\" aria-hidden=\"true\" class=\"wp-block-spacer\"><\/div>\n\n\n\n\n\n<div style=\"height:35px\" aria-hidden=\"true\" class=\"wp-block-spacer\"><\/div>\n\n\n\n<p>El <strong>Gobierno de Mendoza<\/strong>, a trav\u00e9s del Ministerio de Econom\u00eda y Energ\u00eda, anunci\u00f3 el lanzamiento de una l\u00ednea de financiamiento orientada a cubrir los gastos de cosecha, acarreo y elaboraci\u00f3n de uva 2022.&nbsp;<\/p>\n\n\n\n<p>As\u00ed lo anunci\u00f3 el subsecretario de Agricultura y Ganader\u00eda, <strong>Sergio Moralejo<\/strong>: \u00ab<em>El gobierno de la provincia ha dispuesto una l\u00ednea de financiamiento por un monto de dos mil millones de pesos, conformados por aportes del Banco Naci\u00f3n, en su car\u00e1cter de agente financiero de la Provincia, y el Fondo para la Transformaci\u00f3n y el Crecimiento (FTyC). La intenci\u00f3n es acompa\u00f1ar y fortalecer a bodegas, cooperativas, peque\u00f1os productores mendocinos y establecimientos vitivin\u00edcolas de mayor envergadura<\/em>\u00ab.&nbsp;&nbsp;&nbsp;<\/p>\n\n\n\n<p>El funcionario detall\u00f3 que la tasa de inter\u00e9s ser\u00e1 subsidiada en 7 puntos por el Gobierno de la provincia, mientras que se est\u00e1 a la espera de la respuesta de un pedido formal ante la Naci\u00f3n, elevado por el ministro de Econom\u00eda y Energ\u00eda, <strong>Enrique Vaqui\u00e9<\/strong>, para acceder a un mayor subsidio de tasa.<\/p>\n\n\n\n<p>La iniciativa tiene por objetivo cubrir las necesidades de todos aquellos actores vinculados a producci\u00f3n y elaboraci\u00f3n de vinos. <\/p>\n\n\n\n<p><strong>Laura Torres<\/strong>, titular del FTyC, coment\u00f3 que \u00ab<em>una vez que se terminen de instrumentar todas las herramientas, se podr\u00e1 acceder a ellas tanto a trav\u00e9s de la p\u00e1gina oficial de nuestra entidad, o bien a trav\u00e9s de la del Banco de la Naci\u00f3n Argentina. Entendemos que a principios del mes de enero se encontrar\u00e1n operativas\u00bb<\/em>.&nbsp;<\/p>\n\n\n\n<div style=\"height:20px\" aria-hidden=\"true\" class=\"wp-block-spacer\"><\/div>\n\n\n\n<div style=\"height:32px\" aria-hidden=\"true\" class=\"wp-block-spacer\"><\/div>\n","protected":false},"excerpt":{"rendered":"<p>El Gobierno de esta provincia comunic\u00f3 que gestionar\u00e1 el financiamiento por hasta $2.000 millones para&hellip;<\/p>\n","protected":false},"author":3,"featured_media":51845,"comment_status":"open","ping_status":"open","sticky":false,"template":"","format":"standard","meta":{"footnotes":""},"categories":[14],"tags":[],"class_list":["post-51794","post","type-post","status-publish","format-standard","has-post-thumbnail","hentry","category-news"],"_links":{"self":[{"href":"https:\/\/enolife.com.ar\/es\/wp-json\/wp\/v2\/posts\/51794","targetHints":{"allow":["GET"]}}],"collection":[{"href":"https:\/\/enolife.com.ar\/es\/wp-json\/wp\/v2\/posts"}],"about":[{"href":"https:\/\/enolife.com.ar\/es\/wp-json\/wp\/v2\/types\/post"}],"author":[{"embeddable":true,"href":"https:\/\/enolife.com.ar\/es\/wp-json\/wp\/v2\/users\/3"}],"replies":[{"embeddable":true,"href":"https:\/\/enolife.com.ar\/es\/wp-json\/wp\/v2\/comments?post=51794"}],"version-history":[{"count":0,"href":"https:\/\/enolife.com.ar\/es\/wp-json\/wp\/v2\/posts\/51794\/revisions"}],"wp:featuredmedia":[{"embeddable":true,"href":"https:\/\/enolife.com.ar\/es\/wp-json\/wp\/v2\/media\/51845"}],"wp:attachment":[{"href":"https:\/\/enolife.com.ar\/es\/wp-json\/wp\/v2\/media?parent=51794"}],"wp:term":[{"taxonomy":"category","embeddable":true,"href":"https:\/\/enolife.com.ar\/es\/wp-json\/wp\/v2\/categories?post=51794"},{"taxonomy":"post_tag","embeddable":true,"href":"https:\/\/enolife.com.ar\/es\/wp-json\/wp\/v2\/tags?post=51794"}],"curies":[{"name":"wp","href":"https:\/\/api.w.org\/{rel}","templated":true}]}}