{"id":51790,"date":"2021-12-22T02:46:23","date_gmt":"2021-12-22T02:46:23","guid":{"rendered":"http:\/\/enolife.com.ar\/es\/?p=51790"},"modified":"2021-12-23T15:40:41","modified_gmt":"2021-12-23T15:40:41","slug":"montanas-vino-musica-y-un-corazon-los-simbolos-del-afiche-ganador-de-la-vendimia-2022","status":"publish","type":"post","link":"https:\/\/enolife.com.ar\/es\/montanas-vino-musica-y-un-corazon-los-simbolos-del-afiche-ganador-de-la-vendimia-2022\/","title":{"rendered":"Monta\u00f1as, vino, m\u00fasica y un coraz\u00f3n, los s\u00edmbolos del afiche ganador de la Vendimia 2022"},"content":{"rendered":"\n<h4 class=\"wp-block-heading\"><em><strong>Ana Carolina Chiconi y Fabricio de la Vega, una joven pareja de dise\u00f1adores, gan\u00f3 el concurso de imagen para promocionar&nbsp;la Fiesta de la Vendimia 2022. Seg\u00fan los jurados, que les otorgaron adem\u00e1s un premio de $200.000, la composici\u00f3n \u00abse destaca por su impacto visual y por ser la propuesta m\u00e1s equilibrada entre lo conceptual y lo gr\u00e1fico, respondiendo a la tradici\u00f3n de la Vendimia y al argumento de la Fiesta &#8216;Milagro del vino nuevo'\u00bb.<\/strong><\/em><\/h4>\n\n\n\n<div style=\"height:21px\" aria-hidden=\"true\" class=\"wp-block-spacer\"><\/div>\n\n\n<a href=\"https:\/\/instagram.com\/labelsolutions?igshid=YmMyMTA2M2Y=\" aria-label=\"Banner Palero 1700&#215;500\"><img loading=\"lazy\" decoding=\"async\" src=\"https:\/\/enolife.com.ar\/es\/wp-content\/uploads\/2021\/09\/Banner-Palero-1700x500-1.gif\" alt=\"\"  width=\"1700\" height=\"500\"   \/><\/a>\n\n\n<div style=\"height:42px\" aria-hidden=\"true\" class=\"wp-block-spacer\"><\/div>\n\n\n\n<div class=\"wp-block-image\"><figure class=\"alignleft is-resized\"><img loading=\"lazy\" decoding=\"async\" src=\"https:\/\/www.mendoza.gov.ar\/wp-content\/uploads\/sites\/5\/2021\/12\/afiche-vertical-final-700x980.jpg\" alt=\"\" width=\"371\" height=\"519\"\/><\/figure><\/div>\n\n\n\n<p>A partir del concurso lanzado por el <strong>Gobierno de Mendoza<\/strong> para elegir el <strong>Dise\u00f1o de Sistema de Identidad y Comunicaci\u00f3n Visua<\/strong>l que servir\u00e1 para promocionar la Fiesta Mayor de la provincia, el jurado eligi\u00f3 la propuesta del equipo cuyo seud\u00f3nimo es \u00abNENE\u00bb, compuesto por Ana Carolina Chiconi y Fabricio de la Vega.<\/p>\n\n\n\n<p>En la tarde del lunes 20\/12\/21, se reuni\u00f3 en el edificio de Cultura de Mendoza el jurado compuesto por <strong>Facundo Piedrafita<\/strong>, en representaci\u00f3n del Gobierno de Mendoza; <strong>Mar\u00eda Alejandra Ricciardi<\/strong>, por la UNCuyo; por la Fundaci\u00f3n Universitas, <strong>Mat\u00edas Jos\u00e9 Zaragoza<\/strong>; por la Universidad Champagnat, <strong>Marta Ver\u00f3nica Miguez<\/strong>; por el Instituto Gutemberg, <strong>Susana Mar\u00eda Luisa Simmons<\/strong>; por el Instituto Belgrano, <strong>Guillermo Alberto Lago<\/strong>; en representaci\u00f3n de Adimza (Asociaci\u00f3n de Dise\u00f1adores de Mendoza), <strong>Susana Cabrera<\/strong> y, en representaci\u00f3n del Equipo Art\u00edstico de la realizaci\u00f3n esc\u00e9nica, libreto y puesta en escena de la Fiesta Nacional de la Vendimia 2022, elegido por el propio equipo, <strong>Mariano Morales.<\/strong><\/p>\n\n\n\n<p>Se suman como veedores, invitados por el Ministerio de Cultura y Turismo, <strong>Vilma R\u00fapolo<\/strong> y <strong>Federico Ortega<\/strong>, directores de&nbsp;<em>Milagro del vino nuevo<\/em>; <strong>Liliana Berm\u00fadez<\/strong>, productora art\u00edstica del staff, y <strong>Pablo Eduardo Catalani<\/strong>, en representaci\u00f3n de la Asociaci\u00f3n Mendocina de Actividades Publicitarias (AMAP). Estos \u00faltimos contaron con voz pero no con voto en la selecci\u00f3n del ganador de este concurso.<\/p>\n\n\n\n<p>Tras analizar con detenimiento las 10 propuestas presentadas, el jurado, por mayor\u00eda, determin\u00f3 que el sistema gr\u00e1fico ganador es el presentado bajo el seud\u00f3nimo \u00abNENE\u00bb, por el equipo compuesto por <strong>Ana Carolina Chiconi<\/strong> y <strong>Fabricio de la Vega.<\/strong><\/p>\n\n\n\n<p>Seg\u00fan apuntaron los jurados, la pieza ganadora \u00ab<em>se destaca por su impacto visual y por ser la propuesta m\u00e1s equilibrada entre lo conceptual y lo gr\u00e1fico, respondiendo a la tradici\u00f3n de la Vendimia y al argumento de&nbsp;Milagro del vino nuevo\u00bb.<\/em><\/p>\n\n\n\n<div style=\"height:20px\" aria-hidden=\"true\" class=\"wp-block-spacer\"><\/div>\n\n\n\n<div class=\"wp-block-image\"><figure class=\"aligncenter size-large is-resized\"><img loading=\"lazy\" decoding=\"async\" src=\"https:\/\/enolife.com.ar\/es\/wp-content\/uploads\/2021\/12\/Ana-Carolina-Chiconi-y-Fabricio-de-la-Vega-1-700x589-1.jpeg\" alt=\"\" class=\"wp-image-51800\" width=\"575\" height=\"373\" srcset=\"https:\/\/enolife.com.ar\/es\/wp-content\/uploads\/2021\/12\/Ana-Carolina-Chiconi-y-Fabricio-de-la-Vega-1-700x589-1.jpeg 700w, https:\/\/enolife.com.ar\/es\/wp-content\/uploads\/2021\/12\/Ana-Carolina-Chiconi-y-Fabricio-de-la-Vega-1-700x589-1-300x195.jpeg 300w, https:\/\/enolife.com.ar\/es\/wp-content\/uploads\/2021\/12\/Ana-Carolina-Chiconi-y-Fabricio-de-la-Vega-1-700x589-1-585x379.jpeg 585w\" sizes=\"auto, (max-width: 575px) 100vw, 575px\" \/><figcaption><strong>Fabricio de la Vega y Ana Carolina Chiconi<\/strong><\/figcaption><\/figure><\/div>\n\n\n\n<div style=\"height:20px\" aria-hidden=\"true\" class=\"wp-block-spacer\"><\/div>\n\n\n\n<p class=\"has-medium-font-size\"><strong>Menciones especiales<\/strong><\/p>\n\n\n\n<p>A su vez, los miembros del jurado determinan un orden de m\u00e9rito compuesto por la propuesta n\u00famero 4, presentada bajo el seud\u00f3nimo Homo Sapiens, por<strong> Gerardo Ra\u00fal Quiroga<\/strong> y el proyecto con seud\u00f3nimo Mainumby, presentado por <strong>Mar\u00eda Eliana Mauceri<\/strong>.<\/p>\n\n\n\n<p>Los motivos por los que se destaca la propuesta de Quiroga son: \u00ab<em>manejo del color, formas pregnantes, calidad gr\u00e1fica y de la ilustraci\u00f3n muy bien resuelta e innovaci\u00f3n y car\u00e1cter\u00bb.<\/em><\/p>\n\n\n\n<p>En el caso de la propuesta de Mauceri, se destac\u00f3 por \u00ab<em>la identificaci\u00f3n con la s\u00edntesis argumental<\/em>\u00ab.<\/p>\n\n\n\n<div style=\"height:45px\" aria-hidden=\"true\" class=\"wp-block-spacer\"><\/div>\n","protected":false},"excerpt":{"rendered":"<p>Ana Carolina Chiconi y Fabricio de la Vega, una joven pareja de dise\u00f1adores, gan\u00f3 el&hellip;<\/p>\n","protected":false},"author":3,"featured_media":51808,"comment_status":"open","ping_status":"open","sticky":false,"template":"","format":"standard","meta":{"footnotes":""},"categories":[14],"tags":[],"class_list":["post-51790","post","type-post","status-publish","format-standard","has-post-thumbnail","hentry","category-news"],"_links":{"self":[{"href":"https:\/\/enolife.com.ar\/es\/wp-json\/wp\/v2\/posts\/51790","targetHints":{"allow":["GET"]}}],"collection":[{"href":"https:\/\/enolife.com.ar\/es\/wp-json\/wp\/v2\/posts"}],"about":[{"href":"https:\/\/enolife.com.ar\/es\/wp-json\/wp\/v2\/types\/post"}],"author":[{"embeddable":true,"href":"https:\/\/enolife.com.ar\/es\/wp-json\/wp\/v2\/users\/3"}],"replies":[{"embeddable":true,"href":"https:\/\/enolife.com.ar\/es\/wp-json\/wp\/v2\/comments?post=51790"}],"version-history":[{"count":0,"href":"https:\/\/enolife.com.ar\/es\/wp-json\/wp\/v2\/posts\/51790\/revisions"}],"wp:featuredmedia":[{"embeddable":true,"href":"https:\/\/enolife.com.ar\/es\/wp-json\/wp\/v2\/media\/51808"}],"wp:attachment":[{"href":"https:\/\/enolife.com.ar\/es\/wp-json\/wp\/v2\/media?parent=51790"}],"wp:term":[{"taxonomy":"category","embeddable":true,"href":"https:\/\/enolife.com.ar\/es\/wp-json\/wp\/v2\/categories?post=51790"},{"taxonomy":"post_tag","embeddable":true,"href":"https:\/\/enolife.com.ar\/es\/wp-json\/wp\/v2\/tags?post=51790"}],"curies":[{"name":"wp","href":"https:\/\/api.w.org\/{rel}","templated":true}]}}