{"id":5128,"date":"2019-11-24T17:56:05","date_gmt":"2019-11-24T17:56:05","guid":{"rendered":"http:\/\/enolife.com.ar\/es\/?p=5128"},"modified":"2019-11-27T01:26:18","modified_gmt":"2019-11-27T01:26:18","slug":"vino-argentino-emocion-nacional","status":"publish","type":"post","link":"https:\/\/enolife.com.ar\/es\/vino-argentino-emocion-nacional\/","title":{"rendered":"Vino Argentino: Emoci\u00f3n Nacional"},"content":{"rendered":"\n<div style=\"height:20px\" aria-hidden=\"true\" class=\"wp-block-spacer\"><\/div>\n\n\n\n<h4 class=\"wp-block-heading\"><em><strong>El 24 de noviembre de 2010 un decreto presidencial design\u00f3 al vino como \u00abBebida Nacional\u00bb. El 3 de julio de 2013, ese decreto fue transformado en una ley de la Naci\u00f3n, la 26.870, firmada entre otros por el diputado nacional mendocino Luis Borsani y promulgada el 30 de julio de 2013. Enolife recuerda en esta nota el porqu\u00e9 del festejo y comparte la emoci\u00f3n que nos genera ver cada uno de los videos publicitarios filmados por iniciativa de la Coviar y el Fondo Vitivin\u00edcola desde 2005 a la fecha<\/strong><\/em><strong>. <\/strong><\/h4>\n\n\n\n<h4 class=\"wp-block-heading\"><em><strong>Argentina es el primer pa\u00eds vitivin\u00edcola en conseguir este tipo de declaraci\u00f3n, la que resalta el valor cultural de nuestra bebida y su rol importante en la identidad nacional.<\/strong><\/em><\/h4>\n\n\n\n<div style=\"height:20px\" aria-hidden=\"true\" class=\"wp-block-spacer\"><\/div>\n\n\n\n<p>Los fundamentos de la ley 26.870 por la que se establece al vino como Bebida Nacional tambi\u00e9n resaltan la revalorizaci\u00f3n&nbsp;de los recursos humanos asociados a la producci\u00f3n, desde el vi\u00f1edo hasta la comercializaci\u00f3n, y la presencia de vinos argentinos en todas las representaciones diplom\u00e1ticas argentinas en el exterior.<\/p>\n\n\n\n<p>La Ley Nacional 26.870, sancionada por el Congreso de la Naci\u00f3n el 3 de julio de 2013, contempla:<\/p>\n\n\n\n<ul class=\"wp-block-list\"><li>Difusi\u00f3n de las caracter\u00edsticas culturales que implica la producci\u00f3n, elaboraci\u00f3n y consumo de vino argentino y sus tradiciones.<\/li><li>Promoci\u00f3n de la imagen e isologo del&nbsp;<strong>Vino Argentino Bebida Nacional<\/strong>&nbsp;en todo tipo de eventos oficiales en el pa\u00eds y en el exterior.<\/li><li>Identificaci\u00f3n de toda la gama de vinos con un isologo o texto com\u00fan.<\/li><li>Promoci\u00f3n del desarrollo de las econom\u00edas regionales a partir de acciones relacionadas con actividades de servicios&nbsp;vinculadas al sector vitivin\u00edcola.<\/li><li>Presencia del&nbsp;<strong>Vino Argentino<\/strong>&nbsp;en eventos oficiales del cuerpo diplom\u00e1tico y consular.<\/li><li>Presentaci\u00f3n de los numerosos, diversos y maravillosos paisajes vitivin\u00edcolas de nuestro territorio nacional.<\/li><li>Revalorizaci\u00f3n de los recursos humanos asociados a la producci\u00f3n desde el vi\u00f1edo hasta la comercializaci\u00f3n.<\/li><\/ul>\n\n\n\n<p class=\"has-background has-very-light-gray-background-color\"><strong>El texto de la ley 26.870, publicado en la web oficial del Ministerio de Econom\u00eda del Gobierno argentino:<\/strong> <a href=\"http:\/\/servicios.infoleg.gob.ar\/infolegInternet\/anexos\/215000-219999\/218039\/norma.htm\">http:\/\/servicios.infoleg.gob.ar\/infolegInternet\/anexos\/215000-219999\/218039\/norma.htm<\/a><strong> <\/strong><br><br><strong>Resoluci\u00f3n<\/strong>: <a href=\"http:\/\/coviar.com.ar\/2018\/wp-content\/uploads\/2018\/10\/RESO_31_18_isologo_RS-2018-22290051-APN-SECCYDTMA.pdf\">http:\/\/coviar.com.ar\/2018\/wp-content\/uploads\/2018\/10\/RESO_31_18_isologo_RS-2018-22290051-APN-SECCYDTMA.pdf<\/a><br><br><strong>Carta de Adhesi\u00f3n:<\/strong> <a href=\"https:\/\/enolife.com.ar\/es\/wp-content\/uploads\/2019\/11\/Carta-de-Adhesi\u00f3n-2018-2.docx\">https:\/\/enolife.com.ar\/es\/wp-content\/uploads\/2019\/11\/Carta-de-Adhesi\u00f3n-2018-2.docx<\/a><\/p>\n\n\n\n<div style=\"height:100px\" aria-hidden=\"true\" class=\"wp-block-spacer\"><\/div>\n\n\n\n<figure><iframe loading=\"lazy\" width=\"850\" height=\"315\" src=\"https:\/\/www.youtube.com\/embed\/JQFfOEWotIk\" allowfullscreen=\"\"><\/iframe><\/figure>\n\n\n\n<div style=\"height:100px\" aria-hidden=\"true\" class=\"wp-block-spacer\"><\/div>\n\n\n\n<p class=\"has-medium-font-size\"><strong>El vino nos une a trav\u00e9s de los a\u00f1os<\/strong><\/p>\n\n\n\n<div style=\"height:20px\" aria-hidden=\"true\" class=\"wp-block-spacer\"><\/div>\n\n\n\n<p>Con el objetivo de contribuir al reposicionamiento de la categor\u00eda vino en el mercado interno, este proyecto, enmarcado en el Plan Estrat\u00e9gico y llevado a cabo por el Fondo Vitivin\u00edcola Mendoza, sostiene como principal producto el desarrollo de una campa\u00f1a masiva, gen\u00e9rica y multimedial de comunicaci\u00f3n en Argentina desde el a\u00f1o 2005. <\/p>\n\n\n\n<p>Se enmarca en la estrategia del Plan Estrat\u00e9gico Vitivin\u00edcola \u201ccrear la identidad e imagen Argentina en el marco del objetivo de reimpulso del mercado argentino de vinos\u201d.<\/p>\n\n\n\n<p>La comunicaci\u00f3n gen\u00e9rica busca crear valor y generar discurso positivo en todos los segmentos de la categor\u00eda y para todos los grupos de consumidores, enfatizando los atributos comunes a todos los segmentos y tipos de vinos a partir de un profundo seguimiento de las necesidades de la demanda. Los beneficiarios directos son aproximadamente 950 bodegas que destinan sus productos al mercado interno.<\/p>\n\n\n\n<p>Los fondos con los que se financia esta campa\u00f1a provienen de los aportes, en su mayor\u00eda, del sector privado (bodegas) a trav\u00e9s de la contribuci\u00f3n obligatoria (Ley. 25.849).<\/p>\n\n\n\n<div style=\"height:20px\" aria-hidden=\"true\" class=\"wp-block-spacer\"><\/div>\n\n\n\n<p class=\"has-medium-font-size\"><strong>Vino para todo el mundo<\/strong><\/p>\n\n\n\n<div style=\"height:20px\" aria-hidden=\"true\" class=\"wp-block-spacer\"><\/div>\n\n\n\n<figure><iframe loading=\"lazy\" width=\"850\" height=\"315\" src=\"https:\/\/www.youtube.com\/embed\/dkzcIV2NoLw\" allowfullscreen=\"\"><\/iframe><\/figure>\n\n\n\n<div style=\"height:100px\" aria-hidden=\"true\" class=\"wp-block-spacer\"><\/div>\n\n\n\n<p class=\"has-medium-font-size\"><strong>Verdades Cantadas<\/strong><\/p>\n\n\n\n<div style=\"height:20px\" aria-hidden=\"true\" class=\"wp-block-spacer\"><\/div>\n\n\n\n<figure><iframe loading=\"lazy\" width=\"850\" height=\"315\" src=\"https:\/\/www.youtube.com\/embed\/sznw2zDek1Q\" allowfullscreen=\"\"><\/iframe><\/figure>\n\n\n\n<div style=\"height:100px\" aria-hidden=\"true\" class=\"wp-block-spacer\"><\/div>\n\n\n\n<p class=\"has-medium-font-size\"><strong>Verdades Cantadas y el Maestro \u00c1ngel Mendoza bailando con un racimo<\/strong><\/p>\n\n\n\n<div style=\"height:20px\" aria-hidden=\"true\" class=\"wp-block-spacer\"><\/div>\n\n\n\n<figure><iframe loading=\"lazy\" width=\"850\" height=\"315\" src=\"https:\/\/www.youtube.com\/embed\/d1UlsGdfSAQ\" allowfullscreen=\"\"><\/iframe><\/figure>\n\n\n\n<div style=\"height:100px\" aria-hidden=\"true\" class=\"wp-block-spacer\"><\/div>\n\n\n\n<p class=\"has-medium-font-size\">\u00a1<strong>Salud<\/strong>!<\/p>\n\n\n\n<div style=\"height:20px\" aria-hidden=\"true\" class=\"wp-block-spacer\"><\/div>\n\n\n\n<figure><iframe loading=\"lazy\" width=\"850\" height=\"315\" src=\"https:\/\/www.youtube.com\/embed\/9hLffwg7kqA\" allowfullscreen=\"\"><\/iframe><\/figure>\n\n\n\n<div style=\"height:100px\" aria-hidden=\"true\" class=\"wp-block-spacer\"><\/div>\n\n\n\n<p class=\"has-medium-font-size\">\u00a1<strong>Alegr\u00eda<\/strong>!<\/p>\n\n\n\n<div style=\"height:20px\" aria-hidden=\"true\" class=\"wp-block-spacer\"><\/div>\n\n\n\n<figure><iframe loading=\"lazy\" width=\"850\" height=\"315\" src=\"https:\/\/www.youtube.com\/embed\/7pxoJT1_ILQ\" allowfullscreen=\"\"><\/iframe><\/figure>\n\n\n\n<div style=\"height:100px\" aria-hidden=\"true\" class=\"wp-block-spacer\"><\/div>\n\n\n\n<figure><iframe loading=\"lazy\" width=\"850\" height=\"315\" src=\"https:\/\/www.youtube.com\/embed\/M-JUeYvMjrs\" allowfullscreen=\"\"><\/iframe><\/figure>\n\n\n\n<div style=\"height:100px\" aria-hidden=\"true\" class=\"wp-block-spacer\"><\/div>\n\n\n\n<p class=\"has-medium-font-size\"><strong>El vino, la primera red social, con el Mart\u00edn Fierro<\/strong><\/p>\n\n\n\n<div style=\"height:20px\" aria-hidden=\"true\" class=\"wp-block-spacer\"><\/div>\n\n\n\n<figure><iframe loading=\"lazy\" width=\"850\" height=\"315\" src=\"https:\/\/www.youtube.com\/embed\/83GN6sqjjuM\" allowfullscreen=\"\"><\/iframe><\/figure>\n\n\n\n<div style=\"height:100px\" aria-hidden=\"true\" class=\"wp-block-spacer\"><\/div>\n\n\n\n<p class=\"has-background has-luminous-vivid-amber-background-color\"><strong>Este spot, \u201cEl vino, la primera red social\u201d, gan\u00f3 el Mart\u00edn Fierro al mejor aviso publicitario 2017 en la gala de Aptra.<\/strong><\/p>\n\n\n\n<div style=\"height:20px\" aria-hidden=\"true\" class=\"wp-block-spacer\"><\/div>\n\n\n\n<div class=\"wp-block-image\"><figure class=\"alignleft is-resized\"><img loading=\"lazy\" decoding=\"async\" src=\"http:\/\/coviar.com.ar\/2018\/wp-content\/uploads\/2018\/05\/martin-fierro.jpg\" alt=\"\" width=\"259\" height=\"345\"\/><\/figure><\/div>\n\n\n\n<p>El comercial sobre el vino comparti\u00f3 la terna con la publicidad&nbsp;<strong>\u201cCasa\u201d (Poett Fraganza \u2013 FCB&amp;Fire)<\/strong>&nbsp;y con la de&nbsp;<strong>\u201cCoca Cola- Estamos m\u00e1s cerca de lo que creemos\u201d<\/strong>&nbsp;(Coca Cola \u2013 Grey Argentina). Es la primera vez que un aviso dedicado a la bebida nacional obtiene un galard\u00f3n de estas caracter\u00edsticas.<br><br>La&nbsp;<strong>Asociaci\u00f3n de Periodistas de la Televisi\u00f3n y la Radiofon\u00eda Argentina (Aptra)<\/strong>&nbsp;decidi\u00f3 distinguir la publicidad del Fondo Vitivin\u00edcola cuya realizaci\u00f3n estuvo a cargo de la<strong>&nbsp;productora La Br\u00fajula<\/strong>, que se bas\u00f3 en la propuesta creativa de la&nbsp;<strong>agencia Liebre Amotinada.<\/strong><\/p>\n\n\n\n<div style=\"height:201px\" aria-hidden=\"true\" class=\"wp-block-spacer\"><\/div>\n\n\n\n<figure><iframe loading=\"lazy\" width=\"850\" height=\"315\" src=\"https:\/\/www.youtube.com\/embed\/nlrPVks_Nx4\" allowfullscreen=\"\"><\/iframe><\/figure>\n\n\n\n<div style=\"height:100px\" aria-hidden=\"true\" class=\"wp-block-spacer\"><\/div>\n\n\n\n<p class=\"has-medium-font-size\"><strong>Vino + Morfi<\/strong><\/p>\n\n\n\n<div style=\"height:20px\" aria-hidden=\"true\" class=\"wp-block-spacer\"><\/div>\n\n\n\n<figure><iframe loading=\"lazy\" width=\"850\" height=\"315\" src=\"https:\/\/www.youtube.com\/embed\/oiZqMEYgWDc\" allowfullscreen=\"\"><\/iframe><\/figure>\n\n\n\n<div style=\"height:100px\" aria-hidden=\"true\" class=\"wp-block-spacer\"><\/div>\n\n\n\n<figure><iframe loading=\"lazy\" width=\"850\" height=\"315\" src=\"https:\/\/www.youtube.com\/embed\/l1FN-kOhS6w\" allowfullscreen=\"\"><\/iframe><\/figure>\n\n\n\n<div style=\"height:100px\" aria-hidden=\"true\" class=\"wp-block-spacer\"><\/div>\n\n\n\n<p class=\"has-medium-font-size\"><strong>Las voces del vino: 2019<\/strong><\/p>\n\n\n\n<div style=\"height:20px\" aria-hidden=\"true\" class=\"wp-block-spacer\"><\/div>\n\n\n\n<figure><iframe loading=\"lazy\" width=\"850\" height=\"315\" src=\"https:\/\/www.youtube.com\/embed\/9hdmf0hSw9k\" allowfullscreen=\"\"><\/iframe><\/figure>\n\n\n\n<div style=\"height:100px\" aria-hidden=\"true\" class=\"wp-block-spacer\"><\/div>\n\n\n\n<p>La apuesta se hace cada vez mayor: este a\u00f1o 2019 la emoci\u00f3n se traslad\u00f3 de la tanda a la programaci\u00f3n con una gran producci\u00f3n audiovisual en la TV P\u00fablica. La saga \u00abLas Voces del Vino\u00bb se estren\u00f3 e<strong>l 17 de abril de 2019 en la pantalla chica, a prop\u00f3sito del D\u00eda Mundial del Malbec<\/strong>.<\/p>\n\n\n\n<p><strong><em>Las Voces del Vino<\/em><\/strong>&nbsp;es un relato de enorme belleza visual y de gran profundidad cultural. El vi\u00f1edo plantado a mayor altitud y el vi\u00f1edo m\u00e1s austral, el consumo del vino ligado a la familia y al placer, profesionales que hacen del vino una forma de vida, paisajes majestuosos donde la vi\u00f1a se recorta con su imponente belleza\u2026 Y uniendo todas estas im\u00e1genes, las voces que hablan en primera persona. Son voces que dialogan y arman un relato de generosa riqueza y, fundamentalmente, son las voces de los protagonistas: productores, consumidores, en\u00f3logos, chefs, artistas, dise\u00f1adores, agr\u00f3nomos, todos unidos por la pasi\u00f3n que genera el vino.<\/p>\n\n\n\n<div style=\"height:31px\" aria-hidden=\"true\" class=\"wp-block-spacer\"><\/div>\n\n\n\n<figure><iframe loading=\"lazy\" width=\"850\" height=\"315\" src=\"https:\/\/www.youtube.com\/embed\/fbi8Sf6eh3U\" allowfullscreen=\"\"><\/iframe><\/figure>\n\n\n\n<div style=\"height:100px\" aria-hidden=\"true\" class=\"wp-block-spacer\"><\/div>\n\n\n\n<figure><iframe loading=\"lazy\" width=\"850\" height=\"315\" src=\"https:\/\/www.youtube.com\/embed\/VQHDEGJj4uY\" allowfullscreen=\"\"><\/iframe><\/figure>\n","protected":false},"excerpt":{"rendered":"<p>El 24 de noviembre de 2010 un decreto presidencial design\u00f3 al vino como \u00abBebida Nacional\u00bb.&hellip;<\/p>\n","protected":false},"author":3,"featured_media":5184,"comment_status":"open","ping_status":"open","sticky":false,"template":"","format":"standard","meta":{"footnotes":""},"categories":[14],"tags":[],"class_list":["post-5128","post","type-post","status-publish","format-standard","has-post-thumbnail","hentry","category-news"],"_links":{"self":[{"href":"https:\/\/enolife.com.ar\/es\/wp-json\/wp\/v2\/posts\/5128","targetHints":{"allow":["GET"]}}],"collection":[{"href":"https:\/\/enolife.com.ar\/es\/wp-json\/wp\/v2\/posts"}],"about":[{"href":"https:\/\/enolife.com.ar\/es\/wp-json\/wp\/v2\/types\/post"}],"author":[{"embeddable":true,"href":"https:\/\/enolife.com.ar\/es\/wp-json\/wp\/v2\/users\/3"}],"replies":[{"embeddable":true,"href":"https:\/\/enolife.com.ar\/es\/wp-json\/wp\/v2\/comments?post=5128"}],"version-history":[{"count":0,"href":"https:\/\/enolife.com.ar\/es\/wp-json\/wp\/v2\/posts\/5128\/revisions"}],"wp:featuredmedia":[{"embeddable":true,"href":"https:\/\/enolife.com.ar\/es\/wp-json\/wp\/v2\/media\/5184"}],"wp:attachment":[{"href":"https:\/\/enolife.com.ar\/es\/wp-json\/wp\/v2\/media?parent=5128"}],"wp:term":[{"taxonomy":"category","embeddable":true,"href":"https:\/\/enolife.com.ar\/es\/wp-json\/wp\/v2\/categories?post=5128"},{"taxonomy":"post_tag","embeddable":true,"href":"https:\/\/enolife.com.ar\/es\/wp-json\/wp\/v2\/tags?post=5128"}],"curies":[{"name":"wp","href":"https:\/\/api.w.org\/{rel}","templated":true}]}}