{"id":5107,"date":"2019-11-23T01:39:27","date_gmt":"2019-11-23T01:39:27","guid":{"rendered":"http:\/\/enolife.com.ar\/es\/?p=5107"},"modified":"2019-11-28T15:46:39","modified_gmt":"2019-11-28T15:46:39","slug":"un-mendocino-investigador-en-vitivinicultura-es-el-nuevo-director-nacional-del-inta","status":"publish","type":"post","link":"https:\/\/enolife.com.ar\/es\/un-mendocino-investigador-en-vitivinicultura-es-el-nuevo-director-nacional-del-inta\/","title":{"rendered":"Un mendocino investigador en vitivinicultura es el nuevo director nacional del INTA"},"content":{"rendered":"\n<h4 class=\"wp-block-heading\"><em><strong>El ingeniero agr\u00f3nomo Carlos Parera, que obtuvo el cargo por concurso, tendr\u00e1 la funci\u00f3n de coordinar, planificar y gestionar las actividades del Instituto Nacional de Tecnolog\u00eda Agropecuaria en todo el pa\u00eds. Durante los pr\u00f3ximos 4 a\u00f1os, la agenda del organismo estar\u00e1 enfocada en la innovaci\u00f3n y en el desarrollo de tecnolog\u00edas para el crecimiento del sector agroproductivo. <\/strong><\/em><\/h4>\n\n\n\n<div style=\"height:34px\" aria-hidden=\"true\" class=\"wp-block-spacer\"><\/div>\n\n\n\n<p><strong>El ingeniero agr\u00f3nomo mendocino Carlos Parera<\/strong>&nbsp;asumi\u00f3 su cargo como&nbsp;<strong>director nacional del INTA.&nbsp;<\/strong>El concurso p\u00fablico se realiz\u00f3 en setiembre pasado y la puesta en funciones tuvo lugar el 19 de noviembre, en reemplazo del anterior responsable del \u00e1rea, H\u00e9ctor Espina<strong>.&nbsp;<\/strong><\/p>\n\n\n\n<div style=\"height:20px\" aria-hidden=\"true\" class=\"wp-block-spacer\"><\/div>\n\n\n\n<figure class=\"wp-block-embed-twitter aligncenter wp-block-embed is-type-rich is-provider-twitter\"><div class=\"wp-block-embed__wrapper\">\n<blockquote class=\"twitter-tweet\" data-width=\"550\" data-dnt=\"true\"><p lang=\"es\" dir=\"ltr\">Carlos Parera, el nuevo director nacional del INTA, quien tendr\u00e1 por delante la tarea de coordinar, planificar y gestionar las actividades del instituto en todo el pa\u00eds, nos cuenta cu\u00e1les son los desaf\u00edos para el futuro. <a href=\"https:\/\/t.co\/Z9MkMoPLlQ\">pic.twitter.com\/Z9MkMoPLlQ<\/a><\/p>&mdash; INTA (@intaargentina) <a href=\"https:\/\/twitter.com\/intaargentina\/status\/1196850812179353600?ref_src=twsrc%5Etfw\">November 19, 2019<\/a><\/blockquote><script async src=\"https:\/\/platform.twitter.com\/widgets.js\" charset=\"utf-8\"><\/script>\n<\/div><\/figure>\n\n\n\n<div style=\"height:20px\" aria-hidden=\"true\" class=\"wp-block-spacer\"><\/div>\n\n\n\n<p>Parera es reconocido como uno de los especialistas en vitivinicultura m\u00e1s importantes de la regi\u00f3n. De hecho, ha sido coordinador metodol\u00f3gico del&nbsp;<strong>Plan Estrat\u00e9gico Vitivin\u00edcola 2030<\/strong> de la Coviar, tarea que en su momento asumi\u00f3 anunciando que el nuevo plan deber\u00e1 potenciar la participaci\u00f3n de los diferentes actores que integran el aglomerado vitivin\u00edcola nacional, poniendo \u00e9nfasis en una perspectiva federal,&nbsp;<strong>con visi\u00f3n prospectiva y con foco en la innovaci\u00f3n y la sostenibilidad econ\u00f3mica, social y ambiental.&nbsp;<\/strong><\/p>\n\n\n\n<p>En la misma l\u00ednea, con una agenda enfocada en investigaci\u00f3n, extensi\u00f3n y&nbsp; las nuevas tecnolog\u00edas para optimizar el uso de los recursos, Carlos Parera asumi\u00f3 en el INTA. Del acto para la puesta en funciones participaron Santiago del Solar -jefe de Gabinete del Ministerio de Agricultur-, Andr\u00e9s Murchison -secretario de Alimentos y Bioeconom\u00eda del Ministerio de Agricultura-,&nbsp;Juan Balb\u00edn -presidente del INTA-,&nbsp;Mariano Bosch                                       -vicepresidente del INTA- y&nbsp;H\u00e9ctor Espina -director saliente-, entre otras autoridades.<\/p>\n\n\n\n<p>Balb\u00edn puso en funciones a Parera, y en su discurso destac\u00f3 la importancia de los concursos p\u00fablicos y abiertos: \u201cEl INTA tiene que estar orgulloso de estos procesos de selecci\u00f3n, es una carrera de postas; un nuevo concurso es un nuevo desaf\u00edo. Cuando se elige a una persona se hace hincapi\u00e9 en su perfil de acuerdo al contexto\u201d.<\/p>\n\n\n\n<p>En ese \u00e1mbito, Balb\u00edn agradeci\u00f3 el trabajo de H\u00e9ctor Espina -director saliente- en los dos a\u00f1os de trabajo en conjunto, como as\u00ed tambi\u00e9n a todo el equipo de la Direcci\u00f3n Nacional, al Consejo Directivo y a todos los colaboradores.<\/p>\n\n\n\n<p>Por su parte, Espina tambi\u00e9n agradeci\u00f3 el compromiso de todos los que conforman el INTA y dijo: \u201cEstos son proyectos colectivos, cada uno aporta desde sus saberes, pero con la misma camiseta puesta por la instituci\u00f3n. El principal capital que tenemos es el humano, se construye diariamente y hacen a la gran plataforma t\u00e9cnico territorial\u201d.<\/p>\n\n\n\n<div style=\"height:20px\" aria-hidden=\"true\" class=\"wp-block-spacer\"><\/div>\n\n\n\n<div class=\"wp-block-image\"><figure class=\"aligncenter is-resized\"><a href=\"https:\/\/intainforma.inta.gob.ar\/wp-content\/uploads\/2019\/11\/parera-web-2.jpg\" data-rel=\"penci-gallery-image-content\" ><img loading=\"lazy\" decoding=\"async\" src=\"https:\/\/intainforma.inta.gob.ar\/wp-content\/uploads\/2019\/11\/parera-web-2.jpg\" alt=\"\" class=\"wp-image-1253841\" width=\"479\" height=\"296\"\/><\/a><figcaption><em>El director saliente, H\u00e9ctor Espina (izq.) recibi\u00f3 una distinci\u00f3n por su desempe\u00f1o.<\/em><\/figcaption><\/figure><\/div>\n\n\n\n<div style=\"height:31px\" aria-hidden=\"true\" class=\"wp-block-spacer\"><\/div>\n\n\n\n<p>En su primer discurso como director nacional del INTA, Parera agradeci\u00f3 a todos los asistentes y, especialmente, al Consejo Directivo del organismo por la \u201cconfianza y oportunidad para contribuir y aportar al desarrollo del pa\u00eds\u201d.<\/p>\n\n\n\n<div style=\"height:49px\" aria-hidden=\"true\" class=\"wp-block-spacer\"><\/div>\n\n\n\n<figure><iframe loading=\"lazy\" width=\"850\" height=\"315\" src=\"https:\/\/www.youtube.com\/embed\/QHCE6adBVuc\" allowfullscreen=\"\"><\/iframe><\/figure>\n\n\n\n<div style=\"height:53px\" aria-hidden=\"true\" class=\"wp-block-spacer\"><\/div>\n\n\n\n<p>\u201cEs un desaf\u00edo enorme, nada f\u00e1cil\u201d, reconoci\u00f3 el flamante director al tiempo que asegur\u00f3 que \u201ces un desaf\u00edo colectivo, de todos los que son parte del INTA\u201d. En esta l\u00ednea, inst\u00f3 a trabajar como un equipo institucional para darle respuesta a los problemas que tenemos como pa\u00eds. \u201cEstoy convencido que los aportes colectivos les dan sustentabilidad a los procesos\u201d, indic\u00f3.<\/p>\n\n\n\n<p>Y agreg\u00f3: \u201cEl mundo est\u00e1 cambiando, con una marcada complejidad y ambig\u00fcedad. Muchos de estos cambios superan la capacidad de adaptaci\u00f3n que tenemos como humanos y, en este contexto, el INTA tiene que adaptarse a esta realidad para dar respuesta con tecnolog\u00edas e innovaci\u00f3n a fin de resolver los problemas reales de la sociedad\u201d.<\/p>\n\n\n\n<p>Para lograr esto, Parera ponder\u00f3 el rol de la innovaci\u00f3n y la consider\u00f3 la llave fundamental para el crecimiento y asegur\u00f3 que depende de dos factores clave: la investigaci\u00f3n y la extensi\u00f3n. \u201cDebemos hacer un esfuerzo institucional por la innovaci\u00f3n, donde la extensi\u00f3n y la investigaci\u00f3n deben confundirse e infundirse\u201d.<\/p>\n\n\n\n<p>Durante los pr\u00f3ximos cuatro a\u00f1os, Parera tendr\u00e1 por delante la tarea de coordinar, planificar y gestionar las actividades del instituto en todo el pa\u00eds.<\/p>\n\n\n\n<div style=\"height:20px\" aria-hidden=\"true\" class=\"wp-block-spacer\"><\/div>\n\n\n\n<div class=\"wp-block-image\"><figure class=\"aligncenter is-resized\"><a href=\"https:\/\/intainforma.inta.gob.ar\/wp-content\/uploads\/2019\/11\/parera-web-3.jpg\" data-rel=\"penci-gallery-image-content\" ><img loading=\"lazy\" decoding=\"async\" src=\"https:\/\/intainforma.inta.gob.ar\/wp-content\/uploads\/2019\/11\/parera-web-3.jpg\" alt=\"\" class=\"wp-image-1253842\" width=\"520\" height=\"346\"\/><\/a><figcaption><em><strong>Parera habla durante el acto de asunci\u00f3n en el INTA.<\/strong><\/em><\/figcaption><\/figure><\/div>\n\n\n\n<div style=\"height:28px\" aria-hidden=\"true\" class=\"wp-block-spacer\"><\/div>\n\n\n\n<p>Con un marcado inter\u00e9s en temas vinculados con la investigaci\u00f3n y el desarrollo de tecnolog\u00edas para abordar temas como cambio clim\u00e1tico, la ruralidad -donde la migraci\u00f3n de los j\u00f3venes crece exponencialmente- o la tendencia hacia una alimentaci\u00f3n de calidad, el nuevo director nacional asegur\u00f3 que trabajar\u00e1 en \u201cun nuevo plan de mediano plazo, evaluando las dificultades y aciertos para poder tener una hoja de ruta institucional que gu\u00ede a la gesti\u00f3n\u201d.<\/p>\n\n\n\n<p>\u201cLos j\u00f3venes son el futuro\u201d, destac\u00f3 Parera, y luego analiz\u00f3: \u201cNo es una frase hecha, es una realidad. Desde la instituci\u00f3n debemos promover la participaci\u00f3n de los gobiernos municipales, provinciales y de las organizaciones de productores para potenciar a los j\u00f3venes en los nuevos perfiles que demanda la agricultura del futuro o \u2018agricultura 4.0\u2019\u201d.<\/p>\n\n\n\n<div style=\"height:20px\" aria-hidden=\"true\" class=\"wp-block-spacer\"><\/div>\n\n\n\n<p class=\"has-background has-pale-cyan-blue-background-color\"><strong>Una extensa carrera, con foco en la investigaci\u00f3n cient\u00edfica<\/strong><br><br>Parera ingres\u00f3 al INTA como becario en la Agencia de Extensi\u00f3n Rural La Consulta de San Carlos, Mendoza, en 1980. Adem\u00e1s de especializarse en temas vinculados con la fisiolog\u00eda vegetal y optimizar el uso de los recursos naturales, Parera se desempe\u00f1\u00f3 como director de la Estaci\u00f3n Experimental Agropecuaria San Juan, desde 1992 hasta 2003, y luego como director del Centro Regional Mendoza \u2013 San Juan, desde 2003 hasta 2014.<\/p>\n\n\n\n<div style=\"height:30px\" aria-hidden=\"true\" class=\"wp-block-spacer\"><\/div>\n\n\n\n<p>\u201cEl desaf\u00edo es robustecer la capacitaci\u00f3n del personal en todos los niveles. Debemos trabajar en la identificaci\u00f3n de \u00e1reas de criticidad y priorizaci\u00f3n\u201d, se\u00f1al\u00f3 Parera, quien agreg\u00f3: \u201cPor ejemplo, la mayor\u00eda de los que hoy ocupan un puesto de gesti\u00f3n y aprendieron sobre la marcha y con muchos magullones. Por esto, en el corto plazo, vamos a establecer un programa de formaci\u00f3n para los distintos niveles de conducci\u00f3n que vigorice el pensamiento estrat\u00e9gico, la gesti\u00f3n y la acci\u00f3n\u201d.<\/p>\n\n\n\n<p>En este sentido, Parera reconoci\u00f3 el rol de los Consejos Locales y Regionales. \u201cLa participaci\u00f3n en el funcionamiento institucional ha sido y es una de las grandes fortalezas de INTA\u201d, manifest\u00f3 y valor\u00f3: \u201cM\u00e1s de 3.000 personas integran los diferentes Consejos distribuidos en todo el pa\u00eds, por esto es fundamental y prioritario dise\u00f1ar un programa de fortalecimiento de esta herramienta de control social\u201d.<\/p>\n\n\n\n<div style=\"height:20px\" aria-hidden=\"true\" class=\"wp-block-spacer\"><\/div>\n\n\n\n<p class=\"has-small-font-size\"><em><strong>Fuentes: INTA y diario Los Andes<\/strong><\/em><\/p>\n","protected":false},"excerpt":{"rendered":"<p>El ingeniero agr\u00f3nomo Carlos Parera, que obtuvo el cargo por concurso, tendr\u00e1 la funci\u00f3n de&hellip;<\/p>\n","protected":false},"author":3,"featured_media":5113,"comment_status":"open","ping_status":"open","sticky":false,"template":"","format":"standard","meta":{"footnotes":""},"categories":[14],"tags":[],"class_list":["post-5107","post","type-post","status-publish","format-standard","has-post-thumbnail","hentry","category-news"],"_links":{"self":[{"href":"https:\/\/enolife.com.ar\/es\/wp-json\/wp\/v2\/posts\/5107","targetHints":{"allow":["GET"]}}],"collection":[{"href":"https:\/\/enolife.com.ar\/es\/wp-json\/wp\/v2\/posts"}],"about":[{"href":"https:\/\/enolife.com.ar\/es\/wp-json\/wp\/v2\/types\/post"}],"author":[{"embeddable":true,"href":"https:\/\/enolife.com.ar\/es\/wp-json\/wp\/v2\/users\/3"}],"replies":[{"embeddable":true,"href":"https:\/\/enolife.com.ar\/es\/wp-json\/wp\/v2\/comments?post=5107"}],"version-history":[{"count":0,"href":"https:\/\/enolife.com.ar\/es\/wp-json\/wp\/v2\/posts\/5107\/revisions"}],"wp:featuredmedia":[{"embeddable":true,"href":"https:\/\/enolife.com.ar\/es\/wp-json\/wp\/v2\/media\/5113"}],"wp:attachment":[{"href":"https:\/\/enolife.com.ar\/es\/wp-json\/wp\/v2\/media?parent=5107"}],"wp:term":[{"taxonomy":"category","embeddable":true,"href":"https:\/\/enolife.com.ar\/es\/wp-json\/wp\/v2\/categories?post=5107"},{"taxonomy":"post_tag","embeddable":true,"href":"https:\/\/enolife.com.ar\/es\/wp-json\/wp\/v2\/tags?post=5107"}],"curies":[{"name":"wp","href":"https:\/\/api.w.org\/{rel}","templated":true}]}}