{"id":51043,"date":"2021-12-13T02:26:13","date_gmt":"2021-12-13T02:26:13","guid":{"rendered":"http:\/\/enolife.com.ar\/es\/?p=51043"},"modified":"2021-12-16T22:31:21","modified_gmt":"2021-12-16T22:31:21","slug":"bodega-santa-julia-invita-a-la-muestra-del-maestro-jose-bermudez-icono-de-la-pintura-mendocina","status":"publish","type":"post","link":"https:\/\/enolife.com.ar\/es\/bodega-santa-julia-invita-a-la-muestra-del-maestro-jose-bermudez-icono-de-la-pintura-mendocina\/","title":{"rendered":"Bodega Santa Julia invita a la muestra del maestro Jos\u00e9 Berm\u00fadez, \u00edcono de la pintura mendocina"},"content":{"rendered":"\n<h4 class=\"wp-block-heading\"><em><strong>Los magn\u00edficos cuadros del gran artista pl\u00e1stico mendocino, fallecido en febrero de 2021 a sus 97 a\u00f1os, siguen expuestos en la Cava de Arte de Bodega Santa Julia, en la calle Las Margaritas de San Roque, Maip\u00fa. En ese tradicional espacio de arte y vino, inspirado por Emma Zuccardi, fogoneado por su nieta Julia Zuccardi y coordinado por la curadora Pupi Ag\u00fcero, el visitante puede disfrutar siempre de un buen vino, charlar de arte con los anfitriones y, por supuesto, adquirir las obras. <\/strong><\/em><\/h4>\n\n\n\n<div style=\"height:28px\" aria-hidden=\"true\" class=\"wp-block-spacer\"><\/div>\n\n\n<a href=\"https:\/\/instagram.com\/labelsolutions?igshid=YmMyMTA2M2Y=\" aria-label=\"Banner Palero 1700&#215;500\"><img loading=\"lazy\" decoding=\"async\" src=\"https:\/\/enolife.com.ar\/es\/wp-content\/uploads\/2021\/09\/Banner-Palero-1700x500-1.gif\" alt=\"\"  width=\"1700\" height=\"500\"   \/><\/a>\n\n\n<div style=\"height:36px\" aria-hidden=\"true\" class=\"wp-block-spacer\"><\/div>\n\n\n\n<p>La <strong>Cava de Arte de Bodega Santa Julia<\/strong>, un tradicional espacio dedicado a la difusi\u00f3n del arte local, invita a la atractiva muestra en homenaje al maestro <strong>Jos\u00e9 Berm\u00fadez<\/strong>, una figura de la pintura mendocina y argentina, con proyecci\u00f3n internacional.<\/p>\n\n\n\n<p>Con esta nueva exposici\u00f3n, mendocinos y turistas tienen la posibilidad de entrar en contacto con el mundo visual de uno de los m\u00e1s importantes referentes de las artes pl\u00e1sticas del pa\u00eds, fallecido en febrero de 2021 a los 97 a\u00f1os.<\/p>\n\n\n\n<div style=\"height:20px\" aria-hidden=\"true\" class=\"wp-block-spacer\"><\/div>\n\n\n\n<div class=\"wp-block-image\"><figure class=\"aligncenter size-large\"><img loading=\"lazy\" decoding=\"async\" width=\"1024\" height=\"576\" src=\"https:\/\/enolife.com.ar\/es\/wp-content\/uploads\/2021\/12\/WhatsApp-Image-2021-12-12-at-22.23.38-1024x576.jpeg\" alt=\"\" class=\"wp-image-51049\" srcset=\"https:\/\/enolife.com.ar\/es\/wp-content\/uploads\/2021\/12\/WhatsApp-Image-2021-12-12-at-22.23.38-1024x576.jpeg 1024w, https:\/\/enolife.com.ar\/es\/wp-content\/uploads\/2021\/12\/WhatsApp-Image-2021-12-12-at-22.23.38-300x169.jpeg 300w, https:\/\/enolife.com.ar\/es\/wp-content\/uploads\/2021\/12\/WhatsApp-Image-2021-12-12-at-22.23.38-768x432.jpeg 768w, https:\/\/enolife.com.ar\/es\/wp-content\/uploads\/2021\/12\/WhatsApp-Image-2021-12-12-at-22.23.38-1170x658.jpeg 1170w, https:\/\/enolife.com.ar\/es\/wp-content\/uploads\/2021\/12\/WhatsApp-Image-2021-12-12-at-22.23.38-585x329.jpeg 585w, https:\/\/enolife.com.ar\/es\/wp-content\/uploads\/2021\/12\/WhatsApp-Image-2021-12-12-at-22.23.38.jpeg 1280w\" sizes=\"auto, (max-width: 1024px) 100vw, 1024px\" \/><figcaption><em><strong>Pupi Ag\u00fcero, curadora de la muestra; Liliana Berm\u00fadez y Roxana Berm\u00fadez, hijas del pintor, y Julia Zuccardi, due\u00f1a de casa y fogonera de la Cava de Arte de Santa Julia.<\/strong><\/em><\/figcaption><\/figure><\/div>\n\n\n\n<div style=\"height:20px\" aria-hidden=\"true\" class=\"wp-block-spacer\"><\/div>\n\n\n\n<p>Su partida dej\u00f3 enorme tristeza y un vac\u00edo vital notorio, ya que Jos\u00e9 se manten\u00eda activo, pintando, polemizando con sus colegas y reflexionando sobre la est\u00e9tica y la misi\u00f3n del arte hasta sus \u00faltimos d\u00edas. Sin embargo, deja un legado art\u00edstico y humano que perdurar\u00e1. Y esta muestra en su homenaje tiene como objetivo divulgar su obra y mantener viva su luz.<\/p>\n\n\n\n<div style=\"height:20px\" aria-hidden=\"true\" class=\"wp-block-spacer\"><\/div>\n\n\n\n<div class=\"wp-block-image\"><figure class=\"aligncenter size-large\"><img loading=\"lazy\" decoding=\"async\" width=\"1024\" height=\"576\" src=\"https:\/\/enolife.com.ar\/es\/wp-content\/uploads\/2021\/12\/WhatsApp-Image-2021-12-12-at-22.23.58-1024x576.jpeg\" alt=\"\" class=\"wp-image-51050\" srcset=\"https:\/\/enolife.com.ar\/es\/wp-content\/uploads\/2021\/12\/WhatsApp-Image-2021-12-12-at-22.23.58-1024x576.jpeg 1024w, https:\/\/enolife.com.ar\/es\/wp-content\/uploads\/2021\/12\/WhatsApp-Image-2021-12-12-at-22.23.58-300x169.jpeg 300w, https:\/\/enolife.com.ar\/es\/wp-content\/uploads\/2021\/12\/WhatsApp-Image-2021-12-12-at-22.23.58-768x432.jpeg 768w, https:\/\/enolife.com.ar\/es\/wp-content\/uploads\/2021\/12\/WhatsApp-Image-2021-12-12-at-22.23.58-1170x658.jpeg 1170w, https:\/\/enolife.com.ar\/es\/wp-content\/uploads\/2021\/12\/WhatsApp-Image-2021-12-12-at-22.23.58-585x329.jpeg 585w, https:\/\/enolife.com.ar\/es\/wp-content\/uploads\/2021\/12\/WhatsApp-Image-2021-12-12-at-22.23.58.jpeg 1280w\" sizes=\"auto, (max-width: 1024px) 100vw, 1024px\" \/><figcaption><em><strong>Antonio Sarelli y Luis Scafatti, dos artistas pl\u00e1sticos mendocinos de prestigio internacional, junto al periodista y chef Emilio Vera da Souza.<\/strong><\/em><\/figcaption><\/figure><\/div>\n\n\n\n<div style=\"height:20px\" aria-hidden=\"true\" class=\"wp-block-spacer\"><\/div>\n\n\n\n<p>Lo que propuso Berm\u00fadez en sus obras no es realismo, ni arte figurativo, pero tampoco es abstracto ni cubista, sino que tiene una influencia de todas las grandes escuelas. Seg\u00fan sus propias palabras, <em>\u00abentre la realidad y el cuadro, estoy yo en el medio y toda mi experiencia, circunstancias y aprendizaje\u00bb<\/em>.<\/p>\n\n\n\n<p>Visitar esta muestra en la Cava de Arte de Bodega Santa Julia, sobre la ruta provincial 33 (calle Las Margaritas) de San Roque, Maip\u00fa, Mendoza, resulta una experiencia inolvidable, un viaje lleno de emociones que vale la pena emprender. <\/p>\n\n\n\n<div style=\"height:20px\" aria-hidden=\"true\" class=\"wp-block-spacer\"><\/div>\n\n\n\n<p class=\"has-medium-font-size\"><strong>Una vida dedicada a la belleza y la creaci\u00f3n<\/strong><\/p>\n\n\n\n<p><br>Jos\u00e9 Berm\u00fadez naci\u00f3 en <strong>San Rafael, Mendoza<\/strong>, en 1923 y desde joven desarroll\u00f3 su vida y su trabajo de artista en la ciudad de Mendoza. Se recibi\u00f3 de profesor en la Academia Provincial de Bellas Artes y de all\u00ed en m\u00e1s se dedic\u00f3 a trabajar y dominar su oficio.<\/p>\n\n\n\n<div style=\"height:20px\" aria-hidden=\"true\" class=\"wp-block-spacer\"><\/div>\n\n\n\n<div class=\"wp-block-image\"><figure class=\"aligncenter size-large\"><img loading=\"lazy\" decoding=\"async\" width=\"948\" height=\"627\" src=\"https:\/\/enolife.com.ar\/es\/wp-content\/uploads\/2021\/12\/josebermudezjpg.jpg\" alt=\"\" class=\"wp-image-51051\" srcset=\"https:\/\/enolife.com.ar\/es\/wp-content\/uploads\/2021\/12\/josebermudezjpg.jpg 948w, https:\/\/enolife.com.ar\/es\/wp-content\/uploads\/2021\/12\/josebermudezjpg-300x198.jpg 300w, https:\/\/enolife.com.ar\/es\/wp-content\/uploads\/2021\/12\/josebermudezjpg-768x508.jpg 768w, https:\/\/enolife.com.ar\/es\/wp-content\/uploads\/2021\/12\/josebermudezjpg-780x516.jpg 780w, https:\/\/enolife.com.ar\/es\/wp-content\/uploads\/2021\/12\/josebermudezjpg-585x387.jpg 585w\" sizes=\"auto, (max-width: 948px) 100vw, 948px\" \/><figcaption><em><strong>Jos\u00e9 Berm\u00fadez en su taller.<\/strong><\/em><\/figcaption><\/figure><\/div>\n\n\n\n<div style=\"height:20px\" aria-hidden=\"true\" class=\"wp-block-spacer\"><\/div>\n\n\n\n<p>Larga e intensa fue su tarea art\u00edstica como pintor, dibujante, grabador y docente. Falleci\u00f3 el 5 de febrero del 2021. Actualmente, sus obras integran numerosas colecciones p\u00fablicas y privadas tanto del pa\u00eds como del extranjero. Tambi\u00e9n forman parte de la pinacoteca del Museo Fader, del Museo Municipal de Arte Moderno, Museo Nacional del Grabado, Museo de Arte de Montecatini (Italia) y Museo de Arte Contempor\u00e1neo de Per\u00fa, entre otros.<\/p>\n\n\n\n<p class=\"has-background has-very-light-gray-background-color\"><strong>En sus 80 a\u00f1os de trayectoria<\/strong> recibi\u00f3 numerosas distinciones y homenajes entre las cuales podemos citar:<br><br>\u2022 Pintor del a\u00f1o 1993 Premios UNO Escenario<br>\u2022 Pintor del a\u00f1o 2002 Premios UNO Escenario<br>\u2022 Distinci\u00f3n Legislativa Sanmartiniana<br>\u2022 Distinci\u00f3n del Parlamento Nacional Mayores Notables<br>Argentinos<br>\u2022 Reconocimiento a la trayectoria por parte del Senado<br>Provincial<br>\u2022 Premio Ra\u00edces<br>\u2022 Premio Leone D&#8217;oro<br>\u2022 Distinci\u00f3n Especial por compromiso con la comunidad<br>Radio Libertador<br>\u2022 Distinci\u00f3n \u00abServir es mi ocupaci\u00f3n\u00bb Rotary Club Cord\u00f3n<br>del Plata<br>\u2022 Hu\u00e9sped de Honor del Departamento de San Rafael<br>\u2022 Ciudadano Ilustre de la Provincia de Mendoza<\/p>\n\n\n\n<div style=\"height:48px\" aria-hidden=\"true\" class=\"wp-block-spacer\"><\/div>\n\n\n\n<p><\/p>\n","protected":false},"excerpt":{"rendered":"<p>Los magn\u00edficos cuadros del gran artista pl\u00e1stico mendocino, fallecido en febrero de 2021 a sus&hellip;<\/p>\n","protected":false},"author":3,"featured_media":51054,"comment_status":"open","ping_status":"open","sticky":false,"template":"","format":"standard","meta":{"footnotes":""},"categories":[34],"tags":[],"class_list":["post-51043","post","type-post","status-publish","format-standard","has-post-thumbnail","hentry","category-cultura1"],"_links":{"self":[{"href":"https:\/\/enolife.com.ar\/es\/wp-json\/wp\/v2\/posts\/51043","targetHints":{"allow":["GET"]}}],"collection":[{"href":"https:\/\/enolife.com.ar\/es\/wp-json\/wp\/v2\/posts"}],"about":[{"href":"https:\/\/enolife.com.ar\/es\/wp-json\/wp\/v2\/types\/post"}],"author":[{"embeddable":true,"href":"https:\/\/enolife.com.ar\/es\/wp-json\/wp\/v2\/users\/3"}],"replies":[{"embeddable":true,"href":"https:\/\/enolife.com.ar\/es\/wp-json\/wp\/v2\/comments?post=51043"}],"version-history":[{"count":0,"href":"https:\/\/enolife.com.ar\/es\/wp-json\/wp\/v2\/posts\/51043\/revisions"}],"wp:featuredmedia":[{"embeddable":true,"href":"https:\/\/enolife.com.ar\/es\/wp-json\/wp\/v2\/media\/51054"}],"wp:attachment":[{"href":"https:\/\/enolife.com.ar\/es\/wp-json\/wp\/v2\/media?parent=51043"}],"wp:term":[{"taxonomy":"category","embeddable":true,"href":"https:\/\/enolife.com.ar\/es\/wp-json\/wp\/v2\/categories?post=51043"},{"taxonomy":"post_tag","embeddable":true,"href":"https:\/\/enolife.com.ar\/es\/wp-json\/wp\/v2\/tags?post=51043"}],"curies":[{"name":"wp","href":"https:\/\/api.w.org\/{rel}","templated":true}]}}