{"id":50937,"date":"2021-12-11T22:00:29","date_gmt":"2021-12-11T22:00:29","guid":{"rendered":"http:\/\/enolife.com.ar\/es\/?p=50937"},"modified":"2021-12-14T15:19:05","modified_gmt":"2021-12-14T15:19:05","slug":"como-cambio-el-mundo-del-trabajo-por-la-pandemia-en-un-foro-de-bodegas-de-argentina","status":"publish","type":"post","link":"https:\/\/enolife.com.ar\/es\/como-cambio-el-mundo-del-trabajo-por-la-pandemia-en-un-foro-de-bodegas-de-argentina\/","title":{"rendered":"C\u00f3mo cambi\u00f3 el mundo del trabajo por la pandemia, en un foro de Bodegas de Argentina"},"content":{"rendered":"\n<h4 class=\"wp-block-heading\"><em><strong>La C\u00e1mara que nuclea a las principales bodegas exportadoras de Argentina realizar\u00e1 un nuevo foro virtual dentro de su ciclo dedicado a nuevas tendencias en el mundo del vino, en este caso sobre el tema \u00abCapital Humano\u00bb y gesti\u00f3n de recursos laborales en el contexto del covid 19. Ser\u00e1 el pr\u00f3ximo<em><strong> martes 14\/12 de 10 a 13 hs<\/strong><\/em>, con participaci\u00f3n libre y gratuita pero con inscripci\u00f3n previa. Disertar\u00e1n oradores expertos en recursos humanos sobre c\u00f3mo influye la pandemia y c\u00f3mo cambian las culturas organizacionales.<\/strong><\/em><\/h4>\n\n\n\n<div style=\"height:20px\" aria-hidden=\"true\" class=\"wp-block-spacer\"><\/div>\n\n\n\n\n\n<div style=\"height:55px\" aria-hidden=\"true\" class=\"wp-block-spacer\"><\/div>\n\n\n\n<p>El nuevo contexto de la pandemia requiere formatos laborales innovadores. Este <strong>Foro de Capital Humano 2021<\/strong>, que aborda el tema es el \u00faltimo del a\u00f1o dentro de un ciclo de encuentros que Bodegas de Argentina ha realizado a lo largo de 2021 con el objetivo de brindar a sus asociados y p\u00fablico en general informaci\u00f3n actualizada global y sectorial, como as\u00ed tambi\u00e9n herramientas \u00fatiles para su gesti\u00f3n en las empresas. El eje transversal de este Foro pasar\u00e1 por el concepto de pensar y repensar el trabajo en los nuevos escenarios.<\/p>\n\n\n\n<p>El encuentro se desarrollar\u00e1 v\u00eda streaming por los canales de Youtube e Instagram de Bodegas de Argentina. <\/p>\n\n\n\n<p class=\"has-background has-very-light-gray-background-color\"><strong>La actividad es sin costo, con previa inscripci\u00f3n: <a href=\"https:\/\/forms.gle\/V7YKXbWnSzjA4as47\">AQU\u00cd<\/a><\/strong><\/p>\n\n\n\n<div style=\"height:20px\" aria-hidden=\"true\" class=\"wp-block-spacer\"><\/div>\n\n\n\n<p class=\"has-medium-font-size\"><strong>Oradores<\/strong><\/p>\n\n\n\n<figure class=\"wp-block-gallery columns-2 is-cropped wp-block-gallery-1 is-layout-flex wp-block-gallery-is-layout-flex\"><ul class=\"blocks-gallery-grid\"><li class=\"blocks-gallery-item\"><figure><img decoding=\"async\" src=\"https:\/\/media-exp1.licdn.com\/dms\/image\/C4E03AQFG2_6IFErLEg\/profile-displayphoto-shrink_800_800\/0\/1629195093466?e=1644451200&amp;v=beta&amp;t=etyHj-yygEuhVjo26-tJxBp08CKKgPjyiJkHwedptHY\" alt=\"Foto de perfil de Leo Piccioli\"\/><figcaption class=\"blocks-gallery-item__caption\"><strong>Leo Picciolli<\/strong><\/figcaption><\/figure><\/li><li class=\"blocks-gallery-item\"><figure><img decoding=\"async\" src=\"https:\/\/media-exp1.licdn.com\/dms\/image\/C4D03AQGs4oCHV90kEA\/profile-displayphoto-shrink_800_800\/0\/1608551224723?e=1644451200&amp;v=beta&amp;t=sHZOrGRgIuQi4k3JdVtDfQO3_ggfHmu00xBMkXZl3AI\" alt=\"Foto de perfil de Nicol\u00e1s Torres Vieira\"\/><figcaption class=\"blocks-gallery-item__caption\"><strong>Nicol\u00e1s Torres Vieiras<\/strong><\/figcaption><\/figure><\/li><\/ul><\/figure>\n\n\n\n<div style=\"height:20px\" aria-hidden=\"true\" class=\"wp-block-spacer\"><\/div>\n\n\n\n<p><strong>Leo Picciolli: <\/strong>Economista, recibido en la Universidad de Buenos Aires. Conferencista en liderazgo y cambio tecnol\u00f3gico.&nbsp;Autor de 4 libros, 2 de ellos best-sellers. M\u00e1s de 100 notas publicadas en la prensa nacional e internacional. En redes sociales cuenta con 100.000 seguidores en Linkedin y&nbsp;60.000 en Instagram.<\/p>\n\n\n\n<p><strong>Nicol\u00e1s Torres Vieiras:<\/strong> Abogado, recibido en la Pontificia Universidad Cat\u00f3lica de Chile. Es coordinador nacional de un proyecto sobre Conducta Empresarial Responsable en Am\u00e9rica Latina y el Caribe en la Oficina Internacional del Trabajo (OIT). Durante su carrera profesional, Torres Vieras se ha centrado en el estudio de las condiciones de empleo de los trabajadores vulnerables y los efectos de los sindicatos y la negociaci\u00f3n colectiva en la distribuci\u00f3n del ingreso y la pobreza, as\u00ed como los derechos humanos en su \u00e1mbito laboral.<\/p>\n\n\n\n<div style=\"height:20px\" aria-hidden=\"true\" class=\"wp-block-spacer\"><\/div>\n\n\n\n<p class=\"has-medium-font-size\"><strong>Programa<\/strong><\/p>\n\n\n\n<div class=\"wp-block-image\"><figure class=\"aligncenter size-large\"><img loading=\"lazy\" decoding=\"async\" width=\"665\" height=\"674\" src=\"https:\/\/enolife.com.ar\/es\/wp-content\/uploads\/2021\/12\/agenda.jpg\" alt=\"\" class=\"wp-image-50968\" srcset=\"https:\/\/enolife.com.ar\/es\/wp-content\/uploads\/2021\/12\/agenda.jpg 665w, https:\/\/enolife.com.ar\/es\/wp-content\/uploads\/2021\/12\/agenda-296x300.jpg 296w, https:\/\/enolife.com.ar\/es\/wp-content\/uploads\/2021\/12\/agenda-585x593.jpg 585w\" sizes=\"auto, (max-width: 665px) 100vw, 665px\" \/><\/figure><\/div>\n\n\n\n<div style=\"height:42px\" aria-hidden=\"true\" class=\"wp-block-spacer\"><\/div>\n","protected":false},"excerpt":{"rendered":"<p>La C\u00e1mara que nuclea a las principales bodegas exportadoras de Argentina realizar\u00e1 un nuevo foro&hellip;<\/p>\n","protected":false},"author":3,"featured_media":50999,"comment_status":"open","ping_status":"open","sticky":false,"template":"","format":"standard","meta":{"footnotes":""},"categories":[47],"tags":[],"class_list":["post-50937","post","type-post","status-publish","format-standard","has-post-thumbnail","hentry","category-agenda"],"_links":{"self":[{"href":"https:\/\/enolife.com.ar\/es\/wp-json\/wp\/v2\/posts\/50937","targetHints":{"allow":["GET"]}}],"collection":[{"href":"https:\/\/enolife.com.ar\/es\/wp-json\/wp\/v2\/posts"}],"about":[{"href":"https:\/\/enolife.com.ar\/es\/wp-json\/wp\/v2\/types\/post"}],"author":[{"embeddable":true,"href":"https:\/\/enolife.com.ar\/es\/wp-json\/wp\/v2\/users\/3"}],"replies":[{"embeddable":true,"href":"https:\/\/enolife.com.ar\/es\/wp-json\/wp\/v2\/comments?post=50937"}],"version-history":[{"count":0,"href":"https:\/\/enolife.com.ar\/es\/wp-json\/wp\/v2\/posts\/50937\/revisions"}],"wp:featuredmedia":[{"embeddable":true,"href":"https:\/\/enolife.com.ar\/es\/wp-json\/wp\/v2\/media\/50999"}],"wp:attachment":[{"href":"https:\/\/enolife.com.ar\/es\/wp-json\/wp\/v2\/media?parent=50937"}],"wp:term":[{"taxonomy":"category","embeddable":true,"href":"https:\/\/enolife.com.ar\/es\/wp-json\/wp\/v2\/categories?post=50937"},{"taxonomy":"post_tag","embeddable":true,"href":"https:\/\/enolife.com.ar\/es\/wp-json\/wp\/v2\/tags?post=50937"}],"curies":[{"name":"wp","href":"https:\/\/api.w.org\/{rel}","templated":true}]}}