{"id":5092,"date":"2019-11-22T14:43:08","date_gmt":"2019-11-22T14:43:08","guid":{"rendered":"http:\/\/enolife.com.ar\/es\/?p=5092"},"modified":"2019-11-27T17:38:46","modified_gmt":"2019-11-27T17:38:46","slug":"granizo-asistiran-a-productores-tras-las-perdidas-totales-en-algunos-vinedos-de-lujan-tupungato-y-tunuyan","status":"publish","type":"post","link":"https:\/\/enolife.com.ar\/es\/granizo-asistiran-a-productores-tras-las-perdidas-totales-en-algunos-vinedos-de-lujan-tupungato-y-tunuyan\/","title":{"rendered":"Granizo: asistir\u00e1n a productores tras las p\u00e9rdidas totales en algunos vi\u00f1edos de Luj\u00e1n, Tupungato y Tunuy\u00e1n"},"content":{"rendered":"\n<h4 class=\"wp-block-heading\"><em><strong>En la tarde de ayer jueves 21\/11, una fuerte tormenta de granizo da\u00f1\u00f3 vi\u00f1as al sur y suroeste de la capital mendocina, en especial de Tupungato, donde las zonas m\u00e1s afectadas fueron Gualtallary, Cord\u00f3n del Plata y El Zampal. All\u00ed, algunos pa\u00f1os de las fincas de Lagarde, Huentala Wines y Zorzal Wines quedaron pr\u00e1cticamente arrasados. Tambi\u00e9n sufrieron plantaciones de frutales y nogales. <\/strong><\/em> <\/h4>\n\n\n\n<hr class=\"wp-block-separator\"\/>\n\n\n\n<h4 class=\"wp-block-heading\"><em><strong>Equipos de las comunas afectadas eval\u00faan ahora la magnitud de los da\u00f1os para asistir a los productores afectados. Desde el lunes 25\/11, los finqueros podr\u00e1n denunciar el perjuicio en formularios de la web de Contigencias del gobierno y de cada municipio.<\/strong><\/em><\/h4>\n\n\n\n<div style=\"height:34px\" aria-hidden=\"true\" class=\"wp-block-spacer\"><\/div>\n\n\n\n<p>Una violenta tormenta de viento, agua y granizo se abati\u00f3 ayer jueves 21\/11 sobre extensas zonas del Valle de Uco y Luj\u00e1n, dejando graves da\u00f1os en vi\u00f1as, frutales y plantaciones de nogales. &nbsp;<\/p>\n\n\n\n<div style=\"height:20px\" aria-hidden=\"true\" class=\"wp-block-spacer\"><\/div>\n\n\n\n<figure><iframe loading=\"lazy\" width=\"850\" height=\"850\" src=\"https:\/\/www.youtube.com\/embed\/aDmZ96Eh9gs\" allowfullscreen=\"\"><\/iframe><\/figure>\n\n\n\n<div style=\"height:20px\" aria-hidden=\"true\" class=\"wp-block-spacer\"><\/div>\n\n\n\n<p>\u00c1rboles ca\u00eddos, techos perforados y casas inundadas fueron tambi\u00e9n parte del saldo del temporal.<\/p>\n\n\n\n<ul class=\"wp-block-gallery aligncenter columns-2 is-cropped wp-block-gallery-1 is-layout-flex wp-block-gallery-is-layout-flex\"><li class=\"blocks-gallery-item\"><figure><img loading=\"lazy\" decoding=\"async\" width=\"1024\" height=\"768\" src=\"https:\/\/enolife.com.ar\/es\/wp-content\/uploads\/2019\/11\/image-34-1024x768.png\" alt=\"\" data-id=\"5099\" class=\"wp-image-5099\" srcset=\"https:\/\/enolife.com.ar\/es\/wp-content\/uploads\/2019\/11\/image-34-1024x768.png 1024w, https:\/\/enolife.com.ar\/es\/wp-content\/uploads\/2019\/11\/image-34-300x225.png 300w, https:\/\/enolife.com.ar\/es\/wp-content\/uploads\/2019\/11\/image-34-768x576.png 768w, https:\/\/enolife.com.ar\/es\/wp-content\/uploads\/2019\/11\/image-34-585x439.png 585w, https:\/\/enolife.com.ar\/es\/wp-content\/uploads\/2019\/11\/image-34.png 1032w\" sizes=\"auto, (max-width: 1024px) 100vw, 1024px\" \/><\/figure><\/li><li class=\"blocks-gallery-item\"><figure><img loading=\"lazy\" decoding=\"async\" width=\"500\" height=\"369\" src=\"https:\/\/enolife.com.ar\/es\/wp-content\/uploads\/2019\/11\/image-33-1.png\" alt=\"\" data-id=\"5104\" data-link=\"https:\/\/enolife.com.ar\/es\/?attachment_id=5104\" class=\"wp-image-5104\" srcset=\"https:\/\/enolife.com.ar\/es\/wp-content\/uploads\/2019\/11\/image-33-1.png 500w, https:\/\/enolife.com.ar\/es\/wp-content\/uploads\/2019\/11\/image-33-1-300x221.png 300w\" sizes=\"auto, (max-width: 500px) 100vw, 500px\" \/><\/figure><\/li><\/ul>\n\n\n\n<div style=\"height:20px\" aria-hidden=\"true\" class=\"wp-block-spacer\"><\/div>\n\n\n\n<p><strong>Gualtallary, Galtallary Alto, El Zampal y Cord\u00f3n del Plata <\/strong>fueron algunas de las zonas m\u00e1s afectadas. All\u00ed hay vi\u00f1edos donde se obtienen uvas malbec y de otras variedades para los cotizados vinos \u00abde altura\u00bb de Mendoza.<\/p>\n\n\n\n<div style=\"height:20px\" aria-hidden=\"true\" class=\"wp-block-spacer\"><\/div>\n\n\n\n<figure class=\"wp-block-embed-twitter aligncenter wp-block-embed is-type-rich is-provider-twitter\"><div class=\"wp-block-embed__wrapper\">\n<blockquote class=\"twitter-tweet\" data-width=\"550\" data-dnt=\"true\"><p lang=\"es\" dir=\"ltr\">Explot\u00f3 todo en Mendoza!! \u26a0\ufe0f\u26c8\ufe0f <a href=\"https:\/\/t.co\/8GXV0APuvq\">pic.twitter.com\/8GXV0APuvq<\/a><\/p>&mdash; PRM &#8211; MDZ (@meteoro_mdz) <a href=\"https:\/\/twitter.com\/meteoro_mdz\/status\/1197590284693049345?ref_src=twsrc%5Etfw\">November 21, 2019<\/a><\/blockquote><script async src=\"https:\/\/platform.twitter.com\/widgets.js\" charset=\"utf-8\"><\/script>\n<\/div><\/figure>\n\n\n\n<div style=\"height:20px\" aria-hidden=\"true\" class=\"wp-block-spacer\"><\/div>\n\n\n\n<p>Seg\u00fan explicaciones de <strong>Jos\u00e9 Luis Giuliani<\/strong>, <strong>director de Desarrollo Econ\u00f3mico de Tupuntago<\/strong>, v\u00eda Twitter y en declaraciones a Radio Mitre, diario Los Andes y Radio Nacional, \u201clas zonas m\u00e1s afectadas por el granizo fueron&nbsp;Gualtallary y el Cord\u00f3n del Plata;&nbsp;los da\u00f1os son muy considerables, en algunos lugares totales\u201d.<\/p>\n\n\n\n<p>Adem\u00e1s, el funcionario manifest\u00f3 que tras la tormente y durante los pr\u00f3ximos d\u00edas se realiza un relevamiento para conocer la magnitud de los da\u00f1os. &nbsp;\u201cHoy -por el 22\/11- en la ma\u00f1ana salieron a perimetrar zonas, para que el&nbsp;<strong>lunes 25\/11 quede habilitada la p\u00e1gina web para que los productores&nbsp;<\/strong>que hayan sido afectados puedan hacer las denuncias pertinentes\u201d, indic\u00f3.<\/p>\n\n\n\n<p>Seg\u00fan publica diario <strong>Los Andes<\/strong>, Giuliani explic\u00f3 la situaci\u00f3n en Gualtallary: \u201cYo estaba siguiendo el radar con la evoluci\u00f3n de la tormenta y se ve\u00edan aviones trabajando. Pero a veces las tormentas son demasiado grandes. El di\u00e1metro promedio de la piedra en la zona de Gualtallary fue de&nbsp;un garbanzo,&nbsp;pero hubo mucha cantidad y con viento. Entonces,&nbsp;hizo mucho da\u00f1o.&nbsp;En el Cord\u00f3n del Plata fue menos el da\u00f1o, pese a que la piedra fue m\u00e1s grande\u201d.<\/p>\n\n\n\n<p>Por otra parte, agreg\u00f3: \u201cEn Gualtallary &nbsp;y en el Cord\u00f3n del Plata tenemos&nbsp;<strong>vid, nogales y frutales.&nbsp;<\/strong>A esto, hay que agregar el problema de las heladas en setiembre en Gualtallar\u00ed, y de una fuerte nevada que gener\u00f3 problemas en la brotaci\u00f3n. No fue larga la tormenta, pero dur\u00f3 lo suficiente como para hacer da\u00f1o\u201d.<\/p>\n\n\n\n<p>Finalmente, el funcionario explic\u00f3: \u201cNo tengo informaci\u00f3n sobre&nbsp;da\u00f1os importantes en viviendas,&nbsp;pero s\u00ed pude verificar en cultivos. En Gualtallary tenemos vinos de alta gama, de altura.<strong> Seg\u00fan los pron\u00f3sticos, sigue la inestabilidad\u201d.<\/strong><\/p>\n\n\n\n<p>A partir del lunes 25\/11 la p\u00e1gina web de&nbsp;Contingencias estar\u00e1 habilitada&nbsp;para que hagan las denuncias por da\u00f1os. Los productores de Tupungato tambi\u00e9n se pueden acercar por las oficinas de Desarrollo Econ\u00f3mico en la Municipalidad y registrar sus da\u00f1os. \u201cPueden hacer la denuncia, por m\u00e1s de que no se hayan adherido al Seguro Agr\u00edcola; la ventaja es que los que est\u00e1n adheridos tendr\u00e1n los beneficios del seguro. Todos los productores desde el&nbsp;lunes , de 7 a 13&nbsp;pueden acercarse\u201d, complet\u00f3.<\/p>\n\n\n\n<div style=\"height:20px\" aria-hidden=\"true\" class=\"wp-block-spacer\"><\/div>\n\n\n\n<p class=\"has-medium-font-size\"><strong>Alerta por tormentas tambi\u00e9n para hoy viernes 22\/11<\/strong><\/p>\n\n\n\n<div style=\"height:20px\" aria-hidden=\"true\" class=\"wp-block-spacer\"><\/div>\n\n\n\n<p class=\"has-background has-luminous-vivid-amber-background-color\">Seg\u00fan inform\u00f3 el&nbsp;<strong>Servicio Meteorol\u00f3gico Nacional<\/strong>&nbsp;(SMN), para hoy viernes 22\/11, en la mayor parte del territorio mendocino se espera&nbsp;una jornada mayormente nublada con tormentas aisladas durante la tarde y la noche. La m\u00e1xima ser\u00eda de<strong>&nbsp;28 grados y la m\u00ednima de 18.&nbsp;<\/strong><\/p>\n\n\n\n<div style=\"height:20px\" aria-hidden=\"true\" class=\"wp-block-spacer\"><\/div>\n\n\n\n<p>Cabe destacar el que organismo nacional mantiene el alerta por tormentas intensas en el<strong>&nbsp;Centro y Este de la provincia.&nbsp;&nbsp;<\/strong><\/p>\n\n\n\n<p>\u201cSe espera que algunas sean localmente intensas y est\u00e9n acompa\u00f1adas de abundante ca\u00edda de agua en cortos per\u00edodos, fuerte actividad el\u00e9ctrica, ca\u00edda de granizo y r\u00e1fagas. Las condiciones mejorar\u00e1n a partir de la noche del viernes 22\/11.<strong>&nbsp;No se descartan mejoramientos temporarios<\/strong>\u201d, public\u00f3 el SMN .<\/p>\n\n\n\n<div style=\"height:20px\" aria-hidden=\"true\" class=\"wp-block-spacer\"><\/div>\n\n\n\n<p class=\"has-small-font-size\"><strong><em>Fuentes: Diario Los Andes, Diario San Rafael y Radio Nacional<\/em><\/strong><\/p>\n","protected":false},"excerpt":{"rendered":"<p>En la tarde de ayer jueves 21\/11, una fuerte tormenta de granizo da\u00f1\u00f3 vi\u00f1as al&hellip;<\/p>\n","protected":false},"author":3,"featured_media":5105,"comment_status":"open","ping_status":"open","sticky":false,"template":"","format":"standard","meta":{"footnotes":""},"categories":[14],"tags":[],"class_list":["post-5092","post","type-post","status-publish","format-standard","has-post-thumbnail","hentry","category-news"],"_links":{"self":[{"href":"https:\/\/enolife.com.ar\/es\/wp-json\/wp\/v2\/posts\/5092","targetHints":{"allow":["GET"]}}],"collection":[{"href":"https:\/\/enolife.com.ar\/es\/wp-json\/wp\/v2\/posts"}],"about":[{"href":"https:\/\/enolife.com.ar\/es\/wp-json\/wp\/v2\/types\/post"}],"author":[{"embeddable":true,"href":"https:\/\/enolife.com.ar\/es\/wp-json\/wp\/v2\/users\/3"}],"replies":[{"embeddable":true,"href":"https:\/\/enolife.com.ar\/es\/wp-json\/wp\/v2\/comments?post=5092"}],"version-history":[{"count":0,"href":"https:\/\/enolife.com.ar\/es\/wp-json\/wp\/v2\/posts\/5092\/revisions"}],"wp:featuredmedia":[{"embeddable":true,"href":"https:\/\/enolife.com.ar\/es\/wp-json\/wp\/v2\/media\/5105"}],"wp:attachment":[{"href":"https:\/\/enolife.com.ar\/es\/wp-json\/wp\/v2\/media?parent=5092"}],"wp:term":[{"taxonomy":"category","embeddable":true,"href":"https:\/\/enolife.com.ar\/es\/wp-json\/wp\/v2\/categories?post=5092"},{"taxonomy":"post_tag","embeddable":true,"href":"https:\/\/enolife.com.ar\/es\/wp-json\/wp\/v2\/tags?post=5092"}],"curies":[{"name":"wp","href":"https:\/\/api.w.org\/{rel}","templated":true}]}}