{"id":5085,"date":"2019-11-21T13:18:25","date_gmt":"2019-11-21T13:18:25","guid":{"rendered":"http:\/\/enolife.com.ar\/es\/?p=5085"},"modified":"2020-01-08T18:48:27","modified_gmt":"2020-01-08T18:48:27","slug":"los-pequenos-bodegueros-mostraran-sus-productos-en-la-expo-vinos-de-la-enoteca","status":"publish","type":"post","link":"https:\/\/enolife.com.ar\/es\/los-pequenos-bodegueros-mostraran-sus-productos-en-la-expo-vinos-de-la-enoteca\/","title":{"rendered":"Los Peque\u00f1os Bodegueros mostrar\u00e1n sus productos en la Expo Vinos de la Enoteca"},"content":{"rendered":"\n<h4 class=\"wp-block-heading\"><em><strong>En una cita, por sexto a\u00f1o consecutivo, que incluye gastronom\u00eda, bandas de rock en vivo, foodtrucks, degustaciones y venta de vinos a precios accesibles, los productores artesanales, de bodegas boutique y familiares ponen en escena el fruto de su trabajo anual. Ser\u00e1 en el templo del vino de la Capital mendocina, desde el 13 de diciembre a las 19, para todo p\u00fablico. <\/strong><\/em><\/h4>\n\n\n\n<div style=\"height:28px\" aria-hidden=\"true\" class=\"wp-block-spacer\"><\/div>\n\n\n\n<p>Desde 2013, el Gobierno de Mendoza, a trav\u00e9s del Fondo Vitivin\u00edcola Mendoza, ejecuta el programa Peque\u00f1os Bodegueros de Mendoza, con el que busca acompa\u00f1ar a las bodegas en la promoci\u00f3n y comercializaci\u00f3n de sus vinos. Ahora, por sexto a\u00f1o consecutivo, La Enoteca ser\u00e1 escenario de la exposici\u00f3n y degustaci\u00f3n de los integrantes de esta agrupaci\u00f3n. M\u00e1s de 30 productores y elaboradores compartir\u00e1n con el p\u00fablico mendocino y con turistas el trabajo de todo un a\u00f1o.<\/p>\n\n\n\n<div style=\"height:20px\" aria-hidden=\"true\" class=\"wp-block-spacer\"><\/div>\n\n\n\n<figure class=\"wp-block-image\"><img decoding=\"async\" src=\"https:\/\/scontent.fmdz2-1.fna.fbcdn.net\/v\/t1.0-9\/77044626_1369679359870219_7466171349782757376_o.jpg?_nc_cat=100&amp;_nc_eui2=AeG-ahc1v2AY2a2sqjHncWjBbPEUt7xyVyZaiaIfi4KRKpWa3RoQutXhZU8W6RTgliArFkE3WziqMrw7H3nVhU4Umy31ojIdwL7RR8GOQabqWA&amp;_nc_oc=AQk9b3UN7dL_26KiydERrlGCP1nJHIvSFt7ukl_Ti_ziAv9v5pI94307JUO7UIB2VE8&amp;_nc_ht=scontent.fmdz2-1.fna&amp;oh=81740e8bc581836c255b65c547a93236&amp;oe=5E8BAD0E\" alt=\"\"\/><\/figure>\n\n\n\n<div style=\"height:20px\" aria-hidden=\"true\" class=\"wp-block-spacer\"><\/div>\n\n\n\n<p>El evento tendr\u00e1 lugar el 13 de diciembre, desde las 19, cuando tambi\u00e9n habr\u00e1 una gran variedad de productos regionales. Adem\u00e1s, como en otras ediciones, y para acompa\u00f1ar el gusto por la bebida nacional, se montar\u00e1 un patio de comidas con&nbsp;<em>foodtrucks<\/em>&nbsp;y m\u00fasica con bandas en vivo.<\/p>\n\n\n\n<p>Los asistentes a la Expo Vinos Peque\u00f1os Bodegueros podr\u00e1n degustar, comprar y disfrutar una gran variedad de vinos de las distintas zonas vitivin\u00edcolas de Mendoza. Como es tradicional, participar\u00e1n con sus vinos emprendimientos familiares y bodegas&nbsp;<em>boutique<\/em>, todos de producciones limitadas y exclusivas a precios econ\u00f3micos. As\u00ed, el p\u00fablico podr\u00e1 conocer detalles de los vinos de la mano de sus propios elaboradores.<\/p>\n\n\n\n<p>Las entradas tendr\u00e1n un valor de $300 y se podr\u00e1n adquirir anticipadas de lunes a viernes en La Enoteca (Peltier 611), de 9 a 16, y en las oficinas del Fondo Vitivin\u00edcola (Sarmiento 165, 4\u00ba piso, oficina 444), de 9 a 14. Adem\u00e1s, se podr\u00e1n conseguir a trav\u00e9s de la plataforma Eventbrite. Tambi\u00e9n se debe abonar el seguro de la copa por un valor de $100, que se devuelve con el reintegro de la misma.<\/p>\n\n\n\n<p>Habr\u00e1 beneficios de 2\u00d71 en las tarjetas de La Enoteca Club, Los Andes Pass y Ciudad Universitaria.<\/p>\n\n\n\n<div style=\"height:20px\" aria-hidden=\"true\" class=\"wp-block-spacer\"><\/div>\n\n\n\n<p class=\"has-medium-font-size\"><strong>Acerca de Peque\u00f1os Bodegueros de Mendoza<\/strong><\/p>\n\n\n\n<div style=\"height:20px\" aria-hidden=\"true\" class=\"wp-block-spacer\"><\/div>\n\n\n\n<p>Este programa, ideado por el Fondo Vitivin\u00edcola Mendoza, ha permitido que desde 2013 m\u00e1s de 150 peque\u00f1as bodegas y elaboradores de vino casero y artesanal lograran posicionar en forma conjunta sus productos en el mercado nacional. Adem\u00e1s, han concretado la elaboraci\u00f3n de una marca \u00abparaguas\u00bb, una campa\u00f1a de comunicaci\u00f3n, promoci\u00f3n gen\u00e9rica y el desarrollo de numerosas acciones comerciales por cada bodega anclada a la estrategia general del programa.<\/p>\n\n\n\n<p class=\"has-background has-very-light-gray-background-color\">M\u00e1s informaci\u00f3n: <a href=\"https:\/\/www.facebook.com\/PequenosBodeguerosDeMendoza\/\">https:\/\/www.facebook.com\/PequenosBodeguerosDeMendoza\/<\/a>  <a href=\"https:\/\/www.instagram.com\/elvinodelagente\/?hl=es\">https:\/\/www.instagram.com\/elvinodelagente\/?hl=es<\/a> <\/p>\n\n\n\n<div style=\"height:20px\" aria-hidden=\"true\" class=\"wp-block-spacer\"><\/div>\n\n\n\n<p class=\"has-small-font-size\"><em><strong>Fuente: Gobierno de Mendoza<\/strong><\/em><\/p>\n","protected":false},"excerpt":{"rendered":"<p>En una cita, por sexto a\u00f1o consecutivo, que incluye gastronom\u00eda, bandas de rock en vivo,&hellip;<\/p>\n","protected":false},"author":3,"featured_media":5090,"comment_status":"open","ping_status":"open","sticky":false,"template":"","format":"standard","meta":{"footnotes":""},"categories":[47],"tags":[],"class_list":["post-5085","post","type-post","status-publish","format-standard","has-post-thumbnail","hentry","category-agenda"],"_links":{"self":[{"href":"https:\/\/enolife.com.ar\/es\/wp-json\/wp\/v2\/posts\/5085","targetHints":{"allow":["GET"]}}],"collection":[{"href":"https:\/\/enolife.com.ar\/es\/wp-json\/wp\/v2\/posts"}],"about":[{"href":"https:\/\/enolife.com.ar\/es\/wp-json\/wp\/v2\/types\/post"}],"author":[{"embeddable":true,"href":"https:\/\/enolife.com.ar\/es\/wp-json\/wp\/v2\/users\/3"}],"replies":[{"embeddable":true,"href":"https:\/\/enolife.com.ar\/es\/wp-json\/wp\/v2\/comments?post=5085"}],"version-history":[{"count":0,"href":"https:\/\/enolife.com.ar\/es\/wp-json\/wp\/v2\/posts\/5085\/revisions"}],"wp:featuredmedia":[{"embeddable":true,"href":"https:\/\/enolife.com.ar\/es\/wp-json\/wp\/v2\/media\/5090"}],"wp:attachment":[{"href":"https:\/\/enolife.com.ar\/es\/wp-json\/wp\/v2\/media?parent=5085"}],"wp:term":[{"taxonomy":"category","embeddable":true,"href":"https:\/\/enolife.com.ar\/es\/wp-json\/wp\/v2\/categories?post=5085"},{"taxonomy":"post_tag","embeddable":true,"href":"https:\/\/enolife.com.ar\/es\/wp-json\/wp\/v2\/tags?post=5085"}],"curies":[{"name":"wp","href":"https:\/\/api.w.org\/{rel}","templated":true}]}}