{"id":50615,"date":"2021-12-10T01:22:55","date_gmt":"2021-12-10T01:22:55","guid":{"rendered":"http:\/\/enolife.com.ar\/es\/?p=50615"},"modified":"2021-12-12T16:11:13","modified_gmt":"2021-12-12T16:11:13","slug":"la-fiesta-del-turismo-y-el-vino-de-san-rafael-ya-es-fiesta-nacional-por-una-ley-del-congreso","status":"publish","type":"post","link":"https:\/\/enolife.com.ar\/es\/la-fiesta-del-turismo-y-el-vino-de-san-rafael-ya-es-fiesta-nacional-por-una-ley-del-congreso\/","title":{"rendered":"La Fiesta del Turismo y el Vino de San Rafael ya es \u00abfiesta nacional\u00bb por una ley del Congreso"},"content":{"rendered":"\n<h4 class=\"wp-block-heading\"><em><strong>Hoy 9\/12, en su pen\u00faltimo d\u00eda como diputado nacional por Mendoza, el radical sanrafaelino Federico Zamarbide logr\u00f3 que el proyecto de ley que presentara en 2019 fuese aprobado en Senadores. Con ello, la Fiesta que se celebra sin interrupci\u00f3n desde hace 37 a\u00f1os adquiere car\u00e1cter federal y se integra al calendario anual argentino, con el beneficio de la promoci\u00f3n internacional y otras ventajas organizativas.<\/strong><\/em><\/h4>\n\n\n\n<div style=\"height:31px\" aria-hidden=\"true\" class=\"wp-block-spacer\"><\/div>\n\n\n\n\n\n<div style=\"height:59px\" aria-hidden=\"true\" class=\"wp-block-spacer\"><\/div>\n\n\n\n<p>La iniciativa hab\u00eda sido presentada por el diputado sanrafaelino <strong>Federico Zamarbide (UCR)<\/strong> y en <strong>2019 se aprob\u00f3 en la C\u00e1mara baja<\/strong>, pero restaba su tratamiento en el Senado, el que finalmente se produjo <strong>hoy 9\/12, con dictamen favorable.<\/strong><\/p>\n\n\n\n<p>Uno de los principales impulsores del proyecto ha sido su correligionario <strong>Julio Cobos<\/strong>, quien logr\u00f3 agilizar la aprobaci\u00f3n antes del recambio legislativo que se concretar\u00e1 pasado ma\u00f1ana.<\/p>\n\n\n\n<p>La <strong>Fiesta del Turismo y el Vino<\/strong>, que se celebra ininterrumpidamente hace 37 a\u00f1os, ya ha sido declarada antes de inter\u00e9s tur\u00edstico departamental y de inter\u00e9s legislativo provincial. La aprobaci\u00f3n de la ley ahora a nivel nacional implica que la fiesta sanrafaelina ser\u00e1 incluida en el calendario tur\u00edstico nacional y establece a San Rafael como sede permanente.<\/p>\n\n\n\n<div style=\"height:20px\" aria-hidden=\"true\" class=\"wp-block-spacer\"><\/div>\n\n\n\n<blockquote class=\"wp-block-quote is-layout-flow wp-block-quote-is-layout-flow\"><p>Es una buena noticia para San Rafael&#8230; Le da mayor visibilidad, aumenta las posibilidades de conseguir financiamiento y nos coloca en el calendario nacional\u00bb.<\/p><cite>Federico Zamarbide, diputado nacional por la UCR de Mendoza<\/cite><\/blockquote>\n\n\n\n<div style=\"height:20px\" aria-hidden=\"true\" class=\"wp-block-spacer\"><\/div>\n\n\n\n<div class=\"wp-block-image\"><figure class=\"alignleft size-large is-resized\"><img loading=\"lazy\" decoding=\"async\" src=\"https:\/\/enolife.com.ar\/es\/wp-content\/uploads\/2021\/12\/f608x342-21662_51385_0-1.jpg\" alt=\"\" class=\"wp-image-50622\" width=\"330\" height=\"263\" srcset=\"https:\/\/enolife.com.ar\/es\/wp-content\/uploads\/2021\/12\/f608x342-21662_51385_0-1.jpg 429w, https:\/\/enolife.com.ar\/es\/wp-content\/uploads\/2021\/12\/f608x342-21662_51385_0-1-300x239.jpg 300w\" sizes=\"auto, (max-width: 330px) 100vw, 330px\" \/><figcaption><strong>Federico Zamarbide<\/strong><\/figcaption><\/figure><\/div>\n\n\n\n<p>Sobre el tema, el diputado Federico Zamarbide (39) public\u00f3 hoy en su muro de Facebook: <em>\u00abEs una buena noticia para San Rafael que hoy se convirti\u00f3 en Ley el proyecto de mi autor\u00eda para que la Fiesta del Turismo y el Vino, con sede en nuestro Departamento, sea Fiesta Nacional. Esto le da mayor visibilidad, aumenta las posibilidades de conseguir financiamiento y hacer que la Fiesta de los sanrafaelinos siga creciendo ya que nos coloca en el calendario nacional. Felicitaciones a los pioneros que comenzaron con este encuentro que termin\u00f3 siendo una fiesta popular, y a los Directivos y socios de la C\u00e1mara de Turismo por ponerle siempre el hombro. Esto es un logro de todos los laburantes y emprendedores del turismo de San Rafael, sector que ser\u00e1 clave en la recuperaci\u00f3n econ\u00f3mica y en el posicionamiento de nuestro Departamento. Salud! A seguir para adelante!\u00bb<\/em><\/p>\n\n\n\n<p>En las argumentaciones de su proyecto de ley, Zamarbide afirmaba: <em>\u00abCon el paso de los a\u00f1os la fiesta fue creciendo, al punto tal que las ediciones 2018 y 2019, por ejemplo, tuvieron una asistencia de m\u00e1s de 60.000 personas. Por eso presentamos el proyecto para que sea ley nacional y que San Rafael sea sede nacional de la Fiesta\u00bb.<\/em><\/p>\n\n\n\n<div style=\"height:20px\" aria-hidden=\"true\" class=\"wp-block-spacer\"><\/div>\n\n\n\n<div class=\"wp-block-image\"><figure class=\"aligncenter is-resized\"><img loading=\"lazy\" decoding=\"async\" src=\"https:\/\/www.losandes.com.ar\/resizer\/K4yeIddjGgRhasB6EHQTRa8WVuY=\/1023x682\/smart\/cloudfront-us-east-1.images.arcpublishing.com\/grupoclarin\/GNSTSMZTGRRGEZJTGQYDAOBTGI.jpg\" alt=\"Archivo Los Andes\" width=\"566\" height=\"377\"\/><figcaption><strong>Gastronom\u00eda regional durante la Fiesta<\/strong><\/figcaption><\/figure><\/div>\n\n\n\n<div style=\"height:20px\" aria-hidden=\"true\" class=\"wp-block-spacer\"><\/div>\n\n\n\n<p>Cabe consignar que Zamarbide trabaj\u00f3 en la fiesta durante su gesti\u00f3n como director del Ente Mendoza Turismo (Emetur) y como presidente de la C\u00e1mara de Comercio de San Rafael.<\/p>\n\n\n\n<div style=\"height:20px\" aria-hidden=\"true\" class=\"wp-block-spacer\"><\/div>\n\n\n\n<h4 class=\"has-vivid-red-color has-text-color wp-block-heading\">La Fiesta del Turismo y el Vino de San Rafael se realiza cada a\u00f1o entre el 4 el 9 de noviembre. <strong>Durante los festejos se montan stands de gastronom\u00eda, enolog\u00eda y artesan\u00edas, y tambi\u00e9n se realizan espect\u00e1culos art\u00edsticos.<\/strong><\/h4>\n\n\n\n<div style=\"height:20px\" aria-hidden=\"true\" class=\"wp-block-spacer\"><\/div>\n\n\n\n<p>Por su parte, el senador nacional, ex gobernador y ex vicepresidente de la Naci\u00f3n, <strong>Julio Cobos,<\/strong> expres\u00f3 al respecto:<em> \u00abMe hab\u00eda comprometido con Federico para impulsar su proyecto y buscar aprobarlo en esta sesi\u00f3n porque entiendo que jerarquiza y da relevancia a un evento tan importante para la promoci\u00f3n del turismo y la vitivinicultura en el Sur Provincial. Es una alegr\u00eda que se haya aprobado en mi \u00faltima sesi\u00f3n como senador por Mendoza\u00bb.<\/em><\/p>\n\n\n\n<div style=\"height:49px\" aria-hidden=\"true\" class=\"wp-block-spacer\"><\/div>\n","protected":false},"excerpt":{"rendered":"<p>Hoy 9\/12, en su pen\u00faltimo d\u00eda como diputado nacional por Mendoza, el radical sanrafaelino Federico&hellip;<\/p>\n","protected":false},"author":3,"featured_media":50627,"comment_status":"open","ping_status":"open","sticky":false,"template":"","format":"standard","meta":{"footnotes":""},"categories":[11],"tags":[],"class_list":["post-50615","post","type-post","status-publish","format-standard","has-post-thumbnail","hentry","category-enoturismo"],"_links":{"self":[{"href":"https:\/\/enolife.com.ar\/es\/wp-json\/wp\/v2\/posts\/50615","targetHints":{"allow":["GET"]}}],"collection":[{"href":"https:\/\/enolife.com.ar\/es\/wp-json\/wp\/v2\/posts"}],"about":[{"href":"https:\/\/enolife.com.ar\/es\/wp-json\/wp\/v2\/types\/post"}],"author":[{"embeddable":true,"href":"https:\/\/enolife.com.ar\/es\/wp-json\/wp\/v2\/users\/3"}],"replies":[{"embeddable":true,"href":"https:\/\/enolife.com.ar\/es\/wp-json\/wp\/v2\/comments?post=50615"}],"version-history":[{"count":0,"href":"https:\/\/enolife.com.ar\/es\/wp-json\/wp\/v2\/posts\/50615\/revisions"}],"wp:featuredmedia":[{"embeddable":true,"href":"https:\/\/enolife.com.ar\/es\/wp-json\/wp\/v2\/media\/50627"}],"wp:attachment":[{"href":"https:\/\/enolife.com.ar\/es\/wp-json\/wp\/v2\/media?parent=50615"}],"wp:term":[{"taxonomy":"category","embeddable":true,"href":"https:\/\/enolife.com.ar\/es\/wp-json\/wp\/v2\/categories?post=50615"},{"taxonomy":"post_tag","embeddable":true,"href":"https:\/\/enolife.com.ar\/es\/wp-json\/wp\/v2\/tags?post=50615"}],"curies":[{"name":"wp","href":"https:\/\/api.w.org\/{rel}","templated":true}]}}