{"id":50544,"date":"2021-12-08T18:36:01","date_gmt":"2021-12-08T18:36:01","guid":{"rendered":"http:\/\/enolife.com.ar\/es\/?p=50544"},"modified":"2021-12-11T16:18:17","modified_gmt":"2021-12-11T16:18:17","slug":"en-mendoza-el-ministro-kulfas-anuncio-un-credito-de-900-millones-para-fabricar-botellas-en-la-rioja","status":"publish","type":"post","link":"https:\/\/enolife.com.ar\/es\/en-mendoza-el-ministro-kulfas-anuncio-un-credito-de-900-millones-para-fabricar-botellas-en-la-rioja\/","title":{"rendered":"En Mendoza el ministro Kulfas anunci\u00f3 un cr\u00e9dito de $900 millones para fabricar botellas en La Rioja"},"content":{"rendered":"\n<h4 class=\"wp-block-heading\"><em><strong>El ministro de Desarrollo Productivo de la Naci\u00f3n, Mat\u00edas Kulfas, estuvo en esta provincia ayer 7\/12 encabezando un acto en el Instituto Nacional de Vitivinicultura (INV) junto al titular de este organismo, Mart\u00edn Hinojosa, para presentar el programa Estrategia Productiva Federal. Se trata de un plan para promoci\u00f3n, capacitaci\u00f3n y financiamiento de pymes y emprendimientos en cada regi\u00f3n del pa\u00eds. Adem\u00e1s, particip\u00f3 de la reuni\u00f3n del Directorio de la Corporaci\u00f3n Vitivin\u00edcola Argentina (Coviar), donde anunci\u00f3 la entrega de un cr\u00e9dito por $900 millones a un proyecto de la empresa Vidrios Riojanos, para empezar a fabricar botellas de vino, con una capacidad de producci\u00f3n diaria de 100.000 unidades entre blancas y verdes.<\/strong><\/em><\/h4>\n\n\n\n<div style=\"height:20px\" aria-hidden=\"true\" class=\"wp-block-spacer\"><\/div>\n\n\n<a href=\"https:\/\/grupoaltasur.com\/\" aria-label=\"1700-500px\"><img loading=\"lazy\" decoding=\"async\" src=\"https:\/\/enolife.com.ar\/es\/wp-content\/uploads\/2021\/01\/1700-500px.jpg\" alt=\"\"  srcset=\"https:\/\/enolife.com.ar\/es\/wp-content\/uploads\/2021\/01\/1700-500px.jpg 1700w, https:\/\/enolife.com.ar\/es\/wp-content\/uploads\/2021\/01\/1700-500px-300x88.jpg 300w, https:\/\/enolife.com.ar\/es\/wp-content\/uploads\/2021\/01\/1700-500px-1024x301.jpg 1024w, https:\/\/enolife.com.ar\/es\/wp-content\/uploads\/2021\/01\/1700-500px-768x226.jpg 768w, https:\/\/enolife.com.ar\/es\/wp-content\/uploads\/2021\/01\/1700-500px-1536x452.jpg 1536w, https:\/\/enolife.com.ar\/es\/wp-content\/uploads\/2021\/01\/1700-500px-1170x344.jpg 1170w, https:\/\/enolife.com.ar\/es\/wp-content\/uploads\/2021\/01\/1700-500px-585x172.jpg 585w\" sizes=\"auto, (max-width: 1700px) 100vw, 1700px\" width=\"1700\" height=\"500\"   \/><\/a>\n\n\n<div style=\"height:34px\" aria-hidden=\"true\" class=\"wp-block-spacer\"><\/div>\n\n\n\n<p><strong>Mart\u00edn Hinojosa<\/strong>, titular del INV, y <strong>Mat\u00edas Kulfas<\/strong>, ministro de Desarrollo Productivo de la Naci\u00f3n, encabezaron ayer 7\/12 un acto en las instalaciones del organismo fiscalizador de la vitivinicultura argentina.<\/p>\n\n\n\n<p>En primer lugar, el INV present\u00f3 el programa <strong>\u00abVino Cercano\u00bb<\/strong> en Mendoza, una nueva modalidad de expendio de vinos en envases retornables, a trav\u00e9s de botellones de vidrio o cer\u00e1mica vidriada de 1,9 a 2,5 litros, los cuales van a poder comercializarse en las bodegas y locales habilitados para la venta de vino a consumidor final.<\/p>\n\n\n\n<p>Al respecto, Hinojosa manifest\u00f3: \u00ab<em>Aportamos lanzando programas innovadores que apuntan a vender m\u00e1s, a exportar m\u00e1s y desarrollar la vitivinicultura dando oportunidades y alternativas, tal como nuestro programa de Vino Cercano que permite una nueva modalidad de consumo de vinos enfocada puntualmente en los j\u00f3venes, que va a tener un impacto sumamente importante en sectores de la cadena comercial como vinotecas y restoranes. Adem\u00e1s, permite el acceso al p\u00fablico en general a una nueva modalidad de consumo\u00bb.<\/em><\/p>\n\n\n\n<div style=\"height:20px\" aria-hidden=\"true\" class=\"wp-block-spacer\"><\/div>\n\n\n\n<div class=\"wp-block-image\"><figure class=\"aligncenter size-large\"><img loading=\"lazy\" decoding=\"async\" width=\"1024\" height=\"569\" src=\"https:\/\/enolife.com.ar\/es\/wp-content\/uploads\/2021\/12\/Imagen2-6-1024x569.jpg\" alt=\"\" class=\"wp-image-50567\" srcset=\"https:\/\/enolife.com.ar\/es\/wp-content\/uploads\/2021\/12\/Imagen2-6-1024x569.jpg 1024w, https:\/\/enolife.com.ar\/es\/wp-content\/uploads\/2021\/12\/Imagen2-6-300x167.jpg 300w, https:\/\/enolife.com.ar\/es\/wp-content\/uploads\/2021\/12\/Imagen2-6-768x427.jpg 768w, https:\/\/enolife.com.ar\/es\/wp-content\/uploads\/2021\/12\/Imagen2-6-1170x651.jpg 1170w, https:\/\/enolife.com.ar\/es\/wp-content\/uploads\/2021\/12\/Imagen2-6-585x325.jpg 585w, https:\/\/enolife.com.ar\/es\/wp-content\/uploads\/2021\/12\/Imagen2-6.jpg 1275w\" sizes=\"auto, (max-width: 1024px) 100vw, 1024px\" \/><figcaption><em><strong>Mart\u00edn Hinojosa y Mat\u00edas Kulfas en el INV.<\/strong><\/em><\/figcaption><\/figure><\/div>\n\n\n\n<div style=\"height:20px\" aria-hidden=\"true\" class=\"wp-block-spacer\"><\/div>\n\n\n\n<p>Luego, Hinojosa destac\u00f3 la labor en conjunto con el Ministerio de Desarrollo Productivo, a trav\u00e9s del Centro de Ayuda PyMe que funciona en el INV, ya que, asegur\u00f3, es <em>\u00abmuy importante para dar asistencia t\u00e9cnica a las pymes de Mendoza que les permite acceder al financiamiento. Al INV nos ha venido muy bien porque tenemos contacto permanente con las bodegas y aprovechamos la oportunidad de tener en nuestro edificio al Ministerio de Desarrollo Productivo para ofrecer las distintas l\u00edneas de financiamiento, inversi\u00f3n y subsidios que permiten el desarrollo de las empresas\u201d.<\/em><\/p>\n\n\n\n<p>En este sentido, Hinojosa agreg\u00f3: \u00abE<em>ntendemos y creemos que al empresario le tiene que ir bien. Queremos y trabajamos para que le vaya bien. Si le est\u00e1 yendo bien, queremos que le vaya mejor porque estamos convencidos que las PyMES son grandes generadoras de trabajo y tienen que estar acompa\u00f1ando a un modelo de producci\u00f3n y desarrollo que estamos impulsando desde el Gobierno Nacional que trabaja en conjunto con el sector privado\u00bb.<\/em><\/p>\n\n\n\n<p>A su turno, el ministro <strong>Mat\u00edas Kulfas<\/strong> present\u00f3 \u00abEstrategia Productiva Federal\u00bb, un programa de promoci\u00f3n, capacitaci\u00f3n y financiamiento que el Ministerio de Desarrollo Productivo de Naci\u00f3n tiene para empresas pymes y emprendimientos locales, y expres\u00f3 que su visita a Mendoza se produce porque, asegur\u00f3, \u00ab<em>nos propusimos recorrer la Argentina, visitando 50 ciudades porque ve\u00edamos que todas las medidas de pol\u00edticas productivas del Ministerio necesitaban una difusi\u00f3n m\u00e1s cercana y pr\u00f3xima a todos los actores de la producci\u00f3n como las pymes, a las personas del mundo agropecuario, agroindustrial y de todos los sectores de la econom\u00eda. Por este motivo, lanzamos un plan para estar en cada ciudad del pa\u00eds para mostrar esta oferta en \u00e1mbitos donde podamos dialogar con todos los sectores de la producci\u00f3n\u00bb<\/em>.<\/p>\n\n\n\n<p>La visita del ministro continu\u00f3 con su participaci\u00f3n en la \u00faltima reuni\u00f3n del a\u00f1o del Directorio de la Coviar, donde <strong>anunci\u00f3 un cr\u00e9dito por $900 millones para un proyecto de Vidrios Riojanos, para empezar a fabricar botellas de vino, con una capacidad de producci\u00f3n diaria de 100.000 botellas entre blancas y verdes. <\/strong><\/p>\n\n\n\n<p>El objetivo es que esta planta empiece a fabricar botellas ya <strong>en 2022 y la idea es seguir impulsando inversiones para nuevos proveedores de envases de vidrio all\u00ed donde hay infraestructura, como Rosario y Neuqu\u00e9n<\/strong>, y de esta manera ampliar la oferta de proveedores de envases e incrementar la capacidad de producci\u00f3n para que no vuelvan a ocurrir crisis ni faltantes como los de este a\u00f1o.<\/p>\n\n\n\n<div style=\"height:20px\" aria-hidden=\"true\" class=\"wp-block-spacer\"><\/div>\n\n\n\n<div class=\"wp-block-image\"><figure class=\"aligncenter size-large\"><img loading=\"lazy\" decoding=\"async\" width=\"1024\" height=\"547\" src=\"https:\/\/enolife.com.ar\/es\/wp-content\/uploads\/2021\/12\/image002-1024x547.jpg\" alt=\"\" class=\"wp-image-50569\" srcset=\"https:\/\/enolife.com.ar\/es\/wp-content\/uploads\/2021\/12\/image002-1024x547.jpg 1024w, https:\/\/enolife.com.ar\/es\/wp-content\/uploads\/2021\/12\/image002-300x160.jpg 300w, https:\/\/enolife.com.ar\/es\/wp-content\/uploads\/2021\/12\/image002-768x410.jpg 768w, https:\/\/enolife.com.ar\/es\/wp-content\/uploads\/2021\/12\/image002-1170x625.jpg 1170w, https:\/\/enolife.com.ar\/es\/wp-content\/uploads\/2021\/12\/image002-585x312.jpg 585w, https:\/\/enolife.com.ar\/es\/wp-content\/uploads\/2021\/12\/image002.jpg 1279w\" sizes=\"auto, (max-width: 1024px) 100vw, 1024px\" \/><figcaption><em><strong>La reuni\u00f3n del Directorio de la Coviar, encabezada por el ministro Kulfas.<\/strong><\/em><\/figcaption><\/figure><\/div>\n\n\n\n<div style=\"height:20px\" aria-hidden=\"true\" class=\"wp-block-spacer\"><\/div>\n\n\n\n<p>Kulfas coment\u00f3 el avance del Plan para alcanzar los U$S 1.000 millones de exportaciones de vinos fraccionados y mencion\u00f3 las soluciones aportadas para hacer frente a la escasez de botellas. Tambi\u00e9n destac\u00f3 la agenda abierta para seguir analizando medidas que beneficien a la vitivinicultura argentina.<\/p>\n\n\n\n<p><em>\u00abVenimos a ratificar el compromiso del gobierno nacional con el desarrollo de esta industria y estamos a disposici\u00f3n para seguir acompa\u00f1\u00e1ndolos\u00bb<\/em>, destac\u00f3 <strong>Kulfas<\/strong>.<\/p>\n\n\n\n<p>Por su parte, el presidente de Coviar,&nbsp;<strong>Jos\u00e9 Alberto Zuccardi<\/strong>, destac\u00f3 los avances de la industria en cuanto al plan para llegar a los U$S 1.000 millones de exportaciones de vinos fraccionados, se\u00f1alando que la vitivinicultura ya est\u00e1 superando los U$S 820 millones, por lo que el objetivo est\u00e1 cada vez m\u00e1s cerca.<\/p>\n\n\n\n<p>Otro punto que se trat\u00f3 fue el impacto positivo que tuvo para la vitivinicultura la suba de reintegros y la baja de retenciones, en especial para las pymes que se anunciaron en octubre de 2020.<\/p>\n\n\n\n<p><em>\u00abPudimos implementar una pol\u00edtica de mejora de hasta m\u00e1s del 100% en los reintegros a las exportaciones de la vitivinicultura<\/em>, <em>mejorando los m\u00e1rgenes del sector exportador, y este a\u00f1o implementamos tambi\u00e9n la reducci\u00f3n a cero de los derechos de exportaci\u00f3n de todas las bodegas que exportan hasta U$S 500.000 y una baja del 50% para las que al a\u00f1o venden al exterior entre U$S 500.000 y hasta U$S 1 mill\u00f3n. Y con esto, la verdad es que tres de cada cuatro exportadores de vinos se han beneficiado\u00bb<\/em>, finaliz\u00f3 Kulfas.<\/p>\n\n\n\n<div style=\"height:20px\" aria-hidden=\"true\" class=\"wp-block-spacer\"><\/div>\n\n\n\n<p class=\"has-small-font-size\"><em><strong>Fuentes: INV y Coviar<\/strong><\/em><\/p>\n","protected":false},"excerpt":{"rendered":"<p>El ministro de Desarrollo Productivo de la Naci\u00f3n, Mat\u00edas Kulfas, estuvo en esta provincia ayer&hellip;<\/p>\n","protected":false},"author":3,"featured_media":50565,"comment_status":"open","ping_status":"open","sticky":false,"template":"","format":"standard","meta":{"footnotes":""},"categories":[14],"tags":[],"class_list":["post-50544","post","type-post","status-publish","format-standard","has-post-thumbnail","hentry","category-news"],"_links":{"self":[{"href":"https:\/\/enolife.com.ar\/es\/wp-json\/wp\/v2\/posts\/50544","targetHints":{"allow":["GET"]}}],"collection":[{"href":"https:\/\/enolife.com.ar\/es\/wp-json\/wp\/v2\/posts"}],"about":[{"href":"https:\/\/enolife.com.ar\/es\/wp-json\/wp\/v2\/types\/post"}],"author":[{"embeddable":true,"href":"https:\/\/enolife.com.ar\/es\/wp-json\/wp\/v2\/users\/3"}],"replies":[{"embeddable":true,"href":"https:\/\/enolife.com.ar\/es\/wp-json\/wp\/v2\/comments?post=50544"}],"version-history":[{"count":0,"href":"https:\/\/enolife.com.ar\/es\/wp-json\/wp\/v2\/posts\/50544\/revisions"}],"wp:featuredmedia":[{"embeddable":true,"href":"https:\/\/enolife.com.ar\/es\/wp-json\/wp\/v2\/media\/50565"}],"wp:attachment":[{"href":"https:\/\/enolife.com.ar\/es\/wp-json\/wp\/v2\/media?parent=50544"}],"wp:term":[{"taxonomy":"category","embeddable":true,"href":"https:\/\/enolife.com.ar\/es\/wp-json\/wp\/v2\/categories?post=50544"},{"taxonomy":"post_tag","embeddable":true,"href":"https:\/\/enolife.com.ar\/es\/wp-json\/wp\/v2\/tags?post=50544"}],"curies":[{"name":"wp","href":"https:\/\/api.w.org\/{rel}","templated":true}]}}