{"id":5040,"date":"2019-11-17T12:00:51","date_gmt":"2019-11-17T12:00:51","guid":{"rendered":"http:\/\/enolife.com.ar\/es\/?p=5040"},"modified":"2019-11-23T01:40:40","modified_gmt":"2019-11-23T01:40:40","slug":"la-enoteca-y-el-cck-porteno-se-visten-de-fiesta-para-festejar-el-dia-del-vino-argentino","status":"publish","type":"post","link":"https:\/\/enolife.com.ar\/es\/la-enoteca-y-el-cck-porteno-se-visten-de-fiesta-para-festejar-el-dia-del-vino-argentino\/","title":{"rendered":"La Enoteca y el CCK porte\u00f1o se visten de fiesta para festejar el D\u00eda del Vino Argentino"},"content":{"rendered":"\n<h4 class=\"wp-block-heading\"><em><strong>El 24 de noviembre se celebra la declaraci\u00f3n del Vino como Bebida Nacional. Primero fue por decreto presidencial en 2010 y luego en 2013 fue por una ley aprobada por unanimidad en el Congreso. Desde esa fecha, todos los a\u00f1os se celebra el valor cultural que tiene el vino y la vitivinicultura, su arraigo con la tierra y su rol en la identidad de los argentinos.<\/strong><\/em><\/h4>\n\n\n\n<h4 class=\"wp-block-heading\"><em><strong>La celebraci\u00f3n de este d\u00eda llegar\u00e1 a cada rinc\u00f3n de las provincias vitivin\u00edcolas de la Argentina de la mano de los peque\u00f1os productores con espect\u00e1culos de m\u00fasica, baile, gastronom\u00eda y degustaciones.<\/strong><\/em><\/h4>\n\n\n\n<div style=\"height:20px\" aria-hidden=\"true\" class=\"wp-block-spacer\"><\/div>\n\n\n\n<p>Con el tiempo, los productores vitivin\u00edcolas de la Argentina fueron armando y potenciando su festejo regional y consolidando una serie de eventos culturales y tur\u00edsticos que se extienden por toda la geograf\u00eda nacional, potenciando se atractivo tur\u00edstico.<\/p>\n\n\n\n<p class=\"has-background has-very-light-gray-background-color\">El Vino Argentino, Bebida Nacional se celebra en cada rinc\u00f3n del pa\u00eds en una serie de eventos locales y regionales que arrancan el 22 de noviembre y se extienden hasta principios de diciembre. <\/p>\n\n\n\n<p>Todo integrado bajo el seno de la Corporaci\u00f3n Vitivin\u00edcola Argentina (Coviar), como responsable de coordinar y llevar adelante el Plan Estrat\u00e9gico Vitivin\u00edcola y la promoci\u00f3n del vino en el mercado interno, a trav\u00e9s de su unidad ejecutora de Peque\u00f1os Productores y el apoyo del Fondo Vitivin\u00edcola de Mendoza,&nbsp; el INTA, los gobiernos de Mendoza, San Juan, La Rioja, Catamarca, R\u00edo Negro, Salta y los municipios de Jun\u00edn, Santa Rosa, Luj\u00e1n de Cuyo, Las Heras, Lavalle, Tupungato, San Rafael, San Carlos, General Alvear y Tunuy\u00e1n; Tinogasta en La Rioja, Cafayate en Salta, Pocito y Sarmiento en San Juan; y los&nbsp; Centro de Desarrollo Vit\u00edcola (CVD) de Media Agua y Caucete en San Juan, Patagonia Norte, Chilecito La Rioja, Cafayate en Salta, Tinogasta en Catamarca y los CDV de Mendoza, Lavalle, Zona Este, La Consulta, Tupungato, San Rafael y General Alvear.<\/p>\n\n\n\n<p>El cronograma de festejos arranca el pr\u00f3ximo 22 de noviembre con actividades en simult\u00e1neo en San Rafael , Santa Rosa, Mendoza y en La Rioja. Luego se desarrolla en distintas localidades del pa\u00eds hasta el 1 de diciembre que el vino como Bebida Nacional se celebra en Media Agua, la villa cabecera de Sarmiento en San Juan.<\/p>\n\n\n\n<div style=\"height:20px\" aria-hidden=\"true\" class=\"wp-block-spacer\"><\/div>\n\n\n\n<div class=\"wp-block-image\"><figure class=\"aligncenter is-resized\"><img loading=\"lazy\" decoding=\"async\" src=\"http:\/\/coviar.com.ar\/2018\/wp-content\/uploads\/2019\/11\/WhatsApp-Image-2019-11-14-at-19.07.51-1024x1018.jpeg\" alt=\"\" width=\"412\" height=\"409\"\/><\/figure><\/div>\n\n\n\n<div style=\"height:20px\" aria-hidden=\"true\" class=\"wp-block-spacer\"><\/div>\n\n\n\n<p>La idea de llevar los festejos a cada uno de los lugares donde se cultiva la vid surgi\u00f3 de los propios productores. <em>\u201cEn 2017 por iniciativa del Fondo Vitivin\u00edcola se decidi\u00f3 hacer un homenaje a los peque\u00f1os productores por el d\u00eda del Vino Argentino, Bebida Nacional. Ah\u00ed surgi\u00f3 la idea de llevar los festejos a cada zona vitivin\u00edcola para que toda la cadena productiva, desde el que cultiva la vid hasta el consumidor, tuviera sus festejos para armar una verdadera celebraci\u00f3n federal\u201d<\/em>, explica Hilda Wilhelm de Vaieretti, presidenta de la Federaci\u00f3n de C\u00e1maras de Productores Vit\u00edcolas de la Rep\u00fablica Argentina, miembro del Directorio de Coviar y directora de la unidad ejecutora de Peque\u00f1os Productores.<\/p>\n\n\n\n<div style=\"height:20px\" aria-hidden=\"true\" class=\"wp-block-spacer\"><\/div>\n\n\n\n<div class=\"wp-block-image\"><figure class=\"aligncenter is-resized\"><img loading=\"lazy\" decoding=\"async\" src=\"http:\/\/coviar.com.ar\/2018\/wp-content\/uploads\/2019\/11\/Vino-Bebida-Nacional-El-Vino-Nos-Une-celebraci%C3%B3n-Fondo-Vitivin%C3%ADcola-1024x769.jpg\" alt=\"\" width=\"510\" height=\"382\"\/><\/figure><\/div>\n\n\n\n<div style=\"height:37px\" aria-hidden=\"true\" class=\"wp-block-spacer\"><\/div>\n\n\n\n<p>Los festejos de 2018 fueron un verdadero \u00e9xito en convocatoria donde no falt\u00f3 la m\u00fasica, las comidas t\u00edpicas, las artesan\u00edas, las degustaciones y los reconocimientos a hombres y mujeres que d\u00eda a d\u00eda trabajan por la vitivinicultura argentina. Y en este 2019 van por m\u00e1s con eventos en distintas localidades que ya son una verdadera atracci\u00f3n tur\u00edstica.<\/p>\n\n\n\n<div style=\"height:20px\" aria-hidden=\"true\" class=\"wp-block-spacer\"><\/div>\n\n\n\n<p class=\"has-medium-font-size\"><strong>Agenda celebraciones en Mendoza<\/strong><\/p>\n\n\n\n<div style=\"height:20px\" aria-hidden=\"true\" class=\"wp-block-spacer\"><\/div>\n\n\n\n<p><strong>Muestra fotogr\u00e1fica del artista M\u00e1ximo Arias<\/strong>, <strong>abierta hasta el 30\/11, de 10 a 17 hs- <\/strong> Un recorrido por las im\u00e1genes que el ojo del fot\u00f3grafo eterniz\u00f3 en escenas llenas de emoci\u00f3n y unidas a la vitivinicultura mendocina. Con entrada libre y gratuita, en La Enoteca, Peltier 611, Ciudad.<\/p>\n\n\n\n<p><strong>Teatro did\u00e1ctico \u00abLa Vid es Bella\u00bb del 19 al 22\/11 <\/strong>Obra de teatro para ni\u00f1os y ni\u00f1as de nivel primario. Una mirada divertida sobre nuestra cultura vitivin\u00edcola. Dos funciones diarias, a las 10 y a las 15. Entrada gratuita. Las escuelas deben reservar v\u00eda mail a turismo@laenoteca.com.ar.<\/p>\n\n\n\n<div style=\"height:20px\" aria-hidden=\"true\" class=\"wp-block-spacer\"><\/div>\n\n\n\n<div class=\"wp-block-image\"><figure class=\"alignleft is-resized\"><img loading=\"lazy\" decoding=\"async\" src=\"https:\/\/enolife.com.ar\/es\/wp-content\/uploads\/2019\/11\/cilco.png\" alt=\"\" width=\"338\" height=\"167\"\/><\/figure><\/div>\n\n\n\n<p><strong>Ciclo entre Copa y Copa<\/strong>: Se celebra todos los  jueves de noviembre en La Enoteca organizada por el Fondo Vitivin\u00edcola , La agenda completa fue publicada por Enolife y se puede ver en el siguiente link:  <a href=\"https:\/\/enolife.com.ar\/es\/el-7-11-comienza-el-ciclo-entre-copa-y-copa\/\">https:\/\/enolife.com.ar\/es\/el-7-11-comienza-el-ciclo-entre-copa-y-copa\/<\/a> <br><strong>Las entradas pueden adquirirse a trav\u00e9s de evenbrite:&nbsp;<\/strong><a href=\"https:\/\/www.eventbrite.com.ar\/e\/ciclo-entre-copa-y-copa-especial-mes-del-vino-argentino-tickets-78607369759\">https:\/\/www.eventbrite.com.ar\/e\/ciclo-entre-copa-y-copa-especial-mes-del-vino-argentino-tickets-78607369759<\/a><\/p>\n\n\n\n<div style=\"height:20px\" aria-hidden=\"true\" class=\"wp-block-spacer\"><\/div>\n\n\n\n<div style=\"height:20px\" aria-hidden=\"true\" class=\"wp-block-spacer\"><\/div>\n\n\n\n<div class=\"wp-block-image\"><figure class=\"alignleft is-resized\"><img loading=\"lazy\" decoding=\"async\" src=\"https:\/\/i1.wp.com\/eventosenmendoza.com.ar\/wp-content\/uploads\/2019\/11\/8938_image.jpg?fit=960%2C540&amp;ssl=1\" alt=\"\" width=\"449\" height=\"252\"\/><\/figure><\/div>\n\n\n\n<p><strong>Ciclo Inseparables \u00abEpisodio 4 Vino + Picada<\/strong>\u00bb  22\/11 a las 22 hs  Es una descontracturada propuesta de maridaje en el que se combinar\u00e1n &nbsp;6 vinos con una deliciosa y variada picada, que incluir\u00e1 cl\u00e1sicos y delicatessen, para que cada uno descubra su combinaci\u00f3n favorita. Adem\u00e1s, sonar\u00e1 \u00abDjinji Caravan\u00bb con un vibrante repertorio&nbsp;de swing y jazz.  Para adquirir las entradas: <a href=\"https:\/\/www.eventbrite.com.ar\/e\/ciclo-inseparables-episodio-4-vino-picada-tickets-77108358175\">https:\/\/www.eventbrite.com.ar\/e\/ciclo-inseparables-episodio-4-vino-picada-tickets-77108358175<\/a> <\/p>\n\n\n\n<div style=\"height:100px\" aria-hidden=\"true\" class=\"wp-block-spacer\"><\/div>\n\n\n\n<p><strong>Visitas al Centro Tem\u00e1tico del Vino<\/strong>: de lunes a viernes de 10 a 17 hs La Enoteca abre sus puertas para compartir un recorrido por la historia y actualidad de la vitivinicultura. Finaliza con la degustaci\u00f3n de dos vinos.<strong>&nbsp;El valor es de $ 100.<\/strong><\/p>\n\n\n\n<div style=\"height:20px\" aria-hidden=\"true\" class=\"wp-block-spacer\"><\/div>\n\n\n\n<p>&nbsp;Y por \u00faltimo, el 24 de noviembre se celebrar\u00e1&nbsp;<strong>La Enoteca abierta. De 10 a 17 hs, con entrada libre y gratuita.<\/strong>&nbsp;En conmemoraci\u00f3n del d\u00eda del Vino Argentino Bebida Nacional, el espacio abrir\u00e1 para todo el p\u00fablico con visitas gratuitas. Al tradicional recorrido por el Centro Tem\u00e1tico del Vino se sumar\u00e1n degustaciones, juegos y proyecciones.<strong>&nbsp;Informes y reservas para estas dos \u00faltimas actividades a: turismo@laenoteca.com.ar<\/strong><\/p>\n\n\n\n<div style=\"height:66px\" aria-hidden=\"true\" class=\"wp-block-spacer\"><\/div>\n\n\n\n<p class=\"has-medium-font-size\"><strong>Festejo en Buenos Aires<\/strong><\/p>\n\n\n\n<div style=\"height:35px\" aria-hidden=\"true\" class=\"wp-block-spacer\"><\/div>\n\n\n\n<div class=\"wp-block-image\"><figure class=\"alignleft is-resized\"><img loading=\"lazy\" decoding=\"async\" src=\"https:\/\/enolife.com.ar\/es\/wp-content\/uploads\/2019\/11\/image-32-692x1024.png\" alt=\"\" class=\"wp-image-5043\" width=\"431\" height=\"637\" srcset=\"https:\/\/enolife.com.ar\/es\/wp-content\/uploads\/2019\/11\/image-32-692x1024.png 692w, https:\/\/enolife.com.ar\/es\/wp-content\/uploads\/2019\/11\/image-32-203x300.png 203w, https:\/\/enolife.com.ar\/es\/wp-content\/uploads\/2019\/11\/image-32-585x865.png 585w, https:\/\/enolife.com.ar\/es\/wp-content\/uploads\/2019\/11\/image-32.png 751w\" sizes=\"auto, (max-width: 431px) 100vw, 431px\" \/><\/figure><\/div>\n\n\n\n<p>La Corporaci\u00f3n Vitivin\u00edcola Argentina (COVIAR) junto con el Fondo Vitivin\u00edcola Mendoza, presentan el jueves 21 de noviembre \u201cLas Voces del Vino\u201d, un espect\u00e1culo donde grandes m\u00fasicos brindar\u00e1n por el vino argentino en un concierto que promete ser inolvidable. El show comienza a las 20.00 hs en el magn\u00edfico escenario del Auditorio Nacional del CCK y la entrada es libre y gratuita con previa inscripci\u00f3n en: <\/p>\n\n\n\n<p class=\"has-background has-very-light-gray-background-color\"><a href=\"https:\/\/www.eventbrite.com.ar\/e\/celebracion-del-dia-del-vino-argentino-bebida-nacional-tickets-80862452773\">https:\/\/www.eventbrite.com.ar\/e\/celebracion-del-dia-del-vino-argentino-bebida-nacional-tickets-80862452773<\/a><\/p>\n\n\n\n<div style=\"height:20px\" aria-hidden=\"true\" class=\"wp-block-spacer\"><\/div>\n\n\n\n<p><em>\u201cDesde COVIAR estamos orgullosos por celebrar una fecha tan especial como el D\u00eda Nacional del Vino. Una oportunidad para conmemorar junto con grandes artistas el rol de la vitivinicultura en la cultura e identidad argentina\u201d,<\/em> destac\u00f3 \u00c1ngel Leotta, presidente de COVIAR.<\/p>\n\n\n\n<p>Poppi Spatocco es el responsable del dise\u00f1o y la direcci\u00f3n musical del espect\u00e1culo audiovisual en el que brillar\u00e1n Pedro Aznar, Kevin Johansen, Hilda Lizarazu, Manu Sija, Ariel Ardit, Ligia Piro, Ver\u00f3nica Condom\u00ed, Javier Montalto, Martina Flores, Melania P\u00e9rez, Franco Luciani y Nadia Larcher, quienes ofrecer\u00e1n versiones sinf\u00f3nicas compuestas especialmente para este show. El espect\u00e1culo propone una fusi\u00f3n \u00fanica entre m\u00fasica y vino, donde las canciones se presentan en versiones solistas, duetos y tr\u00edos de los artistas convocados en un perfecto maridaje con im\u00e1genes de la vitivinicultura, su cultura y legado, su importancia como dinamizadora de las econom\u00edas regionales y generadora de trabajo. Es el vino como forma de vida y cultura. <\/p>\n\n\n\n<p>Gustavo \u201cPoppi\u201d Spatocco es un reconocido pianista, compositor, arreglador, director y productor art\u00edstico. Sus trabajos fueron una parte sustancial de la expresi\u00f3n art\u00edstica de importantes figuras de la m\u00fasica argentina como Mercedes Sosa, Ra\u00fal Carnota, Ligia Piro y Osvaldo Montes, entre otros. Tambi\u00e9n ha compuesto obras para cine, teatro, danza y televisi\u00f3n,&nbsp; siendo distinguido con premios como los de SADAIC, ACE o Estrella de Mar. Recibi\u00f3 el Grammy Latino por su trabajo de producci\u00f3n, direcci\u00f3n y&nbsp; arreglos de la obra&nbsp;Cantora&nbsp;y&nbsp;Deja volar la vida&nbsp;junto a Mercedes Sosa. Fue galardonado con el Premio Gardel por la producci\u00f3n del CD&nbsp;Folclore&nbsp;de la Orquesta Nacional de M\u00fasica Argentina \u201cJuan de Dios Filiberto\u201d.<\/p>\n\n\n\n<p><em>\u201cLas voces del vino hilvana m\u00fasica, paisaje y las historias de hombres y mujeres que en todo el pa\u00eds dan forma y sentido a una actividad tan apasionante como la vitivinicultura\u201d,<\/em> comentan desde el Fondo Vitivin\u00edcola Mendoza, organizadores del concierto.<\/p>\n\n\n\n<p>El concierto, con entrada libre y gratuita, llegar\u00e1 a todo el pa\u00eds a trav\u00e9s de la Televisi\u00f3n P\u00fablica el d\u00eda domingo 24 de noviembre a las 23 hs.<\/p>\n\n\n\n<div style=\"height:20px\" aria-hidden=\"true\" class=\"wp-block-spacer\"><\/div>\n\n\n\n<p class=\"has-medium-font-size\"><strong>\u00bfPor qu\u00e9 se celebra el 24 de noviembre?<\/strong><\/p>\n\n\n\n<div style=\"height:20px\" aria-hidden=\"true\" class=\"wp-block-spacer\"><\/div>\n\n\n\n<p>Fue el 24 de noviembre de 2010 cuando se firm\u00f3 el decreto presidencial que declar\u00f3 al vino como la Bebida Nacional. Esta declaraci\u00f3n es un reconocimiento al valor cultural que tiene el vino y la vitivinicultura, y a su rol en la identidad de los argentinos. Adem\u00e1s, en ese primer decreto, que luego en 2013 fue ratificado por una ley con unanimidad de votos en el Congreso Nacional, se reconoce al vino como un alimento que forma parte de nuestra dieta.<\/p>\n\n\n\n<ul class=\"wp-block-list\"><li>Argentina es el pa\u00eds vitivin\u00edcola m\u00e1s importante de Am\u00e9rica del Sur y uno de las 10 m\u00e1s destacados en el negocio vitivin\u00edcola mundial. Y fue el primer pa\u00eds del mundo que declar\u00f3 al vino como su Bebida Nacional.<br><\/li><li>La actividad vitivin\u00edcola dinamiza las econom\u00edas regionales de las provincias productoras y genera un alto valor agregado en origen. De Jujuy a la Patagonia, las m\u00e1s de 230.000 hect\u00e1reas cultivadas con vid hacen de Argentina uno de los m\u00e1s diversos en climas, suelos y caracter\u00edsticas culturales.<br><\/li><li>Desde la producci\u00f3n primaria hasta la distribuci\u00f3n y comercializaci\u00f3n, la vitivinicultura es un motor creador de empleos. La cadena vitivin\u00edcola genera m\u00e1s de 110.000 puestos de trabajo directos y m\u00e1s de 280.000 empleos indirectos.<br><\/li><li>Nuestra geograf\u00eda vitivin\u00edcola se nutre del trabajo de m\u00e1s de 17.600 productores primarios que brindan materia prima de calidad a las casi 900 bodegas. La incorporaci\u00f3n de tecnolog\u00eda ha permitido alcanzar altos est\u00e1ndares cualitativos con una producci\u00f3n vitivin\u00edcola sustentable, inclusiva y que aborda el futuro con una mirada estrat\u00e9gica.<br><\/li><li>El complejo vitivin\u00edcola es una de las 10 principales cadenas exportadoras del pa\u00eds: m\u00e1s de 500 exportadores llegan a 120 pa\u00edses con vinos, jugo de uva concentrado, pasas y uva para consumo en fresco.<br><\/li><li>7 de cada 10 litros de vino que se elaboran en Argentina se consumen en el pa\u00eds. Esto hace de nuestro mercado interno una plaza para consolidar y expandir.<br><\/li><li>La vitivinicultura comprendi\u00f3 que el mundo es conexi\u00f3n y abri\u00f3 sus puertas a visitantes de todo el mundo. Por nuestras bodegas pasan casi 2 millones de turistas al a\u00f1o y esto moviliza tambi\u00e9n la gastronom\u00eda, el transporte, hoteler\u00eda y fortalece nuestra imagen pa\u00eds.<br><\/li><li>La marca \u201cArgentina\u201d se reconoce en los mercados internacionales como sin\u00f3nimo de diversidad, de extensi\u00f3n territorial y, fundamentalmente, de pasi\u00f3n. La misma pasi\u00f3n que expresan todos los vinos presentes en el mercado interno.<\/li><\/ul>\n\n\n\n<div style=\"height:20px\" aria-hidden=\"true\" class=\"wp-block-spacer\"><\/div>\n\n\n\n<p class=\"has-medium-font-size\"><strong>Acerca de Coviar:<\/strong><\/p>\n\n\n\n<div style=\"height:20px\" aria-hidden=\"true\" class=\"wp-block-spacer\"><\/div>\n\n\n\n<p>La Corporaci\u00f3n Vitivin\u00edcola Argentina (COVIAR) es un organismo p\u00fablico-privado que gestiona y articula las acciones necesarias para cumplir con los objetivos del Plan Estrat\u00e9gico Argentina Vitivin\u00edcola 2020 (PEVI), asumiendo el desaf\u00edo de transformar el sector vitivin\u00edcola y potenciar, con visi\u00f3n estrat\u00e9gica, sus fortalezas y oportunidades en el mercado global del vino, del jugo concentrado de uva, de las pasas y uvas de mesa. <\/p>\n\n\n\n<p>Promueve la organizaci\u00f3n e integraci\u00f3n de los actores de la cadena productiva, la innovaci\u00f3n de productos y procesos que acrecientan el valor agregado del sector, con la finalidad de ganar, mantener y consolidar mercados externos, consolidar el mercado interno argentino y lograr el desarrollo sostenido del sector.<\/p>\n\n\n\n<p class=\"has-small-font-size\"><strong><em>Fuente: Coviar<\/em><\/strong>, <strong><em>Fondo Vitivin\u00edcola y La Enoteca<\/em><\/strong>, <strong><em>Infocampo<\/em><\/strong><\/p>\n","protected":false},"excerpt":{"rendered":"<p>El 24 de noviembre se celebra la declaraci\u00f3n del Vino como Bebida Nacional. Primero fue&hellip;<\/p>\n","protected":false},"author":3,"featured_media":5059,"comment_status":"open","ping_status":"open","sticky":false,"template":"","format":"standard","meta":{"footnotes":""},"categories":[11],"tags":[],"class_list":["post-5040","post","type-post","status-publish","format-standard","has-post-thumbnail","hentry","category-enoturismo"],"_links":{"self":[{"href":"https:\/\/enolife.com.ar\/es\/wp-json\/wp\/v2\/posts\/5040","targetHints":{"allow":["GET"]}}],"collection":[{"href":"https:\/\/enolife.com.ar\/es\/wp-json\/wp\/v2\/posts"}],"about":[{"href":"https:\/\/enolife.com.ar\/es\/wp-json\/wp\/v2\/types\/post"}],"author":[{"embeddable":true,"href":"https:\/\/enolife.com.ar\/es\/wp-json\/wp\/v2\/users\/3"}],"replies":[{"embeddable":true,"href":"https:\/\/enolife.com.ar\/es\/wp-json\/wp\/v2\/comments?post=5040"}],"version-history":[{"count":0,"href":"https:\/\/enolife.com.ar\/es\/wp-json\/wp\/v2\/posts\/5040\/revisions"}],"wp:featuredmedia":[{"embeddable":true,"href":"https:\/\/enolife.com.ar\/es\/wp-json\/wp\/v2\/media\/5059"}],"wp:attachment":[{"href":"https:\/\/enolife.com.ar\/es\/wp-json\/wp\/v2\/media?parent=5040"}],"wp:term":[{"taxonomy":"category","embeddable":true,"href":"https:\/\/enolife.com.ar\/es\/wp-json\/wp\/v2\/categories?post=5040"},{"taxonomy":"post_tag","embeddable":true,"href":"https:\/\/enolife.com.ar\/es\/wp-json\/wp\/v2\/tags?post=5040"}],"curies":[{"name":"wp","href":"https:\/\/api.w.org\/{rel}","templated":true}]}}