{"id":50270,"date":"2021-12-07T01:25:58","date_gmt":"2021-12-07T01:25:58","guid":{"rendered":"http:\/\/enolife.com.ar\/es\/?p=50270"},"modified":"2021-12-08T13:31:31","modified_gmt":"2021-12-08T13:31:31","slug":"otro-voto-mas-para-maipullen","status":"publish","type":"post","link":"https:\/\/enolife.com.ar\/es\/otro-voto-mas-para-maipullen\/","title":{"rendered":"\u00a1Otro voto m\u00e1s para Maipull\u00e9n!"},"content":{"rendered":"\n<h4 class=\"wp-block-heading\"><em><strong>El pasado s\u00e1bado 4 de diciembre, en una Fiesta \u00abrebelde\u00bb organizada por las reinas \u00abmandato cumplido\u00bb de Guaymall\u00e9n, se eligi\u00f3 como nueva soberana vendimial de ese departamento a Julieta Lonigro (22), estudiante de Enolog\u00eda. Lo in\u00e9dito e ins\u00f3lito es que esa Fiesta tuvo lugar en el Museo del Vino y la Vendimia de Maip\u00fa, porque en Guaymall\u00e9n estaba \u00abprohibida\u00bb pues una ordenanza municipal del 18\/3\/21 cancel\u00f3 de un decretazo ese festejo popular, por considerarlo s\u00f3lo un \u00abconcurso de belleza\u00bb.<\/strong><\/em> <\/h4>\n\n\n\n<hr class=\"wp-block-separator\"\/>\n\n\n\n<h4 class=\"wp-block-heading\"><em><strong>Esa misma medida dispuso que Guaymall\u00e9n no tendr\u00e1 representante oficial que participe en la elecci\u00f3n de la Reina Nacional, por lo que ahora las chicas de la Comisi\u00f3n de Reinas de Guaymall\u00e9n (Coreguay) buscar\u00e1n la manera de que su candidata \u00abparalela\u00bb suba al escenario del Anfiteatro y reciba votos del jurado y vivas del p\u00fablico durante el acto central de la Fiesta, el 5\/3\/22 . <\/strong><\/em><\/h4>\n\n\n\n<div style=\"height:20px\" aria-hidden=\"true\" class=\"wp-block-spacer\"><\/div>\n\n\n\n<p><strong>Por Pedro Straniero (<a href=\"mailto:pstraniero@enolife.com.ar\">pstraniero@enolife.com.ar<\/a>)<\/strong><\/p>\n\n\n\n<div style=\"height:20px\" aria-hidden=\"true\" class=\"wp-block-spacer\"><\/div>\n\n\n\n<p>La inc\u00f3gnita radica en saber si <strong>Maip\u00fa<\/strong> y <strong>Guaymall\u00e9n<\/strong> unificar\u00e1n la corona y se presentar\u00e1n juntos a la competencia final con un nombre combinado -en cuyo caso sugerimos <strong>\u00abMaipull\u00e9n\u00bb<\/strong>-, o si ir\u00e1 cada municipio por su lado, Guaymall\u00e9n con su belleza rebelde y Maip\u00fa con la suya pero elegida en concurso libre, soberano y oficial. <\/p>\n\n\n\n<p>Otra posibilidad, lejana, casi de ficci\u00f3n, es que en una devoluci\u00f3n de la ofensa Guaymall\u00e9n organice la fiesta de la Vendimia de Maip\u00fa en su territorio. Si esto ocurre, esa reina podr\u00eda llevar una banda sobre su pecho con la inscripci\u00f3n <strong>\u00abGuayp\u00fa\u00bb<\/strong>. Es algo que deber\u00e1n definir los entendidos, o tal vez, la <strong>Comisi\u00f3n de Reinas de Maip\u00fa (Coremai).<\/strong>   <\/p>\n\n\n\n<div style=\"height:20px\" aria-hidden=\"true\" class=\"wp-block-spacer\"><\/div>\n\n\n\n<div class=\"wp-block-image\"><figure class=\"aligncenter size-large\"><img loading=\"lazy\" decoding=\"async\" width=\"831\" height=\"500\" src=\"https:\/\/enolife.com.ar\/es\/wp-content\/uploads\/2021\/12\/reina-disidente-guaymallen-1jpg.jpg\" alt=\"\" class=\"wp-image-50414\" srcset=\"https:\/\/enolife.com.ar\/es\/wp-content\/uploads\/2021\/12\/reina-disidente-guaymallen-1jpg.jpg 831w, https:\/\/enolife.com.ar\/es\/wp-content\/uploads\/2021\/12\/reina-disidente-guaymallen-1jpg-300x181.jpg 300w, https:\/\/enolife.com.ar\/es\/wp-content\/uploads\/2021\/12\/reina-disidente-guaymallen-1jpg-768x462.jpg 768w, https:\/\/enolife.com.ar\/es\/wp-content\/uploads\/2021\/12\/reina-disidente-guaymallen-1jpg-585x352.jpg 585w\" sizes=\"auto, (max-width: 831px) 100vw, 831px\" \/><figcaption><strong>Delfina Callieris, Julieta Lonigro y Julieta G\u00f3mez<\/strong><\/figcaption><\/figure><\/div>\n\n\n\n<div style=\"height:20px\" aria-hidden=\"true\" class=\"wp-block-spacer\"><\/div>\n\n\n\n<p>En el medio de la pol\u00e9mica, los intendentes <strong>Marcelino Iglesias (radical, de Guaymall\u00e9n<\/strong>) y <strong>Mat\u00edas Stevanato (peronista, de Maip\u00fa<\/strong>) ya cruzaron dardos por elevaci\u00f3n en los medios mendocinos. <\/p>\n\n\n\n<p>El primero, reiterando que el veto a la elecci\u00f3n formulado por sus concejales es cosa juzgada: \u00ab<em>No habr\u00e1 reina&#8230; Me tiene sin cuidado (<\/em>el tema<em>). Nosotros emitimos la ordenanza y reina en Guaymall\u00e9n no va a haber m\u00e1s y punto y aparte<\/em>\u00bb (en Radio Nihuil). <\/p>\n\n\n\n<div style=\"height:20px\" aria-hidden=\"true\" class=\"wp-block-spacer\"><\/div>\n\n\n\n<figure class=\"wp-block-gallery aligncenter columns-2 is-cropped wp-block-gallery-1 is-layout-flex wp-block-gallery-is-layout-flex\"><ul class=\"blocks-gallery-grid\"><li class=\"blocks-gallery-item\"><figure><img decoding=\"async\" src=\"https:\/\/pbs.twimg.com\/profile_images\/1424695152535384069\/PWQHCTAp_400x400.jpg\" alt=\"Image\"\/><figcaption class=\"blocks-gallery-item__caption\"><strong>Mat\u00edas Stevanato<\/strong><\/figcaption><\/figure><\/li><li class=\"blocks-gallery-item\"><figure><img decoding=\"async\" src=\"https:\/\/pbs.twimg.com\/profile_images\/1437183266088529923\/yUfOsRE__400x400.jpg\" alt=\"Image\"\/><figcaption class=\"blocks-gallery-item__caption\"><strong>Marcelino Iglesias<\/strong><\/figcaption><\/figure><\/li><\/ul><\/figure>\n\n\n\n<div style=\"height:20px\" aria-hidden=\"true\" class=\"wp-block-spacer\"><\/div>\n\n\n\n<p>Y el segundo con un <strong><em>tuit<\/em> publicado hoy 6\/12\/21 a las 13.17<\/strong>: \u00ab<em>La Vendimia es mucho m\u00e1s que una foto. Soy una persona educada que respeta las tradiciones y costumbres del pueblo mendocino, por eso agradezco a Coreguay por la invitaci\u00f3n. La soberbia de no atender el sentir de un pueblo es un mal que alcanz\u00f3 a varios dirigentes&#8230;<\/em> <em>A Marcelino le recomiendo escuchar y aprender de las mujeres, es una gran experiencia. Si quiere politizar el tema, le digo que el pueblo de Guaymall\u00e9n eligi\u00f3 su representante en tierra maipucina, porque su deseo fue negarles esa posibilidad<\/em>\u00ab.<\/p>\n\n\n\n<div style=\"height:20px\" aria-hidden=\"true\" class=\"wp-block-spacer\"><\/div>\n\n\n\n<blockquote class=\"wp-block-quote is-layout-flow wp-block-quote-is-layout-flow\"><p>A Marcelino le recomiendo escuchar y aprender de las mujeres\u00bb.<\/p><cite>Mat\u00edas Stevanato, intendente de Maip\u00fa, aconsejando a Marcelino Iglesias, intendente de Guaymall\u00e9n.<\/cite><\/blockquote>\n\n\n\n<div style=\"height:20px\" aria-hidden=\"true\" class=\"wp-block-spacer\"><\/div>\n\n\n\n<p>A esta \u00faltima \u00abrecomendaci\u00f3n\u00bb de Stevanato, Iglesias respondi\u00f3 con una frase cortita y lacerante, t\u00edpica de su estilo, en alusi\u00f3n al resultado de las \u00faltimas elecciones legislativas, en las que en Maip\u00fa el Frente de Todos perdi\u00f3 por 15 puntos ante Cambia Mendoza: \u00ab<em>Algunos necesitan sacarse fotos despu\u00e9s de la derrota<\/em>\u00ab.<\/p>\n\n\n\n<div style=\"height:20px\" aria-hidden=\"true\" class=\"wp-block-spacer\"><\/div>\n\n\n\n<blockquote class=\"wp-block-quote is-layout-flow wp-block-quote-is-layout-flow\"><p>Algunos necesitan sacarse fotos despu\u00e9s de la derrota\u00bb.<\/p><cite>Marcelino Iglesias, intendente de Guaymall\u00e9n, en filosa respuesta a Stevanato.<\/cite><\/blockquote>\n\n\n\n<div style=\"height:20px\" aria-hidden=\"true\" class=\"wp-block-spacer\"><\/div>\n\n\n\n<p>Tomando en cuenta el perfil de ambos intendentes, es probable que en los pr\u00f3ximos d\u00edas contin\u00faen con la pirotecnia verbal y las chicanas cruzadas, lo que le pondr\u00e1 pimienta a la rencilla pol\u00edtica que suele acompa\u00f1ar a la previa de Vendimia. Como dijo el periodista <strong>Andr\u00e9s Gabrielli<\/strong> en su programa \u00abPrimeras voces\u00bb de radio Nihuil, <em>\u00abest\u00e1 buena la discusi\u00f3n sobre  las reinas de la Vendimia, le agrega condimiento a la Fiesta, que si no es aburrida y siempre lo mismo en esta Mendoza conservadora<\/em>\u00ab.<\/p>\n\n\n\n<p>Lo cierto es que en esta provincia, la Fiesta de la Vendimia es una instituci\u00f3n, una tradici\u00f3n, un patrimonio cultural inmaterial reconocido a nivel mundial, y tambi\u00e9n un tema obligado de conversaci\u00f3n entre diciembre y marzo de cada a\u00f1o.  <\/p>\n\n\n\n<div style=\"height:20px\" aria-hidden=\"true\" class=\"wp-block-spacer\"><\/div>\n\n\n\n<p class=\"has-background has-medium-font-size has-very-light-gray-background-color\"><strong>Las reinas mandato cumplido de Guaymall\u00e9n resisten desde Maip\u00fa<\/strong><\/p>\n\n\n\n<p class=\"has-background has-very-light-gray-background-color\">A continuaci\u00f3n transcribimos la cr\u00f3nica publicada por las ex reinas de Guaymall\u00e9n en el muro de Facebook de la Coreguay, sobre la Fiesta realizada en el Museo del Vino de Maip\u00fa, en la que eligieron a Julieta Lonigro.<br><br><em>En el d\u00eda de la fecha, 4 de diciembre de 2021, en el Museo Nacional del Vino y la Vendimia de Maip\u00fa, con 17 votos la representante de Los Corralitos empat\u00f3 junto a la candidata de El Sauce, y por el voto de sus compa\u00f1eras, resulta electa Reina de la Vendimia del Departamento de Guaymall\u00e9n la srta. <strong>Julieta Lonigro.<\/strong> <\/em><br><em>Representante del <strong>distrito Los Corrallitos,<\/strong> tiene 22 a\u00f1os y estudia la licenciatura en Enolog\u00eda.<\/em><br><br><em>Como <strong>Virreina de la Vendimia del Departamento de Guaymall\u00e9n,<\/strong> con 17 votos, se elige a la srta. <strong>Julieta G\u00f3mez,<\/strong> representante del <strong>distrito El Sauce<\/strong>. Tiene 19 a\u00f1os y estudia educaci\u00f3n f\u00edsica. <\/em><br><br><em>Inaugurando la figura de la <strong>\u00abFlor de Guaymall\u00e9n\u00bb <\/strong>(derivada del tradicional vals \u00abLa Flor de Guaymall\u00e9n\u00bb, que destaca y valora a las bellas guaymallinas), fue elegida con 14 votos por el voto de sus compa\u00f1eras la srta. <strong>Delfina Callieris<\/strong>, representante del <strong>distrito de Km 11<\/strong>, de 20 a\u00f1os y estudiante de la licenciatura en Administraci\u00f3n. #Felicitamos a nuestras 21 grandes mujeres.<\/em><br><br><em>Felicitamos a nuestras nuevas reinas y agradecemos a todos los que esta noche nos estuvieron acompa\u00f1ando.<\/em><br>\u00a1<em>Estamos haciendo camino!<\/em><\/p>\n\n\n\n<div style=\"height:20px\" aria-hidden=\"true\" class=\"wp-block-spacer\"><\/div>\n\n\n\n<p class=\"has-medium-font-size\"><strong>Ex reina Luz Fern\u00e1ndez: \u00abLa ordenanza municipal es inconstitucional\u00bb<\/strong><\/p>\n\n\n\n<div class=\"wp-block-image\"><figure class=\"alignleft size-large is-resized\"><img loading=\"lazy\" decoding=\"async\" src=\"https:\/\/enolife.com.ar\/es\/wp-content\/uploads\/2021\/12\/image.jpeg\" alt=\"La presidenta de la Comisi\u00f3n de Reinas de Guaymall\u00e9n defendi\u00f3 la elecci\u00f3n  departamental - Radio Nihuil | AM 680 - Mendoza - Argentina\" class=\"wp-image-50417\" width=\"216\" height=\"215\" srcset=\"https:\/\/enolife.com.ar\/es\/wp-content\/uploads\/2021\/12\/image.jpeg 225w, https:\/\/enolife.com.ar\/es\/wp-content\/uploads\/2021\/12\/image-150x150.jpeg 150w\" sizes=\"auto, (max-width: 216px) 100vw, 216px\" \/><figcaption><strong>Luz Fern\u00e1ndez<\/strong><\/figcaption><\/figure><\/div>\n\n\n\n<p>A su turno, para defender la elecci\u00f3n de su reina en la Fiesta \u00abparalela\u00bb de Guaymall\u00e9n, la presidenta de la Comisi\u00f3n de Reinas de Guaymall\u00e9n (Coreguay), <strong>Luz Fern\u00e1ndez<\/strong>, expres\u00f3: \u00ab<em>Ante la negativa de Guaymall\u00e9n de no permitirle a la mujer que se presente como reina departamental, consideramos que se la est\u00e1 discriminando frente al resto de las mujeres de los departamentos vecinos; esta ordenanza municipal es inconstitucional, ya que se contrapone y contradice con otras leyes provinciales y nacionales, donde se avala la figura de la reina como parte del patrimonio inmaterial ycultural de la provincia<\/em>\u00ab.<\/p>\n\n\n\n<p>Entrevistada por el periodista y conductor <strong>Ricardo Montacuto<\/strong>, en Radio Nihuil, Fern\u00e1ndez prosigui\u00f3: \u00ab<em>Yo creo que al Concejo Deliberante de Guaymall\u00e9n le falt\u00f3 un poco de estudio sobre la tem\u00e1tica de la Vendimia&#8230; Nosotros hablamos en primera persona porque tenemos la experiencia y acompa\u00f1amos a las mujeres del departamento<\/em>\u00ab.<\/p>\n\n\n\n<p>Finalmente, la reina \u00abmandato cumplido\u00bb analiz\u00f3: \u00ab<em>Yo creo que es anacr\u00f3nico considerar que la reina debe ser una cosechadora. Hoy la reina debe ser una embajadora del turismo, y debe dar un examen y presentar un proyecto para mejorar la calidad de vida de los vecinos de Guaymall\u00e9n, ese debe ser su nuevo perfil\u00bb<\/em>.<\/p>\n\n\n\n<div style=\"height:34px\" aria-hidden=\"true\" class=\"wp-block-spacer\"><\/div>\n\n\n\n<p><\/p>\n","protected":false},"excerpt":{"rendered":"<p>El pasado s\u00e1bado 4 de diciembre, en una Fiesta \u00abrebelde\u00bb organizada por las reinas \u00abmandato&hellip;<\/p>\n","protected":false},"author":3,"featured_media":50422,"comment_status":"open","ping_status":"open","sticky":false,"template":"","format":"standard","meta":{"footnotes":""},"categories":[12],"tags":[],"class_list":["post-50270","post","type-post","status-publish","format-standard","has-post-thumbnail","hentry","category-opinion"],"_links":{"self":[{"href":"https:\/\/enolife.com.ar\/es\/wp-json\/wp\/v2\/posts\/50270","targetHints":{"allow":["GET"]}}],"collection":[{"href":"https:\/\/enolife.com.ar\/es\/wp-json\/wp\/v2\/posts"}],"about":[{"href":"https:\/\/enolife.com.ar\/es\/wp-json\/wp\/v2\/types\/post"}],"author":[{"embeddable":true,"href":"https:\/\/enolife.com.ar\/es\/wp-json\/wp\/v2\/users\/3"}],"replies":[{"embeddable":true,"href":"https:\/\/enolife.com.ar\/es\/wp-json\/wp\/v2\/comments?post=50270"}],"version-history":[{"count":0,"href":"https:\/\/enolife.com.ar\/es\/wp-json\/wp\/v2\/posts\/50270\/revisions"}],"wp:featuredmedia":[{"embeddable":true,"href":"https:\/\/enolife.com.ar\/es\/wp-json\/wp\/v2\/media\/50422"}],"wp:attachment":[{"href":"https:\/\/enolife.com.ar\/es\/wp-json\/wp\/v2\/media?parent=50270"}],"wp:term":[{"taxonomy":"category","embeddable":true,"href":"https:\/\/enolife.com.ar\/es\/wp-json\/wp\/v2\/categories?post=50270"},{"taxonomy":"post_tag","embeddable":true,"href":"https:\/\/enolife.com.ar\/es\/wp-json\/wp\/v2\/tags?post=50270"}],"curies":[{"name":"wp","href":"https:\/\/api.w.org\/{rel}","templated":true}]}}