{"id":50268,"date":"2022-01-05T02:36:18","date_gmt":"2022-01-05T02:36:18","guid":{"rendered":"http:\/\/enolife.com.ar\/es\/?p=50268"},"modified":"2022-01-08T14:23:51","modified_gmt":"2022-01-08T14:23:51","slug":"lucas-gilbert-el-95-de-los-productores-estan-convencidos-de-que-el-camino-es-mecanizar","status":"publish","type":"post","link":"https:\/\/enolife.com.ar\/es\/lucas-gilbert-el-95-de-los-productores-estan-convencidos-de-que-el-camino-es-mecanizar\/","title":{"rendered":"Lucas Gilbert: \u00abEl 95% de los productores est\u00e1n convencidos de que el camino es mecanizar\u00bb"},"content":{"rendered":"\n<h4 class=\"wp-block-heading\"><em><strong>En la reciente edici\u00f3n de la Feria Sitevinitech, la empresa mendocina Agrocosecha -presidida por los ingenieros y socios Lucas Gilbert y Sergio Asti\u00e9- present\u00f3 los nuevos veh\u00edculos y m\u00e1quinas agr\u00edcolas que acaban de importar para el mercado mendocino y argentino. La firma, fundada en 2011, est\u00e1 orientada a brindar soluciones tecnol\u00f3gicas para el agro, con productos y servicios que posibiliten una agricultura m\u00e1s eficiente, rentable y sustentable. En esta entrevista con Enolife, el joven ingeniero electromec\u00e1nico Lucas Gilbert (37) resume su historia y su fuerte apuesta de introducir en el mercado local tecnolog\u00edas de \u00faltima generaci\u00f3n, pese a las dificultades actuales que plantea la importaci\u00f3n.<\/strong><\/em><\/h4>\n\n\n\n<div style=\"height:29px\" aria-hidden=\"true\" class=\"wp-block-spacer\"><\/div>\n\n\n<a href=\"https:\/\/www.irrigacion.gov.ar\/web\/\" aria-label=\"irrigaci\u00f3n-1700X500\"><img loading=\"lazy\" decoding=\"async\" src=\"https:\/\/enolife.com.ar\/es\/wp-content\/uploads\/2021\/02\/irrigacion-1700X500.gif\" alt=\"\"  width=\"1700\" height=\"500\"   \/><\/a>\n\n\n<div style=\"height:46px\" aria-hidden=\"true\" class=\"wp-block-spacer\"><\/div>\n\n\n\n<p class=\"has-text-color has-vivid-red-color\"><strong>-Enolife: Contanos c\u00f3mo nace tu empresa y cu\u00e1l fue el proyecto de negocios original&#8230;<\/strong><\/p>\n\n\n\n<p><strong>-Lucas Gilbert:<\/strong> Arrancamos en el a\u00f1o 2011 trayendo unas cosechadoras de uva de <strong>Francia<\/strong>, vislumbrando un poco que la mecanizaci\u00f3n era el futuro del agro en Argentina, y ese a\u00f1o alquilamos uno de esos equipos. Ocho meses despu\u00e9s, cerramos un contrato con la empresa espa\u00f1ola <strong>Zocapi<\/strong>, que fabrica y distribuye en todo el mundo maquinarias para el cultivo de ajo, cosechadoras, sembradoras, desgranadoras&#8230; Eran m\u00e1quina para alquilar, y nos empez\u00f3 a ir bien&#8230;<\/p>\n\n\n\n<p>Luego ampliamos el portfolio con sembradoras neum\u00e1ticas de precisi\u00f3n para todo tipo de hortalizas y maquinarias para el laboreo del vi\u00f1edo, y despu\u00e9s seguimos con m\u00e1quinas para trabajar con nogales, almendros y pistachos.<\/p>\n\n\n\n<div style=\"height:20px\" aria-hidden=\"true\" class=\"wp-block-spacer\"><\/div>\n\n\n\n<div class=\"wp-block-image\"><figure class=\"aligncenter is-resized\"><img loading=\"lazy\" decoding=\"async\" src=\"http:\/\/agrocosecha.com.ar\/includes\/timthumb.php?src=uploads\/page\/1632771085_sl_zyn1inzemzyuyyvbhljz7ydscmatkvwkdq8dqip3.jpeg&amp;w=800&amp;h=600\" alt=\"Agrocosecha - Tecnolog\u00eda para el agro\" width=\"558\" height=\"419\"\/><figcaption><em><strong>La sede principal de Agrocosecha, en Rodeo del Medio, Maip\u00fa, Mendoza, Argentina.<\/strong><\/em><\/figcaption><\/figure><\/div>\n\n\n\n<div style=\"height:20px\" aria-hidden=\"true\" class=\"wp-block-spacer\"><\/div>\n\n\n\n<p class=\"has-text-color has-vivid-red-color\"><strong>-\u00bfY actualmente qu\u00e9 m\u00e1quinas importan, para vender o alquilar?<\/strong><\/p>\n\n\n\n<p>-Hace poco firmamos contrato con la compa\u00f1\u00eda italiana <strong>Guaresi<\/strong>, l\u00edder mundial en cosechadoras de tomates, para tener la representaci\u00f3n en Argentina. Con eso ampliamos la gama hort\u00edcola; y en la gama frut\u00edcola cubrimos triturado, poda y cosecha, para lo cual hemos tra\u00eddo unos brazos vibradores para cosechar que hacen que el fruto se caiga, luego quedan recolectados en un paraguas y de all\u00ed van cayendo a una tolva. <\/p>\n\n\n\n<p>Hoy en d\u00eda no alquilamos m\u00e1s, todo lo vendemos, somos 100% venta de maquinaria. Hoy tenemos un portfolio de productos muy amplio que cubre todas las necesidades de maquinaria del agro regional, tanto para la vitivinicultura, horticultura, olivicultura y la fruticultura. Para la olivicultura traemos unas podadoras italianas especiales para hacer poda alta y poda lateral; y tambi\u00e9n para la olivicultura traemos unas trituradoras especiales marca <strong>TMC Cancela<\/strong>, espa\u00f1olas, l\u00edderes mundiales en trituradoras forestales, que muelen troncos de hasta 40 cm de di\u00e1metro, de tal manera que se pueda usar como abono para el suelo.<\/p>\n\n\n\n<div style=\"height:20px\" aria-hidden=\"true\" class=\"wp-block-spacer\"><\/div>\n\n\n\n<div class=\"wp-block-image\"><figure class=\"aligncenter size-large is-resized\"><img loading=\"lazy\" decoding=\"async\" src=\"https:\/\/enolife.com.ar\/es\/wp-content\/uploads\/2022\/01\/IMG_1764-1024x461.jpeg\" alt=\"\" class=\"wp-image-52420\" width=\"626\" height=\"282\" srcset=\"https:\/\/enolife.com.ar\/es\/wp-content\/uploads\/2022\/01\/IMG_1764-1024x461.jpeg 1024w, https:\/\/enolife.com.ar\/es\/wp-content\/uploads\/2022\/01\/IMG_1764-300x135.jpeg 300w, https:\/\/enolife.com.ar\/es\/wp-content\/uploads\/2022\/01\/IMG_1764-768x346.jpeg 768w, https:\/\/enolife.com.ar\/es\/wp-content\/uploads\/2022\/01\/IMG_1764-1170x527.jpeg 1170w, https:\/\/enolife.com.ar\/es\/wp-content\/uploads\/2022\/01\/IMG_1764-585x263.jpeg 585w, https:\/\/enolife.com.ar\/es\/wp-content\/uploads\/2022\/01\/IMG_1764.jpeg 1280w\" sizes=\"auto, (max-width: 626px) 100vw, 626px\" \/><figcaption>Los nuevos modelos de t<strong>ractores japoneses Kubota, presentados en la Feria Sitevinitech 2021<\/strong>.<\/figcaption><\/figure><\/div>\n\n\n\n<div style=\"height:20px\" aria-hidden=\"true\" class=\"wp-block-spacer\"><\/div>\n\n\n\n<p class=\"has-text-color has-vivid-red-color\"><strong>-\u00bfY por qu\u00e9 suben la apuesta incorporando nuevas alianza comerciales y maquinarias de \u00faltima generaci\u00f3n? \u00bfEst\u00e1n dadas las condiciones para comerciar en el mercado nacional?<\/strong><\/p>\n\n\n\n<p>-S\u00ed, sin duda. Es que seg\u00fan los testimonios que recogemos, el 95% de los productores de nuestro entorno est\u00e1n convencidos de que el camino es mecanizar.&nbsp;<\/p>\n\n\n\n<div style=\"height:20px\" aria-hidden=\"true\" class=\"wp-block-spacer\"><\/div>\n\n\n\n<blockquote class=\"wp-block-quote is-layout-flow wp-block-quote-is-layout-flow\"><p>Ya les hemos provisto nuestros tractores para la parte vitivin\u00edcola a bodegas muy grandes, como Zuccardi y Catena, y ahora estamos tratando de llegar a m\u00e1s bodegas con los tractores Kubota, de los que somos el concesionario oficial\u00bb.<\/p><cite>Lucas Gilbert, copropietario de Agrocosecha<\/cite><\/blockquote>\n\n\n\n<div style=\"height:20px\" aria-hidden=\"true\" class=\"wp-block-spacer\"><\/div>\n\n\n\n<p>Estamos convencidos de que nuestros servicios y las m\u00e1quinas que traemos ser\u00e1n cada vez m\u00e1s demandadas. Por eso ahora tambi\u00e9n estamos presentando la nueva l\u00ednea de tractores japoneses <strong>Kubota,<\/strong> que son espec\u00edficos para vi\u00f1as y frutales, con \u00faltima tecnolog\u00eda y muy bajo consumo de combustible. <\/p>\n\n\n\n<p>Y por otro lado, incorporamos la l\u00ednea de maquinarias italianas <strong>Forigo<\/strong>, l\u00edderes mundiales en equipos para la preparaci\u00f3n del suelo. Las Forigo son unas m\u00e1quinas especiales desarrolladas por esa empresa con sede en Ostiglia, Lombard\u00eda y la Universidad de Bologna, que permiten realizar movimientos de terreno con grandes ventajas, como dejar un colch\u00f3n de 30 cm de tierra virgen, lo que luego aporta el beneficio de que la germinaci\u00f3n es mucho mas r\u00e1pida y uniforme. As\u00ed, con una sola pasada de esa m\u00e1quina, ya se puede ir sembrando arriba, o sea que no hay que preparar el terreno ni pasar 3 o 4 veces el tractor; y adem\u00e1s en cuestiones de cultivo permite ser mucho m\u00e1s eficientes en la producci\u00f3n, porque la germinaci\u00f3n es mucho mejor y el producto va a ser mucho m\u00e1s uniforme y de mejor calidad.<\/p>\n\n\n\n<div style=\"height:20px\" aria-hidden=\"true\" class=\"wp-block-spacer\"><\/div>\n\n\n\n<p class=\"has-text-color has-vivid-red-color\"><strong>-\u00bfDesde d\u00f3nde est\u00e1n operando aqu\u00ed en Mendoza, y qu\u00e9 nuevos proyectos han incorporado adem\u00e1s de la divisi\u00f3n maquinarias?<\/strong><\/p>\n\n\n\n<p>-Nosotros estamos en Rodeo del Medio, Maip\u00fa, y en Tunuy\u00e1n, Valle de Uco, sobre la Ruta 40, antes de la entrada de Tunuy\u00e1n a esa ciudad yendo hacia el sur. &nbsp;<\/p>\n\n\n\n<div style=\"height:20px\" aria-hidden=\"true\" class=\"wp-block-spacer\"><\/div>\n\n\n\n<blockquote class=\"wp-block-quote is-layout-flow wp-block-quote-is-layout-flow\"><p>Tenemos una m\u00e1quina, marca Monchiero, italiana, con un sistema muy innovador: con el mismo veh\u00edculo se van barriendo y recolectando los frutos de c\u00e1scara, es \u00fanica en el mercado. Y de esa misma empresa tenemos cosechadoras de aceitunas\u00bb.<\/p><cite>Lucas Gilbert, copropietario de Agrocosecha<\/cite><\/blockquote>\n\n\n\n<div style=\"height:20px\" aria-hidden=\"true\" class=\"wp-block-spacer\"><\/div>\n\n\n\n<p>Nuestro \u00faltimo proyecto es la incorporaci\u00f3n de la <strong>nueva divisi\u00f3n Campo y Jard\u00edn, con la marca HOLT<\/strong>; estamos montando un local modelo en <strong>San Mart\u00edn<\/strong>, un centro de servicios y ventas dise\u00f1ado para que el cliente tenga tambi\u00e9n disponible el servicio t\u00e9cnico de cualquier tipo de maquinaria que compre; tendr\u00e1 una sala de espera con servicio de caf\u00e9 y un espacio de <em>coworking<\/em>, para generar un polo de negocios all\u00ed mismo, con la posibilidad de reuniones en esa zona tan productiva del Este de Mendoza.<\/p>\n\n\n\n<div style=\"height:20px\" aria-hidden=\"true\" class=\"wp-block-spacer\"><\/div>\n\n\n\n<div class=\"wp-block-image\"><figure class=\"aligncenter size-large\"><img loading=\"lazy\" decoding=\"async\" width=\"600\" height=\"330\" src=\"https:\/\/enolife.com.ar\/es\/wp-content\/uploads\/2022\/01\/holt.jpg\" alt=\"\" class=\"wp-image-52423\" srcset=\"https:\/\/enolife.com.ar\/es\/wp-content\/uploads\/2022\/01\/holt.jpg 600w, https:\/\/enolife.com.ar\/es\/wp-content\/uploads\/2022\/01\/holt-300x165.jpg 300w, https:\/\/enolife.com.ar\/es\/wp-content\/uploads\/2022\/01\/holt-585x322.jpg 585w\" sizes=\"auto, (max-width: 600px) 100vw, 600px\" \/><figcaption><em><strong>Maquinaria para jard\u00edn marca Holt, en la nueva divisi\u00f3n Campo y Jard\u00edn de Agrocosecha.<\/strong><\/em><\/figcaption><\/figure><\/div>\n\n\n\n<div style=\"height:20px\" aria-hidden=\"true\" class=\"wp-block-spacer\"><\/div>\n\n\n\n<p class=\"has-text-color has-vivid-red-color\"><strong>-\u00bfC\u00f3mo van a trabajar con la nueva divisi\u00f3n Campo y Jard\u00edn, con qu\u00e9 tipo de clientes, con qu\u00e9 demanda?<\/strong><\/p>\n\n\n\n<p>Es para parquizaci\u00f3n, desde grandes terrenos de plantas industriales hasta casas de familia, con hidrolavadoras, sopladoras para sacar hojas, etc\u00e9tera. Y a futuro tenemos la idea de hacer nosotros las parquizaciones, porque la gente lo va demandando. Por ahora estamos concentrados en terminar este modelo de local y despu\u00e9s replicarlo en el Valle de Uco.<\/p>\n\n\n\n<div style=\"height:20px\" aria-hidden=\"true\" class=\"wp-block-spacer\"><\/div>\n\n\n\n<p class=\"has-text-color has-vivid-red-color\"><strong>-\u00bfC\u00f3mo est\u00e1 el tema de la importaci\u00f3n de maquinarias hacia Argentina? \u00bfHay muchas trabas o requisitos? <\/strong><\/p>\n\n\n\n<p>-Est\u00e1 muy complejo, primero porque muchas m\u00e1quinas de las que traemos no tienen <strong>licencia autom\u00e1tica<\/strong>,&nbsp;entonces hay que pedir una autorizaci\u00f3n para importar que se llama<strong> SIMI<\/strong>, que es una licencia para importar que nos la tiene que dar la<strong> Secretar\u00eda de Comercio<\/strong>&#8230; Y luego est\u00e1 el tema del giro de divisas para importaciones anticipadas&#8230; As\u00ed que el panorama es bastante complejo, pero vamos busc\u00e1ndole la vuelta y tratando de solucionar los problemas para poder traer la maquinaria que le hace falta al productor.<\/p>\n\n\n\n<div style=\"height:20px\" aria-hidden=\"true\" class=\"wp-block-spacer\"><\/div>\n\n\n\n<div style=\"height:20px\" aria-hidden=\"true\" class=\"wp-block-spacer\"><\/div>\n","protected":false},"excerpt":{"rendered":"<p>En la reciente edici\u00f3n de la Feria Sitevinitech, la empresa mendocina Agrocosecha -presidida por los&hellip;<\/p>\n","protected":false},"author":3,"featured_media":52393,"comment_status":"open","ping_status":"open","sticky":false,"template":"","format":"standard","meta":{"footnotes":""},"categories":[4],"tags":[],"class_list":["post-50268","post","type-post","status-publish","format-standard","has-post-thumbnail","hentry","category-protagonistas"],"_links":{"self":[{"href":"https:\/\/enolife.com.ar\/es\/wp-json\/wp\/v2\/posts\/50268","targetHints":{"allow":["GET"]}}],"collection":[{"href":"https:\/\/enolife.com.ar\/es\/wp-json\/wp\/v2\/posts"}],"about":[{"href":"https:\/\/enolife.com.ar\/es\/wp-json\/wp\/v2\/types\/post"}],"author":[{"embeddable":true,"href":"https:\/\/enolife.com.ar\/es\/wp-json\/wp\/v2\/users\/3"}],"replies":[{"embeddable":true,"href":"https:\/\/enolife.com.ar\/es\/wp-json\/wp\/v2\/comments?post=50268"}],"version-history":[{"count":0,"href":"https:\/\/enolife.com.ar\/es\/wp-json\/wp\/v2\/posts\/50268\/revisions"}],"wp:featuredmedia":[{"embeddable":true,"href":"https:\/\/enolife.com.ar\/es\/wp-json\/wp\/v2\/media\/52393"}],"wp:attachment":[{"href":"https:\/\/enolife.com.ar\/es\/wp-json\/wp\/v2\/media?parent=50268"}],"wp:term":[{"taxonomy":"category","embeddable":true,"href":"https:\/\/enolife.com.ar\/es\/wp-json\/wp\/v2\/categories?post=50268"},{"taxonomy":"post_tag","embeddable":true,"href":"https:\/\/enolife.com.ar\/es\/wp-json\/wp\/v2\/tags?post=50268"}],"curies":[{"name":"wp","href":"https:\/\/api.w.org\/{rel}","templated":true}]}}