{"id":5005,"date":"2019-11-15T16:05:03","date_gmt":"2019-11-15T16:05:03","guid":{"rendered":"http:\/\/enolife.com.ar\/es\/?p=5005"},"modified":"2019-11-22T14:44:07","modified_gmt":"2019-11-22T14:44:07","slug":"vinventions-amplia-su-planta-en-san-juan-e-invierte-en-nuevas-tecnologias","status":"publish","type":"post","link":"https:\/\/enolife.com.ar\/es\/vinventions-amplia-su-planta-en-san-juan-e-invierte-en-nuevas-tecnologias\/","title":{"rendered":"Vinventions ampl\u00eda su planta en San Juan e invierte en nuevas tecnolog\u00edas"},"content":{"rendered":"\n<h4 class=\"wp-block-heading\"><em><strong>Con la visita de su fundador, el empresario belga Marc N\u00f6el, y la presencia del gerente general para Sudam\u00e9rica, el mendocino Andr\u00e9s Belinsky, la firma Vinventions&nbsp;inaugur\u00f3 obras de ampliaci\u00f3n en su f\u00e1brica de tapones para vinos&nbsp;en el departamento Rawson de la provincia cuyana.<\/strong><\/em><\/h4>\n\n\n\n<hr class=\"wp-block-separator\"\/>\n\n\n\n<h4 class=\"wp-block-heading\"><em><strong>El gobernador Sergio U\u00f1ac destac\u00f3 durante el acto la importancia de la inversi\u00f3n, que permitir\u00e1 a la empresa fabricar 2,5 millones de cierres para botellas por mes, proveer al mercado vitivin\u00edcola argentino y exportar a toda Am\u00e9rica del Sur. Cada a\u00f1o, en todo el mundo, Vinventions elabora 2.700 millones de tapones y cierres.<\/strong><\/em><strong> <\/strong><\/h4>\n\n\n\n<div style=\"height:20px\" aria-hidden=\"true\" class=\"wp-block-spacer\"><\/div>\n\n\n\n<p>Vinventions es la segunda empresa a nivel mundial en provisi\u00f3n de tapones para envases de vino. En Argentina, las principales bodegas&nbsp;utilizan los productos de esta empresa para cerrar las botellas.<\/p>\n\n\n\n<p>El 14 de noviembre, en la planta fabril que se encuentra localizada en Lateral Este del Acceso Sur a San Juan, autoridades de la empresa y del Gobierno local dejaron habilitados trabajos de ampliaci\u00f3n del establecimiento.<\/p>\n\n\n\n<div style=\"height:20px\" aria-hidden=\"true\" class=\"wp-block-spacer\"><\/div>\n\n\n\n<figure><iframe loading=\"lazy\" width=\"850\" height=\"315\" src=\"https:\/\/www.youtube.com\/embed\/7DFr9YZ1hgc\" allowfullscreen=\"\"><\/iframe><\/figure>\n\n\n\n<div style=\"height:20px\" aria-hidden=\"true\" class=\"wp-block-spacer\"><\/div>\n\n\n\n<p>Adem\u00e1s del primer mandatario provincial, tambi\u00e9n estuvieron presentes el ministro de Producci\u00f3n y Desarrollo Econ\u00f3mico, Andr\u00e9s D\u00edaz Cano; la secretar\u00eda de Industria, Comercio y Servicios, Sandra Barcel\u00f3 y el diputado provincial Pablo Garc\u00eda Nieto; el fundador de la empresa, Marc No\u00ebl; el presidente de la firma, Mike No\u00ebl; el gerente general para Sudam\u00e9rica, Andr\u00e9s Belinsky y el gerente de la planta en San Juan, Roald Z\u00e1rate. <\/p>\n\n\n\n<p>Luego del corte de cintas, las autoridades hicieron una recorrida por las nuevas obras, consistentes en una sala de reuniones, vestuarios y un comedor para el personal de la f\u00e1brica.<\/p>\n\n\n\n<div style=\"height:20px\" aria-hidden=\"true\" class=\"wp-block-spacer\"><\/div>\n\n\n\n<figure class=\"wp-block-image\"><img loading=\"lazy\" decoding=\"async\" width=\"974\" height=\"673\" src=\"https:\/\/enolife.com.ar\/es\/wp-content\/uploads\/2019\/11\/corte-de-cinta.jpg\" alt=\"\" class=\"wp-image-5008\" srcset=\"https:\/\/enolife.com.ar\/es\/wp-content\/uploads\/2019\/11\/corte-de-cinta.jpg 974w, https:\/\/enolife.com.ar\/es\/wp-content\/uploads\/2019\/11\/corte-de-cinta-300x207.jpg 300w, https:\/\/enolife.com.ar\/es\/wp-content\/uploads\/2019\/11\/corte-de-cinta-768x531.jpg 768w, https:\/\/enolife.com.ar\/es\/wp-content\/uploads\/2019\/11\/corte-de-cinta-585x404.jpg 585w\" sizes=\"auto, (max-width: 974px) 100vw, 974px\" \/><figcaption><em>El gobernador Sergio U\u00f1ac, Andr\u00e9s Belinsky y Marc N\u00f6el.<\/em><\/figcaption><\/figure>\n\n\n\n<div style=\"height:20px\" aria-hidden=\"true\" class=\"wp-block-spacer\"><\/div>\n\n\n\n<p>Seguidamente el gobernador y su comitiva fueron invitados a efectuar una visita explicativa por el interior de la f\u00e1brica donde se elaboran los tapones Plant Corcs, tapas ecol\u00f3gicas que se producen a partir de materias primas renovables y sustentables derivadas de vegetales.<\/p>\n\n\n\n<div style=\"height:20px\" aria-hidden=\"true\" class=\"wp-block-spacer\"><\/div>\n\n\n\n<figure class=\"wp-block-image\"><img loading=\"lazy\" decoding=\"async\" width=\"1023\" height=\"493\" src=\"https:\/\/enolife.com.ar\/es\/wp-content\/uploads\/2019\/11\/recorrida-oficial-por-la-planta.jpg\" alt=\"\" class=\"wp-image-5009\" srcset=\"https:\/\/enolife.com.ar\/es\/wp-content\/uploads\/2019\/11\/recorrida-oficial-por-la-planta.jpg 1023w, https:\/\/enolife.com.ar\/es\/wp-content\/uploads\/2019\/11\/recorrida-oficial-por-la-planta-300x145.jpg 300w, https:\/\/enolife.com.ar\/es\/wp-content\/uploads\/2019\/11\/recorrida-oficial-por-la-planta-768x370.jpg 768w, https:\/\/enolife.com.ar\/es\/wp-content\/uploads\/2019\/11\/recorrida-oficial-por-la-planta-585x282.jpg 585w\" sizes=\"auto, (max-width: 1023px) 100vw, 1023px\" \/><\/figure>\n\n\n\n<ul class=\"wp-block-gallery columns-2 is-cropped wp-block-gallery-1 is-layout-flex wp-block-gallery-is-layout-flex\"><li class=\"blocks-gallery-item\"><figure><img loading=\"lazy\" decoding=\"async\" width=\"1023\" height=\"675\" src=\"https:\/\/enolife.com.ar\/es\/wp-content\/uploads\/2019\/11\/u\u00f1ac-junto-a-operarios.jpg\" alt=\"\" data-id=\"5012\" data-link=\"https:\/\/enolife.com.ar\/es\/?attachment_id=5012\" class=\"wp-image-5012\" srcset=\"https:\/\/enolife.com.ar\/es\/wp-content\/uploads\/2019\/11\/u\u00f1ac-junto-a-operarios.jpg 1023w, https:\/\/enolife.com.ar\/es\/wp-content\/uploads\/2019\/11\/u\u00f1ac-junto-a-operarios-300x198.jpg 300w, https:\/\/enolife.com.ar\/es\/wp-content\/uploads\/2019\/11\/u\u00f1ac-junto-a-operarios-768x507.jpg 768w, https:\/\/enolife.com.ar\/es\/wp-content\/uploads\/2019\/11\/u\u00f1ac-junto-a-operarios-780x516.jpg 780w, https:\/\/enolife.com.ar\/es\/wp-content\/uploads\/2019\/11\/u\u00f1ac-junto-a-operarios-585x386.jpg 585w\" sizes=\"auto, (max-width: 1023px) 100vw, 1023px\" \/><\/figure><\/li><li class=\"blocks-gallery-item\"><figure><img loading=\"lazy\" decoding=\"async\" width=\"1024\" height=\"683\" src=\"https:\/\/enolife.com.ar\/es\/wp-content\/uploads\/2019\/11\/tecnologia-de-avanzada-1-1024x683.jpg\" alt=\"\" data-id=\"5013\" data-link=\"https:\/\/enolife.com.ar\/es\/?attachment_id=5013\" class=\"wp-image-5013\" srcset=\"https:\/\/enolife.com.ar\/es\/wp-content\/uploads\/2019\/11\/tecnologia-de-avanzada-1.jpg 1024w, https:\/\/enolife.com.ar\/es\/wp-content\/uploads\/2019\/11\/tecnologia-de-avanzada-1-300x200.jpg 300w, https:\/\/enolife.com.ar\/es\/wp-content\/uploads\/2019\/11\/tecnologia-de-avanzada-1-768x512.jpg 768w, https:\/\/enolife.com.ar\/es\/wp-content\/uploads\/2019\/11\/tecnologia-de-avanzada-1-585x390.jpg 585w\" sizes=\"auto, (max-width: 1024px) 100vw, 1024px\" \/><\/figure><\/li><\/ul>\n\n\n\n<div style=\"height:20px\" aria-hidden=\"true\" class=\"wp-block-spacer\"><\/div>\n\n\n\n<p>Una vez concluida la recorrida hubo un brindis, durante el cual Marc No\u00ebl y el gobernador U\u00f1ac informaron a los presentes sobre futuras inversiones y planes.<\/p>\n\n\n\n<p>No\u00ebl, que visit\u00f3 San Juan por primera vez, expres\u00f3 su agradecimiento al primer mandatario por su presencia en la f\u00e1brica y dijo estar \u00abalegre de estar en San Juan\u00bb e \u00abimpresionado por el lugar y la gente\u00bb.<\/p>\n\n\n\n<p>El empresario agradeci\u00f3 adem\u00e1s la presencia de los empleados, \u00abquienes hacen la diferencia y con su trabajo contribuyen a que Vinventions sea una empresa tan exitosa\u00bb.<\/p>\n\n\n\n<div style=\"height:20px\" aria-hidden=\"true\" class=\"wp-block-spacer\"><\/div>\n\n\n\n<figure class=\"wp-block-image\"><img loading=\"lazy\" decoding=\"async\" width=\"1024\" height=\"578\" src=\"https:\/\/enolife.com.ar\/es\/wp-content\/uploads\/2019\/11\/discurso-en-brindis-1024x578.jpg\" alt=\"\" class=\"wp-image-5015\" srcset=\"https:\/\/enolife.com.ar\/es\/wp-content\/uploads\/2019\/11\/discurso-en-brindis.jpg 1024w, https:\/\/enolife.com.ar\/es\/wp-content\/uploads\/2019\/11\/discurso-en-brindis-300x169.jpg 300w, https:\/\/enolife.com.ar\/es\/wp-content\/uploads\/2019\/11\/discurso-en-brindis-768x434.jpg 768w, https:\/\/enolife.com.ar\/es\/wp-content\/uploads\/2019\/11\/discurso-en-brindis-585x330.jpg 585w\" sizes=\"auto, (max-width: 1024px) 100vw, 1024px\" \/><figcaption><em>Marc Noel durante la visita a la planta de su empresa Vinventions.<\/em><\/figcaption><\/figure>\n\n\n\n<div style=\"height:20px\" aria-hidden=\"true\" class=\"wp-block-spacer\"><\/div>\n\n\n\n<p>No\u00ebl tambi\u00e9n puso de relieve su buena impresi\u00f3n ante los cambios producidos en la f\u00e1brica, gracias al esfuerzo de los empleados y de los sanjuaninos. Inform\u00f3 que la decisi\u00f3n de los inversionistas de la compa\u00f1\u00eda es seguir apostando por el crecimiento de la planta Vinventions en San Juan.<\/p>\n\n\n\n<p>Para llevar a cabo ese plan de inversiones, el holding estar\u00eda aguardando por la asunci\u00f3n de las nuevas autoridades argentina, y sobre todo conocer las decisiones en materia econ\u00f3mica que tomar\u00e1 el gobierno de Alberto Fern\u00e1ndez.<\/p>\n\n\n\n<p>Para cerrar su saludo, No\u00ebl reiter\u00f3 su agradecimiento al gobernador U\u00f1ac, a quien le solicit\u00f3 su cooperaci\u00f3n para seguir apostando por San Juan.<\/p>\n\n\n\n<p>En el final del brindis que tuvo lugar en los jardines de la empresa. El gobernador U\u00f1ac enfatiz\u00f3 que Vinventions \u00abya es parte de la familia industrial de San Juan\u00bb.<\/p>\n\n\n\n<div style=\"height:20px\" aria-hidden=\"true\" class=\"wp-block-spacer\"><\/div>\n\n\n\n<figure class=\"wp-block-image\"><img decoding=\"async\" src=\"https:\/\/live.staticflickr.com\/65535\/49065651552_9264f8124f_b.jpg\" alt=\"\"\/><figcaption><em>Sergio U\u00f1ac<\/em><\/figcaption><\/figure>\n\n\n\n<div style=\"height:20px\" aria-hidden=\"true\" class=\"wp-block-spacer\"><\/div>\n\n\n\n<p>Luego de poner de relieve su satisfacci\u00f3n por lo observado durante la recorrida por la planta, el mandatario dijo que tanto desde el gobierno provincial como desde el sector privado se contin\u00faa apostando por el crecimiento de San Juan. U\u00f1ac explic\u00f3 que la provincia viene sosteniendo l\u00edneas de cr\u00e9ditos para el sector privado y&nbsp;destac\u00f3 que esa pol\u00edtica se mantendr\u00e1 y que la llegada del nuevo gobierno nacional le genera entusiasmo, principalmente por la apuesta a la producci\u00f3n y el empleo, dejando de lado la especulaci\u00f3n financiera.<\/p>\n\n\n\n<p>U\u00f1ac hizo menci\u00f3n a la asociaci\u00f3n estrat\u00e9gica que el Estado sanjuanino mantiene con el sector privado con el prop\u00f3sito de transformar las estructuras econ\u00f3micas y poder brindar mayor bienestar social a los sanjuaninos.<\/p>\n\n\n\n<div style=\"height:20px\" aria-hidden=\"true\" class=\"wp-block-spacer\"><\/div>\n\n\n\n<figure class=\"wp-block-image\"><img loading=\"lazy\" decoding=\"async\" width=\"989\" height=\"601\" src=\"https:\/\/enolife.com.ar\/es\/wp-content\/uploads\/2019\/11\/foto-ppal-1.jpg\" alt=\"\" class=\"wp-image-5022\" srcset=\"https:\/\/enolife.com.ar\/es\/wp-content\/uploads\/2019\/11\/foto-ppal-1.jpg 989w, https:\/\/enolife.com.ar\/es\/wp-content\/uploads\/2019\/11\/foto-ppal-1-300x182.jpg 300w, https:\/\/enolife.com.ar\/es\/wp-content\/uploads\/2019\/11\/foto-ppal-1-768x467.jpg 768w, https:\/\/enolife.com.ar\/es\/wp-content\/uploads\/2019\/11\/foto-ppal-1-585x355.jpg 585w\" sizes=\"auto, (max-width: 989px) 100vw, 989px\" \/><figcaption><strong><em>Juan Carlos Borchardt , Sergio U\u00f1ac, Marc N\u00f6el y Andr\u00e9s Belinsky<\/em><\/strong>.<\/figcaption><\/figure>\n\n\n\n<div style=\"height:20px\" aria-hidden=\"true\" class=\"wp-block-spacer\"><\/div>\n\n\n\n<p class=\"has-background has-very-light-gray-background-color\">Tras el brindis y la recorrida por la f\u00e1brica, se realiz\u00f3 una rueda de prensa organizada por Cuatro Consultora, a la que concurrieron periodistas de medios vitivin\u00edcolas de Mendoza: Lorena Mellone y Pedro Straniero por Enolife, Gabriela Malizia por El Triunfo de Baco, Mariana Zeitune por Ecocuyo y Marcelo Bustos Herrera por Conexi\u00f3n Agro y Estrategias y Mercados.  Durante la misma, Marc N\u00f6el, Mike No\u00ebl, Andr\u00e9s Belinsky y Ronald Z\u00e1rate respondieron a todas las preguntas planteadas y anunciaron inversiones y planes que ser\u00e1n objeto de una pr\u00f3xima nota en este diario. <\/p>\n\n\n\n<p>La pregunta en com\u00fan de los medios fue sobre la capacidad de producci\u00f3n actual de la planta y el aumento que tendr\u00e1 a partir de la ampliaci\u00f3n a lo que respondieron desde Vinventions que de 1.300.000 tapones mensuales, pasar\u00e1n al doble, para lo cual tambi\u00e9n deber\u00e1n aumentar la cantidad de mano de obra. <\/p>\n\n\n\n<p>Tambi\u00e9n expusieron que la apuesta mayor est\u00e1 en producir m\u00e1s cantidad de tapones de la l\u00ednea Green de Nomacorc, con la intenci\u00f3n de educar al mercado en la importancia de la sustentabilidad y reciclado, adem\u00e1s de las ventajas que ofrecen estos tapones en la calidad final del vino.<\/p>\n\n\n\n<div style=\"height:20px\" aria-hidden=\"true\" class=\"wp-block-spacer\"><\/div>\n\n\n\n<figure class=\"wp-block-image\"><img loading=\"lazy\" decoding=\"async\" width=\"1024\" height=\"646\" src=\"https:\/\/enolife.com.ar\/es\/wp-content\/uploads\/2019\/11\/mi-amor-con-el-gober-1024x646.jpg\" alt=\"\" class=\"wp-image-5016\" srcset=\"https:\/\/enolife.com.ar\/es\/wp-content\/uploads\/2019\/11\/mi-amor-con-el-gober-1024x646.jpg 1024w, https:\/\/enolife.com.ar\/es\/wp-content\/uploads\/2019\/11\/mi-amor-con-el-gober-300x189.jpg 300w, https:\/\/enolife.com.ar\/es\/wp-content\/uploads\/2019\/11\/mi-amor-con-el-gober-768x485.jpg 768w, https:\/\/enolife.com.ar\/es\/wp-content\/uploads\/2019\/11\/mi-amor-con-el-gober-1170x738.jpg 1170w, https:\/\/enolife.com.ar\/es\/wp-content\/uploads\/2019\/11\/mi-amor-con-el-gober-585x369.jpg 585w, https:\/\/enolife.com.ar\/es\/wp-content\/uploads\/2019\/11\/mi-amor-con-el-gober.jpg 1277w\" sizes=\"auto, (max-width: 1024px) 100vw, 1024px\" \/><figcaption><strong><em>El gobernador sanjuanino Sergio U\u00f1ac cont\u00f3 al periodista Pedro Straniero, de Enolife, c\u00f3mo su gobierno apoya a los viticultores locales<\/em><\/strong>.<\/figcaption><\/figure>\n\n\n\n<div style=\"height:20px\" aria-hidden=\"true\" class=\"wp-block-spacer\"><\/div>\n\n\n\n<p class=\"has-medium-font-size\"><strong>Vinventions, segundo productor mundial de tapones para vino<\/strong><\/p>\n\n\n\n<div style=\"height:20px\" aria-hidden=\"true\" class=\"wp-block-spacer\"><\/div>\n\n\n\n<p>Mark No\u00ebl naci\u00f3 en B\u00e9lgica pero la empresa fue fundada en los Estados Unidos en 2015. Cuenta con 550 empleados, con 7 centros de producci\u00f3n a nivel mundial, ubicados en Estados Unidos, B\u00e9lgica, Alemania, Argentina, China, Francia y Sud\u00e1frica.<\/p>\n\n\n\n<p>La f\u00e1brica de San Juan cuenta actualmente con un plantel de 48 trabajadores que, de acuerdo al plan de inversiones anunciado por No\u00ebl, se podr\u00eda incrementar.<\/p>\n\n\n\n<div style=\"height:20px\" aria-hidden=\"true\" class=\"wp-block-spacer\"><\/div>\n\n\n\n<figure class=\"wp-block-image\"><img loading=\"lazy\" decoding=\"async\" width=\"1024\" height=\"721\" src=\"https:\/\/enolife.com.ar\/es\/wp-content\/uploads\/2019\/11\/muestra-de-corchos-1-1024x721.jpg\" alt=\"\" class=\"wp-image-5019\" srcset=\"https:\/\/enolife.com.ar\/es\/wp-content\/uploads\/2019\/11\/muestra-de-corchos-1.jpg 1024w, https:\/\/enolife.com.ar\/es\/wp-content\/uploads\/2019\/11\/muestra-de-corchos-1-300x211.jpg 300w, https:\/\/enolife.com.ar\/es\/wp-content\/uploads\/2019\/11\/muestra-de-corchos-1-768x541.jpg 768w, https:\/\/enolife.com.ar\/es\/wp-content\/uploads\/2019\/11\/muestra-de-corchos-1-585x412.jpg 585w\" sizes=\"auto, (max-width: 1024px) 100vw, 1024px\" \/><\/figure>\n\n\n\n<div style=\"height:20px\" aria-hidden=\"true\" class=\"wp-block-spacer\"><\/div>\n\n\n\n<p>Con una producci\u00f3n anual de m\u00e1s de 2.700 millones de tapones, una de cada7 botellas de vino vendidas en el mundo est\u00e1 cerrada por un cierre de Vinventions.<\/p>\n\n\n\n<p>Desde Argentina se atiende adem\u00e1s los mercados de Chile, Brasil, Uruguay, Per\u00fa, Ecuador y Bolivia.<\/p>\n\n\n\n<div style=\"height:20px\" aria-hidden=\"true\" class=\"wp-block-spacer\"><\/div>\n\n\n\n<p class=\"has-small-font-size\"><strong><em>Fuentes: Servicio de Informaci\u00f3n (SI) de San Juan,  Miguel Montenegro &#8211; Interempresas.net<br><\/em><\/strong><\/p>\n","protected":false},"excerpt":{"rendered":"<p>Con la visita de su fundador, el empresario belga Marc N\u00f6el, y la presencia del&hellip;<\/p>\n","protected":false},"author":3,"featured_media":5023,"comment_status":"open","ping_status":"open","sticky":false,"template":"","format":"standard","meta":{"footnotes":""},"categories":[14],"tags":[],"class_list":["post-5005","post","type-post","status-publish","format-standard","has-post-thumbnail","hentry","category-news"],"_links":{"self":[{"href":"https:\/\/enolife.com.ar\/es\/wp-json\/wp\/v2\/posts\/5005","targetHints":{"allow":["GET"]}}],"collection":[{"href":"https:\/\/enolife.com.ar\/es\/wp-json\/wp\/v2\/posts"}],"about":[{"href":"https:\/\/enolife.com.ar\/es\/wp-json\/wp\/v2\/types\/post"}],"author":[{"embeddable":true,"href":"https:\/\/enolife.com.ar\/es\/wp-json\/wp\/v2\/users\/3"}],"replies":[{"embeddable":true,"href":"https:\/\/enolife.com.ar\/es\/wp-json\/wp\/v2\/comments?post=5005"}],"version-history":[{"count":0,"href":"https:\/\/enolife.com.ar\/es\/wp-json\/wp\/v2\/posts\/5005\/revisions"}],"wp:featuredmedia":[{"embeddable":true,"href":"https:\/\/enolife.com.ar\/es\/wp-json\/wp\/v2\/media\/5023"}],"wp:attachment":[{"href":"https:\/\/enolife.com.ar\/es\/wp-json\/wp\/v2\/media?parent=5005"}],"wp:term":[{"taxonomy":"category","embeddable":true,"href":"https:\/\/enolife.com.ar\/es\/wp-json\/wp\/v2\/categories?post=5005"},{"taxonomy":"post_tag","embeddable":true,"href":"https:\/\/enolife.com.ar\/es\/wp-json\/wp\/v2\/tags?post=5005"}],"curies":[{"name":"wp","href":"https:\/\/api.w.org\/{rel}","templated":true}]}}