{"id":49998,"date":"2021-12-08T13:30:34","date_gmt":"2021-12-08T13:30:34","guid":{"rendered":"http:\/\/enolife.com.ar\/es\/?p=49998"},"modified":"2021-12-10T18:38:52","modified_gmt":"2021-12-10T18:38:52","slug":"la-camara-olivicola-de-mendoza-entrego-los-premios-cuyoliva-2021-a-23-productores","status":"publish","type":"post","link":"https:\/\/enolife.com.ar\/es\/la-camara-olivicola-de-mendoza-entrego-los-premios-cuyoliva-2021-a-23-productores\/","title":{"rendered":"La C\u00e1mara Oliv\u00edcola de Mendoza entreg\u00f3 los premios Cuyoliva 2021 a 23 productores"},"content":{"rendered":"\n<h4 class=\"wp-block-heading\"><em><strong>El pasado 26\/11, en la Feria vitivin\u00edcola Sitevinitech, que este a\u00f1o por primera vez sum\u00f3 tem\u00e1ticas y empresas oliv\u00edcolas, se realiz\u00f3 la entrega de premios del concurso Cuyoliva Internacional 2021. Esta competencia se lleva a cabo desde 2007, organizada por la Fundaci\u00f3n Seminare y la C\u00e1mara Oliv\u00edcola de Mendoza, con el apoyo de la Universidad Juan A. Maza y la Escuela Internacional de Turismo, Hoteler\u00eda y Gastronom\u00eda. Adem\u00e1s, se entregaron los reconocimientos \u00abGuardi\u00e1n de los Olivos\u00bb a las personas e instituciones que han demostrado una preocupaci\u00f3n especial por la protecci\u00f3n de los olivos y sus productos, distinci\u00f3n que Enolife tuvo el privilegio de recibir. <\/strong><\/em><\/h4>\n\n\n\n<div style=\"height:50px\" aria-hidden=\"true\" class=\"wp-block-spacer\"><\/div>\n\n\n<a href=\"https:\/\/instagram.com\/labelsolutions?igshid=YmMyMTA2M2Y=\" aria-label=\"Banner Palero 1700&#215;500\"><img loading=\"lazy\" decoding=\"async\" src=\"https:\/\/enolife.com.ar\/es\/wp-content\/uploads\/2021\/09\/Banner-Palero-1700x500-1.gif\" alt=\"\"  width=\"1700\" height=\"500\"   \/><\/a>\n\n\n<div style=\"height:46px\" aria-hidden=\"true\" class=\"wp-block-spacer\"><\/div>\n\n\n\n<p>La edici\u00f3n 2021 de Sitevinitech Mendoza agreg\u00f3, a diferencia de a\u00f1os anteriores, un importante espacio a la olivicultura. <\/p>\n\n\n\n<p>De este modo se realizaron dos acciones destacadas; una fue el concurso de etiquetas de aceite de oliva extra virgen, en la que se expusieron 70 etiquetas en el stand de la C\u00e1mara Oliv\u00edcola de Mendoza y Fundaci\u00f3n Seminare durante los 3 d\u00edas que dur\u00f3 la Feria. <\/p>\n\n\n\n<div style=\"height:20px\" aria-hidden=\"true\" class=\"wp-block-spacer\"><\/div>\n\n\n\n<div class=\"wp-block-image\"><figure class=\"aligncenter size-large is-resized\"><img loading=\"lazy\" decoding=\"async\" src=\"https:\/\/enolife.com.ar\/es\/wp-content\/uploads\/2021\/12\/laur-759x500-1.jpg\" alt=\"\" class=\"wp-image-50538\" width=\"597\" height=\"393\" srcset=\"https:\/\/enolife.com.ar\/es\/wp-content\/uploads\/2021\/12\/laur-759x500-1.jpg 759w, https:\/\/enolife.com.ar\/es\/wp-content\/uploads\/2021\/12\/laur-759x500-1-300x198.jpg 300w, https:\/\/enolife.com.ar\/es\/wp-content\/uploads\/2021\/12\/laur-759x500-1-585x385.jpg 585w\" sizes=\"auto, (max-width: 597px) 100vw, 597px\" \/><figcaption><strong>La etiqueta ganadora<\/strong><\/figcaption><\/figure><\/div>\n\n\n\n<div style=\"height:20px\" aria-hidden=\"true\" class=\"wp-block-spacer\"><\/div>\n\n\n\n<p>Para elegir un ganador, cada asistente coloc\u00f3 en una urna su voto a la etiqueta preferida. Finalmente, la etiqueta ganadora fue la del Aceite de Oliva Virgen Extra (AOVE), Gran Laur Ultra Premium.<\/p>\n\n\n\n<div style=\"height:20px\" aria-hidden=\"true\" class=\"wp-block-spacer\"><\/div>\n\n\n\n<div class=\"wp-block-image\"><figure class=\"aligncenter is-resized\"><img loading=\"lazy\" decoding=\"async\" src=\"https:\/\/enolife.com.ar\/es\/wp-content\/uploads\/2021\/12\/stella.jpg\" alt=\"\" width=\"580\" height=\"387\"\/><figcaption><strong>Stella Vanucci, docente, productora, vicepresidenta de la Fundaci\u00f3n Seminare e integrante de la C\u00e1mara Oliv\u00edcola, en el stand de esta tradicional instituci\u00f3n mendocina.<\/strong><\/figcaption><\/figure><\/div>\n\n\n\n<div style=\"height:20px\" aria-hidden=\"true\" class=\"wp-block-spacer\"><\/div>\n\n\n\n<p>Por otro lado, sobre el cierre de la Feria Sitevinitech, se realiz\u00f3 la entrega de los premios \u00abCuyoliva Internacional 2021\u00bb, para el cual se recibieron m\u00e1s de 90 muestras. Tras el an\u00e1lisis de los catadores y jurados, quedaron seleccionadas las categor\u00edas Medalla de Oro, Gran Medalla de Oro y Doble Gran Medalla de Oro.<\/p>\n\n\n\n<div style=\"height:20px\" aria-hidden=\"true\" class=\"wp-block-spacer\"><\/div>\n\n\n\n<figure class=\"wp-block-image size-large\"><img loading=\"lazy\" decoding=\"async\" width=\"1024\" height=\"543\" src=\"https:\/\/enolife.com.ar\/es\/wp-content\/uploads\/2021\/12\/Imagen1-8-1024x543.jpg\" alt=\"\" class=\"wp-image-50314\" srcset=\"https:\/\/enolife.com.ar\/es\/wp-content\/uploads\/2021\/12\/Imagen1-8-1024x543.jpg 1024w, https:\/\/enolife.com.ar\/es\/wp-content\/uploads\/2021\/12\/Imagen1-8-300x159.jpg 300w, https:\/\/enolife.com.ar\/es\/wp-content\/uploads\/2021\/12\/Imagen1-8-768x407.jpg 768w, https:\/\/enolife.com.ar\/es\/wp-content\/uploads\/2021\/12\/Imagen1-8-1170x621.jpg 1170w, https:\/\/enolife.com.ar\/es\/wp-content\/uploads\/2021\/12\/Imagen1-8-585x310.jpg 585w, https:\/\/enolife.com.ar\/es\/wp-content\/uploads\/2021\/12\/Imagen1-8.jpg 1280w\" sizes=\"auto, (max-width: 1024px) 100vw, 1024px\" \/><figcaption><strong>Integrantes del panel de cata del concurso Cuyoliva Internacional 2021, junto a directivos de Sitevinitech y productores premiados.<\/strong><\/figcaption><\/figure>\n\n\n\n<div style=\"height:20px\" aria-hidden=\"true\" class=\"wp-block-spacer\"><\/div>\n\n\n\n<p>La mesa acad\u00e9mica para la entrega de premios y distinciones estuvo conformada por el director general de Sitevinitech para Argentina, <strong>Arturo Yaci\u00f3fano<\/strong>; el presidente de la C\u00e1mara Oliv\u00edcola de Mendoza, <strong>Juan Carlos Garc\u00eda Zuloaga<\/strong>; la vicepresidenta de la Fundaci\u00f3n Seminare, <strong>Stella Vannucci<\/strong>; la vicerrectora de Investigaci\u00f3n, Extensi\u00f3n &nbsp;y Vinculaci\u00f3n de la Universidad Juan Agust\u00edn Maza, <strong>M\u00f3nica Torrecilla<\/strong>; y el tesorero de la Asociaci\u00f3n Argentina de Sommeliers de Aceites de Oliva, <strong>Rub\u00e9n Lldam.<\/strong><\/p>\n\n\n\n<p>Participaron tambi\u00e9n Lorenzo Nievas, Secretario de Desarrollo Econ\u00f3mico de la Municipalidad de la Ciudad de Mendoza y Camila Quiroga, reina provincial de la Olivicultura.<\/p>\n\n\n\n<div style=\"height:20px\" aria-hidden=\"true\" class=\"wp-block-spacer\"><\/div>\n\n\n\n<div class=\"wp-block-image\"><figure class=\"aligncenter size-large\"><img loading=\"lazy\" decoding=\"async\" width=\"1024\" height=\"683\" src=\"https:\/\/enolife.com.ar\/es\/wp-content\/uploads\/2021\/12\/mesa-1024x683.jpg\" alt=\"\" class=\"wp-image-50316\" srcset=\"https:\/\/enolife.com.ar\/es\/wp-content\/uploads\/2021\/12\/mesa-1024x683.jpg 1024w, https:\/\/enolife.com.ar\/es\/wp-content\/uploads\/2021\/12\/mesa-300x200.jpg 300w, https:\/\/enolife.com.ar\/es\/wp-content\/uploads\/2021\/12\/mesa-768x512.jpg 768w, https:\/\/enolife.com.ar\/es\/wp-content\/uploads\/2021\/12\/mesa-585x390.jpg 585w, https:\/\/enolife.com.ar\/es\/wp-content\/uploads\/2021\/12\/mesa.jpg 1080w\" sizes=\"auto, (max-width: 1024px) 100vw, 1024px\" \/><figcaption><strong>M\u00f3nica Torrecilla, Juan Carlos Garc\u00eda Zuloaga, Arturo Yaci\u00f3fano, Camila Quiroga, Stella Vanucci y Lorenzo Nievas<\/strong>.<\/figcaption><\/figure><\/div>\n\n\n\n<div style=\"height:20px\" aria-hidden=\"true\" class=\"wp-block-spacer\"><\/div>\n\n\n\n<p class=\"has-medium-font-size\"><strong>Las nuevas distinciones \u00abGuardi\u00e1n de los Olivos\u00bb<\/strong><\/p>\n\n\n\n<p>Durante la ceremonia tambi\u00e9n se hizo entrega de la distinci\u00f3n \u00abGuardi\u00e1n de los Olivos 2021\u00bb, como reconocimiento a las personas e instituciones que han demostrado una preocupaci\u00f3n especial por el olivo y sus productos. <\/p>\n\n\n\n<p>Entre los premiados, nuestro diario digital vitivin\u00edcola <strong>Enolife<\/strong> -que tambi\u00e9n tiene un cap\u00edtulo dedicado a la olivicultura, actividad productiva hermana de la vitivinicultura-, tuvo el honor de figurar por sus notas period\u00edsticas de divulgaci\u00f3n de la olivicultura. Recibieron el premio los periodistas <strong>Lorena Mellone y Pedro Straniero, directores del diario. <\/strong>En los fundamentos del galard\u00f3n se destac\u00f3 que \u00abEnolife sostiene la pasi\u00f3n por los temas oliv\u00edcolas, de los cuales hacen una permanente difusi\u00f3n, como verdadero guardi\u00e1n de los olivos. Y adem\u00e1s son productores del aceite de oliva virgen extra El Partisano\u00bb.<\/p>\n\n\n\n<div style=\"height:20px\" aria-hidden=\"true\" class=\"wp-block-spacer\"><\/div>\n\n\n\n<div class=\"wp-block-image\"><figure class=\"aligncenter size-large\"><img loading=\"lazy\" decoding=\"async\" width=\"720\" height=\"720\" src=\"https:\/\/enolife.com.ar\/es\/wp-content\/uploads\/2021\/12\/Imagen4-5.jpg\" alt=\"\" class=\"wp-image-50307\" srcset=\"https:\/\/enolife.com.ar\/es\/wp-content\/uploads\/2021\/12\/Imagen4-5.jpg 720w, https:\/\/enolife.com.ar\/es\/wp-content\/uploads\/2021\/12\/Imagen4-5-300x300.jpg 300w, https:\/\/enolife.com.ar\/es\/wp-content\/uploads\/2021\/12\/Imagen4-5-150x150.jpg 150w, https:\/\/enolife.com.ar\/es\/wp-content\/uploads\/2021\/12\/Imagen4-5-585x585.jpg 585w\" sizes=\"auto, (max-width: 720px) 100vw, 720px\" \/><figcaption><strong>Pedro Straniero (Enolife), Juan Carlos Garc\u00eda Zuloaga (Fundaci\u00f3n Seminare y C\u00e1mara Oliv\u00edcola de Mendoza), Lorena Mellone (Enolife) y Arturo Yaci\u00f3fano (Sitevinitech).<\/strong><\/figcaption><\/figure><\/div>\n\n\n\n<div style=\"height:20px\" aria-hidden=\"true\" class=\"wp-block-spacer\"><\/div>\n\n\n\n<p>Tambi\u00e9n recibi\u00f3 este premio <strong>Alejandra Alonso<\/strong>, quien se destaca por el cuidado de los olivos de su finca \u00abLa Fausta\u00bb, por desarrollar su AOVE con marca propia <strong>@almarauco <\/strong>y es sommelier de aceites de oliva de nivel inicial y superior.&nbsp;<\/p>\n\n\n\n<div style=\"height:20px\" aria-hidden=\"true\" class=\"wp-block-spacer\"><\/div>\n\n\n\n<div class=\"wp-block-image\"><figure class=\"aligncenter size-large\"><img loading=\"lazy\" decoding=\"async\" width=\"692\" height=\"692\" src=\"https:\/\/enolife.com.ar\/es\/wp-content\/uploads\/2021\/12\/Imagen.jpg\" alt=\"\" class=\"wp-image-50309\" srcset=\"https:\/\/enolife.com.ar\/es\/wp-content\/uploads\/2021\/12\/Imagen.jpg 692w, https:\/\/enolife.com.ar\/es\/wp-content\/uploads\/2021\/12\/Imagen-300x300.jpg 300w, https:\/\/enolife.com.ar\/es\/wp-content\/uploads\/2021\/12\/Imagen-150x150.jpg 150w, https:\/\/enolife.com.ar\/es\/wp-content\/uploads\/2021\/12\/Imagen-585x585.jpg 585w\" sizes=\"auto, (max-width: 692px) 100vw, 692px\" \/><figcaption><em><strong>Alejandra Alonso y Arturo Yaci\u00f3fano.<\/strong><\/em><\/figcaption><\/figure><\/div>\n\n\n\n<div style=\"height:20px\" aria-hidden=\"true\" class=\"wp-block-spacer\"><\/div>\n\n\n\n<p>Otro de los galardonados como Guardi\u00e1n de los Olivos fue Claudio Moretto, quien, incentivado por los cursos de sommelier de AOVE de nivel inicial y superior, increment\u00f3 su pasi\u00f3n&nbsp; por el producto y comunica a trav\u00e9s de las redes sociales los beneficios para la salud del AOVE, promoviendo su consumo en ni\u00f1os y j\u00f3venes. Cabe destacar que Moretto ha creado especialmente un perfil en Instagram denominado <strong>@ellocodelaceite<\/strong> para promocionar el aceite de oliva y sus beneficios.<\/p>\n\n\n\n<div class=\"wp-block-image\"><figure class=\"aligncenter size-large\"><img loading=\"lazy\" decoding=\"async\" width=\"625\" height=\"625\" src=\"https:\/\/enolife.com.ar\/es\/wp-content\/uploads\/2021\/12\/Imagen6-4.jpg\" alt=\"\" class=\"wp-image-50311\" srcset=\"https:\/\/enolife.com.ar\/es\/wp-content\/uploads\/2021\/12\/Imagen6-4.jpg 625w, https:\/\/enolife.com.ar\/es\/wp-content\/uploads\/2021\/12\/Imagen6-4-300x300.jpg 300w, https:\/\/enolife.com.ar\/es\/wp-content\/uploads\/2021\/12\/Imagen6-4-150x150.jpg 150w, https:\/\/enolife.com.ar\/es\/wp-content\/uploads\/2021\/12\/Imagen6-4-585x585.jpg 585w\" sizes=\"auto, (max-width: 625px) 100vw, 625px\" \/><figcaption><em><strong>Claudio Moretto y M\u00f3nica Torrecilla.<\/strong><\/em><\/figcaption><\/figure><\/div>\n\n\n\n<div style=\"height:20px\" aria-hidden=\"true\" class=\"wp-block-spacer\"><\/div>\n\n\n\n<p>Por \u00faltimo, <strong>Pablo Rufino<\/strong> se hizo acreedor al premio \u00abGuardi\u00e1n de los Olivos\u00bb porque, \u00absiendo contador de profesi\u00f3n, supo compartir su actividad con el cuidado de los olivos de su finca &#8216;Las Acequias&#8217; de San Rafael y luego instal\u00f3 su propia Almazara, obteniendo su AOVE <strong>@anforasdeatenea\u00bb.<\/strong> Rufino, adem\u00e1s, es sommelier de aceites de oliva de nivel inicial y de nivel superior.<\/p>\n\n\n\n<div style=\"height:20px\" aria-hidden=\"true\" class=\"wp-block-spacer\"><\/div>\n\n\n\n<figure class=\"wp-block-image size-large\"><img loading=\"lazy\" decoding=\"async\" width=\"720\" height=\"720\" src=\"https:\/\/enolife.com.ar\/es\/wp-content\/uploads\/2021\/12\/Imagen5-4.jpg\" alt=\"\" class=\"wp-image-50312\" srcset=\"https:\/\/enolife.com.ar\/es\/wp-content\/uploads\/2021\/12\/Imagen5-4.jpg 720w, https:\/\/enolife.com.ar\/es\/wp-content\/uploads\/2021\/12\/Imagen5-4-300x300.jpg 300w, https:\/\/enolife.com.ar\/es\/wp-content\/uploads\/2021\/12\/Imagen5-4-150x150.jpg 150w, https:\/\/enolife.com.ar\/es\/wp-content\/uploads\/2021\/12\/Imagen5-4-585x585.jpg 585w\" sizes=\"auto, (max-width: 720px) 100vw, 720px\" \/><figcaption><em><strong>Pablo Rufino y Stella Vanucci.<\/strong><\/em><\/figcaption><\/figure>\n\n\n\n<div style=\"height:20px\" aria-hidden=\"true\" class=\"wp-block-spacer\"><\/div>\n\n\n\n<p>El nombre de este Premio se debe a que el Diploma de Honor que se entrega lleva grabada la pintura hom\u00f3nima realizada por el artista pl\u00e1stico<strong> Miguel \u00c1ngel Marchionni.<\/strong><\/p>\n\n\n\n<div style=\"height:20px\" aria-hidden=\"true\" class=\"wp-block-spacer\"><\/div>\n\n\n\n<p class=\"has-medium-font-size\"><strong>Los premiados<\/strong><\/p>\n\n\n\n<p class=\"has-background has-very-light-gray-background-color\"><strong>Oliv\u00edcola Laur de Mill\u00e1n S.A., Cruz de Piedra, Maip\u00fa, provincia de Mendoza<\/strong><\/p>\n\n\n\n<ul class=\"wp-block-list\"><li>Doble Gran Medalla de Oro <strong> <\/strong>para su AOVE, Gran Mendoza varietal Arauco.<\/li><\/ul>\n\n\n\n<div style=\"height:20px\" aria-hidden=\"true\" class=\"wp-block-spacer\"><\/div>\n\n\n\n<figure class=\"wp-block-image size-large\"><img loading=\"lazy\" decoding=\"async\" width=\"767\" height=\"671\" src=\"https:\/\/enolife.com.ar\/es\/wp-content\/uploads\/2021\/12\/Imagen3-6.jpg\" alt=\"\" class=\"wp-image-50313\" srcset=\"https:\/\/enolife.com.ar\/es\/wp-content\/uploads\/2021\/12\/Imagen3-6.jpg 767w, https:\/\/enolife.com.ar\/es\/wp-content\/uploads\/2021\/12\/Imagen3-6-300x262.jpg 300w, https:\/\/enolife.com.ar\/es\/wp-content\/uploads\/2021\/12\/Imagen3-6-585x512.jpg 585w\" sizes=\"auto, (max-width: 767px) 100vw, 767px\" \/><figcaption><em><strong>Gabriel Guardia y Stella Vanucci.<\/strong><\/em><\/figcaption><\/figure>\n\n\n\n<div style=\"height:20px\" aria-hidden=\"true\" class=\"wp-block-spacer\"><\/div>\n\n\n\n<p class=\"has-background has-very-light-gray-background-color\"><strong>Sol Frut S.A., Departamento 25 de Mayo, provincia de San Juan<\/strong><\/p>\n\n\n\n<ul class=\"wp-block-list\"><li>Medalla de Oro para su AOVE Oliovita Varietal Coratina y Oliavita varietal changlot.<\/li><li>Gran Medalla de Oro para su AOVE Oliovita Varietal arbequina.<\/li><li>Doble Gran Medalla de Oro, para su AOVE Oleovita blend premium \u00abAprile\u00bb<\/li><\/ul>\n\n\n\n<div style=\"height:20px\" aria-hidden=\"true\" class=\"wp-block-spacer\"><\/div>\n\n\n\n<figure class=\"wp-block-image size-large\"><img loading=\"lazy\" decoding=\"async\" width=\"1024\" height=\"683\" src=\"https:\/\/enolife.com.ar\/es\/wp-content\/uploads\/2021\/12\/cuyoliva-3-1-1024x683.jpg\" alt=\"\" class=\"wp-image-50397\" srcset=\"https:\/\/enolife.com.ar\/es\/wp-content\/uploads\/2021\/12\/cuyoliva-3-1-1024x683.jpg 1024w, https:\/\/enolife.com.ar\/es\/wp-content\/uploads\/2021\/12\/cuyoliva-3-1-300x200.jpg 300w, https:\/\/enolife.com.ar\/es\/wp-content\/uploads\/2021\/12\/cuyoliva-3-1-768x512.jpg 768w, https:\/\/enolife.com.ar\/es\/wp-content\/uploads\/2021\/12\/cuyoliva-3-1-585x390.jpg 585w, https:\/\/enolife.com.ar\/es\/wp-content\/uploads\/2021\/12\/cuyoliva-3-1.jpg 1080w\" sizes=\"auto, (max-width: 1024px) 100vw, 1024px\" \/><figcaption><em><strong>Jos\u00e9 Dimarco, de Solfrut SA, recibe el premio de manos de Arturo Yaci\u00f3fano.<\/strong><\/em><strong> <\/strong><\/figcaption><\/figure>\n\n\n\n<div style=\"height:20px\" aria-hidden=\"true\" class=\"wp-block-spacer\"><\/div>\n\n\n\n<p class=\"has-background has-very-light-gray-background-color\"><strong>Agropecuaria El Mistol, provincia de San Juan<\/strong><\/p>\n\n\n\n<ul class=\"wp-block-list\"><li>Doble Gran Medalla de Oro para su AOVE Blend Premium<\/li><li>Medalla de Oro para su AOVE Blend Cl\u00e1sico<\/li><\/ul>\n\n\n\n<div style=\"height:20px\" aria-hidden=\"true\" class=\"wp-block-spacer\"><\/div>\n\n\n\n<p class=\"has-background has-very-light-gray-background-color\"><strong>Olivum S.A., Departamento de Sarmiento, provincia de San Juan<\/strong><\/p>\n\n\n\n<ul class=\"wp-block-list\"><li>Gran medalla de oro para su AOVE Blend Medio, y su Varietal Arbequina <\/li><li>Medalla de Oro: Varietal Changlot y Varietal Coratina<\/li><li>Doble Medalla de Oro:  Varietal Picual<\/li><\/ul>\n\n\n\n<div style=\"height:20px\" aria-hidden=\"true\" class=\"wp-block-spacer\"><\/div>\n\n\n\n<div class=\"wp-block-image\"><figure class=\"aligncenter size-large\"><img loading=\"lazy\" decoding=\"async\" width=\"1024\" height=\"683\" src=\"https:\/\/enolife.com.ar\/es\/wp-content\/uploads\/2021\/12\/sociales-2-1024x683.jpg\" alt=\"\" class=\"wp-image-50384\" srcset=\"https:\/\/enolife.com.ar\/es\/wp-content\/uploads\/2021\/12\/sociales-2-1024x683.jpg 1024w, https:\/\/enolife.com.ar\/es\/wp-content\/uploads\/2021\/12\/sociales-2-300x200.jpg 300w, https:\/\/enolife.com.ar\/es\/wp-content\/uploads\/2021\/12\/sociales-2-768x512.jpg 768w, https:\/\/enolife.com.ar\/es\/wp-content\/uploads\/2021\/12\/sociales-2-585x390.jpg 585w, https:\/\/enolife.com.ar\/es\/wp-content\/uploads\/2021\/12\/sociales-2.jpg 1080w\" sizes=\"auto, (max-width: 1024px) 100vw, 1024px\" \/><figcaption><em><strong>Leticia Krickak, de Olivum, y M\u00f3nica Torrecilla.<\/strong><\/em><\/figcaption><\/figure><\/div>\n\n\n\n<div style=\"height:20px\" aria-hidden=\"true\" class=\"wp-block-spacer\"><\/div>\n\n\n\n<p class=\"has-background has-very-light-gray-background-color\"><strong>\u00abAlma Arauco\u00bb de&nbsp;Finca La Fausta, de Alejandra Alonso<\/strong><\/p>\n\n\n\n<ul class=\"wp-block-list\"><li>Doble Gran Medalla de Oro: Varietal Arauco<\/li><\/ul>\n\n\n\n<div style=\"height:20px\" aria-hidden=\"true\" class=\"wp-block-spacer\"><\/div>\n\n\n\n<p class=\"has-background has-very-light-gray-background-color\"><strong>Finca Las Cortaderas S.R.L., Nogol\u00ed, Provincia de San Luis<\/strong><\/p>\n\n\n\n<ul class=\"wp-block-list\"><li>Doble Gran Medalla de Oro para su AOVE \u201cSoli\u201d Blend Intenso <\/li><\/ul>\n\n\n\n<div style=\"height:20px\" aria-hidden=\"true\" class=\"wp-block-spacer\"><\/div>\n\n\n\n<p class=\"has-background has-very-light-gray-background-color\"><strong>Jos\u00e9 Nucete e Hijos S.A., Guaymall\u00e9n, provincia de Mendoza<\/strong><\/p>\n\n\n\n<ul class=\"wp-block-list\"><li>Medalla de Oro: Para su AOVE \u201cMalague\u00f1a\u201d, varietal Arbequina, su varietal Barnea y \u00abMalague\u00f1a\u00bb blend<\/li><li>Gran Medalla de Oro: ara su AOVE \u201cMalague\u00f1a\u201d, varietal Coratina<\/li><\/ul>\n\n\n\n<div style=\"height:20px\" aria-hidden=\"true\" class=\"wp-block-spacer\"><\/div>\n\n\n\n<div class=\"wp-block-image\"><figure class=\"aligncenter size-large\"><img loading=\"lazy\" decoding=\"async\" width=\"1024\" height=\"683\" src=\"https:\/\/enolife.com.ar\/es\/wp-content\/uploads\/2021\/12\/sociales-1024x683.jpg\" alt=\"\" class=\"wp-image-50381\" srcset=\"https:\/\/enolife.com.ar\/es\/wp-content\/uploads\/2021\/12\/sociales-1024x683.jpg 1024w, https:\/\/enolife.com.ar\/es\/wp-content\/uploads\/2021\/12\/sociales-300x200.jpg 300w, https:\/\/enolife.com.ar\/es\/wp-content\/uploads\/2021\/12\/sociales-768x512.jpg 768w, https:\/\/enolife.com.ar\/es\/wp-content\/uploads\/2021\/12\/sociales-585x390.jpg 585w, https:\/\/enolife.com.ar\/es\/wp-content\/uploads\/2021\/12\/sociales.jpg 1080w\" sizes=\"auto, (max-width: 1024px) 100vw, 1024px\" \/><figcaption><em><strong>Carolina Nucete, Juan Carlos Garc\u00eda Zuloaga y Mercedes Roco,  gerenta industrial de Jos\u00e9 Nucete e hijos.<\/strong><\/em><\/figcaption><\/figure><\/div>\n\n\n\n<div style=\"height:20px\" aria-hidden=\"true\" class=\"wp-block-spacer\"><\/div>\n\n\n\n<p class=\"has-background has-very-light-gray-background-color\"><strong>Pasrai, Maip\u00fa, provincia de Mendoza<\/strong><\/p>\n\n\n\n<ul class=\"wp-block-list\"><li>Gran medalla de Oro: Blend \u00absin filtrar\u00bb<\/li><li>Medalla de Oro: Blend \u00abFiltrado\u00bb<\/li><\/ul>\n\n\n\n<div style=\"height:20px\" aria-hidden=\"true\" class=\"wp-block-spacer\"><\/div>\n\n\n\n<div class=\"wp-block-image\"><figure class=\"aligncenter size-large\"><img loading=\"lazy\" decoding=\"async\" width=\"1024\" height=\"683\" src=\"https:\/\/enolife.com.ar\/es\/wp-content\/uploads\/2021\/12\/cuyoliva-1024x683.jpg\" alt=\"\" class=\"wp-image-50403\" srcset=\"https:\/\/enolife.com.ar\/es\/wp-content\/uploads\/2021\/12\/cuyoliva-1024x683.jpg 1024w, https:\/\/enolife.com.ar\/es\/wp-content\/uploads\/2021\/12\/cuyoliva-300x200.jpg 300w, https:\/\/enolife.com.ar\/es\/wp-content\/uploads\/2021\/12\/cuyoliva-768x512.jpg 768w, https:\/\/enolife.com.ar\/es\/wp-content\/uploads\/2021\/12\/cuyoliva-585x390.jpg 585w, https:\/\/enolife.com.ar\/es\/wp-content\/uploads\/2021\/12\/cuyoliva.jpg 1080w\" sizes=\"auto, (max-width: 1024px) 100vw, 1024px\" \/><figcaption><strong>Gustavo Ilardo, de Pas Ray<\/strong>.<\/figcaption><\/figure><\/div>\n\n\n\n<div style=\"height:20px\" aria-hidden=\"true\" class=\"wp-block-spacer\"><\/div>\n\n\n\n<p class=\"has-background has-very-light-gray-background-color\"><strong>Cooperativa Vitivinifrut\u00edcola \u201cLa Riojana\u201d, Chilecito, provincia de La Rioja<\/strong><\/p>\n\n\n\n<ul class=\"wp-block-list\"><li>Medalla de Oro: AOVE Blend Biodin\u00e1mico, para Blend La Riojana y el Blend Org\u00e1nico<\/li><li>Gran Medalla de Oro, para su AOVE, \u201cTerra Nova\u201d<\/li><\/ul>\n\n\n\n<div style=\"height:20px\" aria-hidden=\"true\" class=\"wp-block-spacer\"><\/div>\n\n\n\n<p class=\"has-background has-very-light-gray-background-color\"><strong>Servicios Neuquinos SA, provincia de Neuqu\u00e9n<\/strong><\/p>\n\n\n\n<ul class=\"wp-block-list\"><li>Medalla de Oro,<strong> <\/strong>para su AOVE Blend Trivarietal<\/li><li>Gran Medalla de Oro<strong> <\/strong>para su AOVE marca Inizio varietal Arbequina<\/li><\/ul>\n\n\n\n<div style=\"height:20px\" aria-hidden=\"true\" class=\"wp-block-spacer\"><\/div>\n\n\n\n<p class=\"has-background has-very-light-gray-background-color\"><strong>La Loma S.A. , San Rafael, provincia de Mendoza<\/strong><\/p>\n\n\n\n<ul class=\"wp-block-list\"><li>Medalla de Oro, para su AOVE, \u201cRapa\u201d Blend Medio,  \u00abRapa\u00bb Blend Intenso y \u00abRapa\u00bb Bivarietal<\/li><li>Gran Medalla de Oro, para su AOVE \u00abRapa\u00bb Varietal Arbequina<\/li><\/ul>\n\n\n\n<div style=\"height:20px\" aria-hidden=\"true\" class=\"wp-block-spacer\"><\/div>\n\n\n\n<p class=\"has-background has-very-light-gray-background-color\"><strong>Almazara S.A., &nbsp;Departamento Pocito, provincia de San Juan<\/strong><\/p>\n\n\n\n<ul class=\"wp-block-list\"><li>Medalla de Oro para su AOVE Fontalba Trivarietal, Fontalba Bivarietal y Fontalba Blend<\/li><li>Gran Medalla de Oro para su AOVE Fontalba Varietal Arauco<\/li><\/ul>\n\n\n\n<div style=\"height:20px\" aria-hidden=\"true\" class=\"wp-block-spacer\"><\/div>\n\n\n\n<p class=\"has-background has-very-light-gray-background-color\"><strong>Bodega El Porvenir, Cafayate, provincia de Salta<\/strong><\/p>\n\n\n\n<ul class=\"wp-block-list\"><li>Gran Medalla de Oro para su AOVE Blend Trivarietal.<\/li><\/ul>\n\n\n\n<div style=\"height:20px\" aria-hidden=\"true\" class=\"wp-block-spacer\"><\/div>\n\n\n\n<p class=\"has-background has-very-light-gray-background-color\"><strong>Augusto Zingareti e Hijos S.A., San Rafael, provincia de Mendoza<\/strong><\/p>\n\n\n\n<ul class=\"wp-block-list\"><li>Gran Medalla de Oro para su AOVE Yancanelo <\/li><\/ul>\n\n\n\n<div style=\"height:20px\" aria-hidden=\"true\" class=\"wp-block-spacer\"><\/div>\n\n\n\n<div class=\"wp-block-image\"><figure class=\"aligncenter size-large\"><img loading=\"lazy\" decoding=\"async\" width=\"1024\" height=\"683\" src=\"https:\/\/enolife.com.ar\/es\/wp-content\/uploads\/2021\/12\/olivares-1024x683.jpg\" alt=\"\" class=\"wp-image-50401\" srcset=\"https:\/\/enolife.com.ar\/es\/wp-content\/uploads\/2021\/12\/olivares-1024x683.jpg 1024w, https:\/\/enolife.com.ar\/es\/wp-content\/uploads\/2021\/12\/olivares-300x200.jpg 300w, https:\/\/enolife.com.ar\/es\/wp-content\/uploads\/2021\/12\/olivares-768x512.jpg 768w, https:\/\/enolife.com.ar\/es\/wp-content\/uploads\/2021\/12\/olivares-585x390.jpg 585w, https:\/\/enolife.com.ar\/es\/wp-content\/uploads\/2021\/12\/olivares.jpg 1080w\" sizes=\"auto, (max-width: 1024px) 100vw, 1024px\" \/><figcaption><strong>Juan Pablo Olivares, de Zingaretti e Hijos SA.<\/strong><\/figcaption><\/figure><\/div>\n\n\n\n<div style=\"height:20px\" aria-hidden=\"true\" class=\"wp-block-spacer\"><\/div>\n\n\n\n<p class=\"has-background has-very-light-gray-background-color\"><strong>Emprendimientos del Norte SA<\/strong> <\/p>\n\n\n\n<ul class=\"wp-block-list\"><li>Medalla de Oro para su AOVE Blend <\/li><\/ul>\n\n\n\n<div style=\"height:20px\" aria-hidden=\"true\" class=\"wp-block-spacer\"><\/div>\n\n\n\n<p class=\"has-background has-very-light-gray-background-color\"><strong>Lesilem S.A., Bermejo, Guaymall\u00e9n, provincia de Mendoza<\/strong><\/p>\n\n\n\n<ul class=\"wp-block-list\"><li>Medalla de Oro para su AOVE varietal Arauco.<\/li><\/ul>\n\n\n\n<div style=\"height:20px\" aria-hidden=\"true\" class=\"wp-block-spacer\"><\/div>\n\n\n\n<p class=\"has-background has-very-light-gray-background-color\"><strong>Integraci\u00f3n Regional SRL, Carpinter\u00eda, Pocito, provincia de San Juan<\/strong><\/p>\n\n\n\n<ul class=\"wp-block-list\"><li>Gran Medalla de Oro para su AOVE Sabor Medio<\/li><\/ul>\n\n\n\n<div style=\"height:20px\" aria-hidden=\"true\" class=\"wp-block-spacer\"><\/div>\n\n\n\n<div class=\"wp-block-image\"><figure class=\"aligncenter size-large\"><img loading=\"lazy\" decoding=\"async\" width=\"1024\" height=\"683\" src=\"https:\/\/enolife.com.ar\/es\/wp-content\/uploads\/2021\/12\/cuyoliva-2-1024x683.jpg\" alt=\"\" class=\"wp-image-50392\" srcset=\"https:\/\/enolife.com.ar\/es\/wp-content\/uploads\/2021\/12\/cuyoliva-2-1024x683.jpg 1024w, https:\/\/enolife.com.ar\/es\/wp-content\/uploads\/2021\/12\/cuyoliva-2-300x200.jpg 300w, https:\/\/enolife.com.ar\/es\/wp-content\/uploads\/2021\/12\/cuyoliva-2-768x512.jpg 768w, https:\/\/enolife.com.ar\/es\/wp-content\/uploads\/2021\/12\/cuyoliva-2-585x390.jpg 585w, https:\/\/enolife.com.ar\/es\/wp-content\/uploads\/2021\/12\/cuyoliva-2.jpg 1080w\" sizes=\"auto, (max-width: 1024px) 100vw, 1024px\" \/><figcaption><em><strong>Pablo Rodr\u00edguez, de Integraci\u00f3n Regional SRL. <\/strong><\/em><\/figcaption><\/figure><\/div>\n\n\n\n<div style=\"height:20px\" aria-hidden=\"true\" class=\"wp-block-spacer\"><\/div>\n\n\n\n<p class=\"has-background has-very-light-gray-background-color\"><strong>Olive &amp; Fruit de Nicol\u00e1s Birnbaun y Eli Figueroa, provincia de Mendoza<\/strong><\/p>\n\n\n\n<ul class=\"wp-block-list\"><li>Medalla de Oro para sus AOVE, Varietal Arauco y su Blend<\/li><\/ul>\n\n\n\n<div style=\"height:20px\" aria-hidden=\"true\" class=\"wp-block-spacer\"><\/div>\n\n\n\n<p class=\"has-background has-very-light-gray-background-color\"><strong>Berbora Rosier<\/strong> <strong>de Adriana Carrasco, Lavalle, provincia de Mendoza<\/strong><\/p>\n\n\n\n<ul class=\"wp-block-list\"><li>Medalla de Oro para su AOVE Blend<\/li><\/ul>\n\n\n\n<div style=\"height:20px\" aria-hidden=\"true\" class=\"wp-block-spacer\"><\/div>\n\n\n\n<p class=\"has-background has-very-light-gray-background-color\"><strong>La Empresa Olimas S.A., Rosario, provincia de Santa Fe<\/strong><\/p>\n\n\n\n<ul class=\"wp-block-list\"><li>Medalla de Oro  para su AOVE Viridian Blend <\/li><\/ul>\n\n\n\n<div style=\"height:20px\" aria-hidden=\"true\" class=\"wp-block-spacer\"><\/div>\n\n\n\n<p class=\"has-background has-very-light-gray-background-color\"><strong>RPB S.A., Maip\u00fa, provincia de Mendoza<\/strong><\/p>\n\n\n\n<ul class=\"wp-block-list\"><li>Medalla de Oro para su AOVE Posta del Olivo  Bivarietal.<\/li><\/ul>\n\n\n\n<p class=\"has-background has-very-light-gray-background-color\"><strong>Oleo Pampa de Dora Pastorino, Coronel Dorrego, provincia de Buenos Aires<\/strong><\/p>\n\n\n\n<ul class=\"wp-block-list\"><li>Medalla de Oro para su AOVE Varietal Arauco<\/li><\/ul>\n\n\n\n<div style=\"height:20px\" aria-hidden=\"true\" class=\"wp-block-spacer\"><\/div>\n\n\n\n<p class=\"has-background has-very-light-gray-background-color\"><strong>Liceo Agr\u00edcola y Enol\u00f3gico Domingo Faustino Sarmiento, Provincia de Mendoza<\/strong><\/p>\n\n\n\n<ul class=\"wp-block-list\"><li>Medalla de Oro para su primer AOVE Varietal Frantoio <\/li><\/ul>\n\n\n\n<p>El Liceo, en 2021, adquiri\u00f3 una nueva prensa para las pr\u00e1cticas de sus alumnos, con la direcci\u00f3n t\u00e9cnica del docente Enrique Carlos Ducchini. <\/p>\n\n\n\n<div style=\"height:38px\" aria-hidden=\"true\" class=\"wp-block-spacer\"><\/div>\n","protected":false},"excerpt":{"rendered":"<p>El pasado 26\/11, en la Feria vitivin\u00edcola Sitevinitech, que este a\u00f1o por primera vez sum\u00f3&hellip;<\/p>\n","protected":false},"author":3,"featured_media":50330,"comment_status":"open","ping_status":"open","sticky":false,"template":"","format":"standard","meta":{"footnotes":""},"categories":[14],"tags":[],"class_list":["post-49998","post","type-post","status-publish","format-standard","has-post-thumbnail","hentry","category-news"],"_links":{"self":[{"href":"https:\/\/enolife.com.ar\/es\/wp-json\/wp\/v2\/posts\/49998","targetHints":{"allow":["GET"]}}],"collection":[{"href":"https:\/\/enolife.com.ar\/es\/wp-json\/wp\/v2\/posts"}],"about":[{"href":"https:\/\/enolife.com.ar\/es\/wp-json\/wp\/v2\/types\/post"}],"author":[{"embeddable":true,"href":"https:\/\/enolife.com.ar\/es\/wp-json\/wp\/v2\/users\/3"}],"replies":[{"embeddable":true,"href":"https:\/\/enolife.com.ar\/es\/wp-json\/wp\/v2\/comments?post=49998"}],"version-history":[{"count":0,"href":"https:\/\/enolife.com.ar\/es\/wp-json\/wp\/v2\/posts\/49998\/revisions"}],"wp:featuredmedia":[{"embeddable":true,"href":"https:\/\/enolife.com.ar\/es\/wp-json\/wp\/v2\/media\/50330"}],"wp:attachment":[{"href":"https:\/\/enolife.com.ar\/es\/wp-json\/wp\/v2\/media?parent=49998"}],"wp:term":[{"taxonomy":"category","embeddable":true,"href":"https:\/\/enolife.com.ar\/es\/wp-json\/wp\/v2\/categories?post=49998"},{"taxonomy":"post_tag","embeddable":true,"href":"https:\/\/enolife.com.ar\/es\/wp-json\/wp\/v2\/tags?post=49998"}],"curies":[{"name":"wp","href":"https:\/\/api.w.org\/{rel}","templated":true}]}}