{"id":49868,"date":"2021-12-06T02:07:54","date_gmt":"2021-12-06T02:07:54","guid":{"rendered":"http:\/\/enolife.com.ar\/es\/?p=49868"},"modified":"2021-12-07T21:46:11","modified_gmt":"2021-12-07T21:46:11","slug":"la-uncuyo-disena-un-colorimetro-de-bajo-costo-y-tecnologia-libre-para-analizar-el-color-del-vino","status":"publish","type":"post","link":"https:\/\/enolife.com.ar\/es\/la-uncuyo-disena-un-colorimetro-de-bajo-costo-y-tecnologia-libre-para-analizar-el-color-del-vino\/","title":{"rendered":"La UNCuyo dise\u00f1a un color\u00edmetro de bajo costo y tecnolog\u00eda libre para analizar el color del vino"},"content":{"rendered":"\n<h4 class=\"wp-block-heading\"><em><strong>Investigadores de la Universidad Nacional de Cuyo (UNCuyo) est\u00e1n desarrollando un equipo que denominaron MultiSpec Wine Lab, un color\u00edmetro multiespectral, port\u00e1til y de costo accesible que puede ayudar en la determinaci\u00f3n anal\u00edtica del color del vino. Tiene prestaciones que se asemejan a las de un espectrofot\u00f3metro, utiliza c\u00f3digo abierto y es in\u00e9dito en el mercado comercial. A continuaci\u00f3n, replicamos la nota elaborada por el equipo de Prensa de la UNCuyo y publicada en su web el pasado 30 de noviembre, en la que el ingeniero Pablo Cremades, director del proyecto, explica en detalle este \u00fatil invento que puede mejorar la competitividad de los peque\u00f1os productores mendocinos.<\/strong><\/em><\/h4>\n\n\n\n<div style=\"height:20px\" aria-hidden=\"true\" class=\"wp-block-spacer\"><\/div>\n\n\n<a href=\"https:\/\/www.linkedin.com\/company\/agrinet-sa\/?originalSubdomain=ar\" aria-label=\"1700X500\"><img loading=\"lazy\" decoding=\"async\" src=\"https:\/\/enolife.com.ar\/es\/wp-content\/uploads\/2021\/11\/1700X500.gif\" alt=\"\"  width=\"1700\" height=\"500\"   \/><\/a>\n\n\n<div style=\"height:63px\" aria-hidden=\"true\" class=\"wp-block-spacer\"><\/div>\n\n\n\n<p>En la&nbsp;industria vitivin\u00edcola, los <strong>espectrofot\u00f3metros<\/strong> se utilizan para hacer seguimiento de la maduraci\u00f3n de la uva, controlar el proceso de fermentaci\u00f3n y analizar algunos par\u00e1metros del vino; sin embargo, son equipos muy costosos a los que pocos pueden acceder. Atentos a esta realidad,&nbsp;un equipo de investigadores de la&nbsp;<strong>Universidad Nacional de Cuyo (UNCuyo)<\/strong>&nbsp;se propuso dise\u00f1ar y&nbsp;desarrollar un&nbsp;<strong>color\u00edmetro visible-UV de c\u00f3digo abierto, port\u00e1til y de bajo costo<\/strong>&nbsp;para determinaciones anal\u00edticas en general y <strong>an\u00e1lisis de color de vino en particular.<\/strong><\/p>\n\n\n\n<div style=\"height:20px\" aria-hidden=\"true\" class=\"wp-block-spacer\"><\/div>\n\n\n\n<div class=\"wp-block-image\"><figure class=\"aligncenter size-large is-resized\"><img loading=\"lazy\" decoding=\"async\" src=\"https:\/\/enolife.com.ar\/es\/wp-content\/uploads\/2021\/12\/la79860_500_765-1.jpg\" alt=\"\" class=\"wp-image-50247\" width=\"615\" height=\"408\" srcset=\"https:\/\/enolife.com.ar\/es\/wp-content\/uploads\/2021\/12\/la79860_500_765-1.jpg 752w, https:\/\/enolife.com.ar\/es\/wp-content\/uploads\/2021\/12\/la79860_500_765-1-300x199.jpg 300w, https:\/\/enolife.com.ar\/es\/wp-content\/uploads\/2021\/12\/la79860_500_765-1-585x389.jpg 585w\" sizes=\"auto, (max-width: 615px) 100vw, 615px\" \/><figcaption><strong>Pablo Cremades<\/strong><\/figcaption><\/figure><\/div>\n\n\n\n<div style=\"height:20px\" aria-hidden=\"true\" class=\"wp-block-spacer\"><\/div>\n\n\n\n<p>Seg\u00fan explic\u00f3 el director del proyecto,&nbsp;<strong>Pablo Cremades<\/strong>,&nbsp;con este color\u00edmetro multiespectral, los&nbsp;peque\u00f1os productores vitivin\u00edcolas&nbsp;podr\u00edan mejorar su&nbsp;competitividad&nbsp;y muchos&nbsp;laboratorios de qu\u00edmica anal\u00edtica&nbsp;tambi\u00e9n podr\u00edan verse beneficiados. Bautizado con el nombre de&nbsp; <strong>MultiSpec Wine Lab,<\/strong> el&nbsp;equipo consta de una&nbsp;fuente de luz multiespectral, sin partes m\u00f3viles,&nbsp;basada en&nbsp;tecnolog\u00eda LED&nbsp;que permite seleccionar la longitud de onda (color) de trabajo electr\u00f3nicamente.<\/p>\n\n\n\n<div style=\"height:20px\" aria-hidden=\"true\" class=\"wp-block-spacer\"><\/div>\n\n\n\n<h4 class=\"has-vivid-red-color has-text-color wp-block-heading\">El prop\u00f3sito es aportar al desarrollo cient\u00edfico y tecnol\u00f3gico de un instrumento de medici\u00f3n de espectrometr\u00eda in\u00e9dito en el mercado comercial y con prestaciones que se asemejan a las de un espectrofot\u00f3metro, pero bajo el paradigma de tecnolog\u00eda libre.<\/h4>\n\n\n\n<div style=\"height:20px\" aria-hidden=\"true\" class=\"wp-block-spacer\"><\/div>\n\n\n\n<p><em>\u00abSi bien no puede reemplazar a un espectrofot\u00f3metro, esperamos que pueda servir para que el productor pueda hacer un seguimiento del color del vino, que luego se complemente con una determinaci\u00f3n m\u00e1s precisa en alg\u00fan laboratorio especializado\u00bb<\/em>, se\u00f1al\u00f3 el investigador y doctor en Ingenier\u00eda Cremades.&nbsp;Tambi\u00e9n record\u00f3 que&nbsp;toda la informaci\u00f3n sobre el color\u00edmetro multiespectral est\u00e1 disponible en un repositorio&nbsp;y protegida con una&nbsp;licencia libre&nbsp;para que cualquier persona con algunas habilidades t\u00e9cnicas pueda replicar, modificar y mejorar el equipo.<\/p>\n\n\n\n<div style=\"height:20px\" aria-hidden=\"true\" class=\"wp-block-spacer\"><\/div>\n\n\n\n<div class=\"wp-block-image\"><figure class=\"aligncenter size-large is-resized\"><img loading=\"lazy\" decoding=\"async\" src=\"https:\/\/enolife.com.ar\/es\/wp-content\/uploads\/2021\/12\/la79851_315_600_c.jpg\" alt=\"\" class=\"wp-image-50245\" width=\"659\" height=\"346\" srcset=\"https:\/\/enolife.com.ar\/es\/wp-content\/uploads\/2021\/12\/la79851_315_600_c.jpg 600w, https:\/\/enolife.com.ar\/es\/wp-content\/uploads\/2021\/12\/la79851_315_600_c-300x158.jpg 300w, https:\/\/enolife.com.ar\/es\/wp-content\/uploads\/2021\/12\/la79851_315_600_c-585x307.jpg 585w\" sizes=\"auto, (max-width: 659px) 100vw, 659px\" \/><figcaption><strong>Las cubetas donde se colocan las muestras que se quieren analizar<\/strong><\/figcaption><\/figure><\/div>\n\n\n\n<div style=\"height:20px\" aria-hidden=\"true\" class=\"wp-block-spacer\"><\/div>\n\n\n\n<p>Adem\u00e1s, se refiri\u00f3 a su&nbsp;uso did\u00e1ctico&nbsp;en materias afines a la qu\u00edmica anal\u00edtica:&nbsp;<em>\u00abDado que<strong>&nbsp;el dise\u00f1o es libre y abierto<\/strong>, se pueden dise\u00f1ar pr\u00e1cticas de laboratorio en las que convergen saberes de distintas disciplinas, como f\u00edsica, qu\u00edmica, electr\u00f3nica y matem\u00e1tica\u00bb.<\/em><\/p>\n\n\n\n<div style=\"height:20px\" aria-hidden=\"true\" class=\"wp-block-spacer\"><\/div>\n\n\n\n<p class=\"has-medium-font-size\"><strong>Avances fundamentales para el dise\u00f1o de la etapa \u00f3ptica<\/strong><\/p>\n\n\n\n<p>El trabajo se gesta puertas adentro del&nbsp;<strong>Laboratorio de Tecnolog\u00edas para la Ense\u00f1anza de Ciencia&nbsp;(Litec) de la&nbsp;Facultad de Ciencias Exactas y Naturales&nbsp;(FCEN),<\/strong> espacio que est\u00e1 en proceso de formaci\u00f3n. \u00ab<em>A\u00fan estamos trabajando en el dise\u00f1o y realizaci\u00f3n de experimentos de \u00f3ptica para determinar algunos par\u00e1metros necesarios para el dise\u00f1o final del equipo. Esperamos concluir antes de fin de a\u00f1o para tener el prototipo del&nbsp;MultiSpec Wine Lab&nbsp;armado<\/em>\u00ab, apunt\u00f3&nbsp;Cremades.<\/p>\n\n\n\n<div style=\"height:20px\" aria-hidden=\"true\" class=\"wp-block-spacer\"><\/div>\n\n\n\n<blockquote class=\"wp-block-quote is-layout-flow wp-block-quote-is-layout-flow\"><p>Uno de los resultados alcanzados es el desarrollo de un m\u00f3dulo que nos permite utilizar el espectrofot\u00f3metro que existe en la facultad para medir el espectro de emisi\u00f3n de los LEDs\u00bb.<\/p><cite>Pablo Cremades, ingeniero director del proyecto<\/cite><\/blockquote>\n\n\n\n<div style=\"height:20px\" aria-hidden=\"true\" class=\"wp-block-spacer\"><\/div>\n\n\n\n<p>De esta manera,&nbsp;pueden&nbsp;caracterizar los dispositivos y seleccionar los que son&nbsp;m\u00e1s adecuados para el&nbsp;<strong>MultiSpec Wine Lab<\/strong>. <em>\u00abEste resultado tambi\u00e9n es un aporte valioso al&nbsp;proyecto del color\u00edmetro&nbsp;que hemos&nbsp;desarrollado, ya&nbsp;que ahora es posible seleccionar fuentes de luz LED para medir a distintas longitudes de onda\u00bb<\/em>, agreg\u00f3 el docente de F\u00edsica.<\/p>\n\n\n\n<div style=\"height:36px\" aria-hidden=\"true\" class=\"wp-block-spacer\"><\/div>\n\n\n\n<figure class=\"wp-block-embed-youtube aligncenter wp-block-embed is-type-video is-provider-youtube wp-embed-aspect-16-9 wp-has-aspect-ratio\"><div class=\"wp-block-embed__wrapper\">\n<iframe loading=\"lazy\" title=\"Divulgaci\u00f3n Cient\u00edfica UNCUYO: Color\u00edmetro multiespectral, port\u00e1til y de bajo costo\" width=\"1170\" height=\"658\" src=\"https:\/\/www.youtube.com\/embed\/rq2mqlRxyzw?start=1&#038;feature=oembed\" frameborder=\"0\" allow=\"accelerometer; autoplay; clipboard-write; encrypted-media; gyroscope; picture-in-picture\" allowfullscreen><\/iframe>\n<\/div><\/figure>\n\n\n\n<div style=\"height:55px\" aria-hidden=\"true\" class=\"wp-block-spacer\"><\/div>\n\n\n\n<p>A futuro, el equipo se propone poner a punto la t\u00e9cnica para determinar el color de vino. <em>\u00abLas t\u00e9cnicas espectrofotom\u00e9tricas son de utilidad en muchos \u00e1mbitos y, en particular, desde la&nbsp;Red de Tecnolog\u00edas Libres para Educaci\u00f3n, Investigaci\u00f3n y Ciencia Comunitaria en Latinoam\u00e9rica&nbsp;(Regosh)&nbsp;estamos trabajando en&nbsp;tecnolog\u00edas libres para acompa\u00f1ar la transici\u00f3n a la agroecolog\u00eda en comunidades campesinas&nbsp;y estamos utilizando color\u00edmetros para hacer an\u00e1lisis de suelos y agua\u00bb<\/em>, puntualiz\u00f3 el investigador.<\/p>\n\n\n\n<div style=\"height:20px\" aria-hidden=\"true\" class=\"wp-block-spacer\"><\/div>\n\n\n\n<p class=\"has-medium-font-size\"><strong>Tecnolog\u00eda libre para que cualquiera lo pueda mejorar o replicar<\/strong><\/p>\n\n\n\n<p>Todo el proceso de desarrollo se&nbsp;va&nbsp;registrando peri\u00f3dicamente&nbsp;en el mismo repositorio de acceso libre donde estar\u00e1 disponible el producto final. <em>\u00abEsto constituye un instrumento de evaluaci\u00f3n continua del proyecto muy valioso para nosotros. Adem\u00e1s, el repositorio facilita la colaboraci\u00f3n, porque se pueden hacer contribuciones o copiar el proyecto e iniciar una nueva l\u00ednea de trabajo derivada de la actual\u00bb,<\/em> consider\u00f3&nbsp;<strong>Cremades<\/strong>.<\/p>\n\n\n\n<div style=\"height:20px\" aria-hidden=\"true\" class=\"wp-block-spacer\"><\/div>\n\n\n\n<p class=\"has-background has-very-light-gray-background-color\"><strong>El equipo completo de la investigaci\u00f3n<\/strong><br><br>Conforman el equipo de trabajo <strong>Diana Segura<\/strong> (codirectora), docente e investigadora del Laboratorio de Biolog\u00eda Molecular de la Facultad de Ciencias Agrarias; <strong>Maximiliano Ventura<\/strong> y <strong>Dalma Olima<\/strong>, estudiantes avanzados de las Licenciaturas con orientaci\u00f3n en F\u00edsica y Qu\u00edmica de la FCEN respectivamente; y el ingeniero <strong>Mart\u00edn Fazone<\/strong>, del Instituto Nacional de Tecnolog\u00eda Agropecuaria (INTA). A su vez, el proyecto articula acciones con el espacio curricular F\u00edsica Experimental II, que coordina la docente <strong>Mar\u00eda Cecilia Fern\u00e1ndez Gauna.<\/strong><\/p>\n\n\n\n<div style=\"height:20px\" aria-hidden=\"true\" class=\"wp-block-spacer\"><\/div>\n\n\n\n<p>Para encarar la investigaci\u00f3n, recibieron financiamiento de la <strong>Secretar\u00eda de Investigaci\u00f3n, Internacionales y Posgrado (SIIP) del Rectorad<\/strong>o (proyecto bienal tipo 1 aprobado en 2019). Adem\u00e1s, obtuvieron fondos de la <strong>Shuttlerworth Foundation<\/strong> y del programa de<strong> Ciencia y Tecnolog\u00eda para el Desarrollo (Cyted)<\/strong>, a trav\u00e9s de la <strong>Regosh<\/strong>, de la que Cremades forma parte. Los resultados obtenidos hasta el momento han sido presentados en el <strong>Primer Congreso Interuniversitario de I+D+i de Mendoza<\/strong>, en las <strong>Primeras Jornadas Internacionales de Conocimiento Cient\u00edfico T\u00e9cnico<\/strong>, y en el <strong>Cuarto Seminario en Desarrollo Territorial y Agregado de Valor.<\/strong><\/p>\n\n\n\n<div style=\"height:38px\" aria-hidden=\"true\" class=\"wp-block-spacer\"><\/div>\n","protected":false},"excerpt":{"rendered":"<p>Investigadores de la Universidad Nacional de Cuyo (UNCuyo) est\u00e1n desarrollando un equipo que denominaron MultiSpec&hellip;<\/p>\n","protected":false},"author":3,"featured_media":50253,"comment_status":"open","ping_status":"open","sticky":false,"template":"","format":"standard","meta":{"footnotes":""},"categories":[6],"tags":[],"class_list":["post-49868","post","type-post","status-publish","format-standard","has-post-thumbnail","hentry","category-bodega"],"_links":{"self":[{"href":"https:\/\/enolife.com.ar\/es\/wp-json\/wp\/v2\/posts\/49868","targetHints":{"allow":["GET"]}}],"collection":[{"href":"https:\/\/enolife.com.ar\/es\/wp-json\/wp\/v2\/posts"}],"about":[{"href":"https:\/\/enolife.com.ar\/es\/wp-json\/wp\/v2\/types\/post"}],"author":[{"embeddable":true,"href":"https:\/\/enolife.com.ar\/es\/wp-json\/wp\/v2\/users\/3"}],"replies":[{"embeddable":true,"href":"https:\/\/enolife.com.ar\/es\/wp-json\/wp\/v2\/comments?post=49868"}],"version-history":[{"count":0,"href":"https:\/\/enolife.com.ar\/es\/wp-json\/wp\/v2\/posts\/49868\/revisions"}],"wp:featuredmedia":[{"embeddable":true,"href":"https:\/\/enolife.com.ar\/es\/wp-json\/wp\/v2\/media\/50253"}],"wp:attachment":[{"href":"https:\/\/enolife.com.ar\/es\/wp-json\/wp\/v2\/media?parent=49868"}],"wp:term":[{"taxonomy":"category","embeddable":true,"href":"https:\/\/enolife.com.ar\/es\/wp-json\/wp\/v2\/categories?post=49868"},{"taxonomy":"post_tag","embeddable":true,"href":"https:\/\/enolife.com.ar\/es\/wp-json\/wp\/v2\/tags?post=49868"}],"curies":[{"name":"wp","href":"https:\/\/api.w.org\/{rel}","templated":true}]}}