{"id":4958,"date":"2019-11-13T18:08:47","date_gmt":"2019-11-13T18:08:47","guid":{"rendered":"http:\/\/enolife.com.ar\/es\/?p=4958"},"modified":"2019-11-17T12:01:48","modified_gmt":"2019-11-17T12:01:48","slug":"bodegas-de-argentina-estrecha-filas-con-la-union-industrial-para-promocionar-intereses-y-negocios","status":"publish","type":"post","link":"https:\/\/enolife.com.ar\/es\/bodegas-de-argentina-estrecha-filas-con-la-union-industrial-para-promocionar-intereses-y-negocios\/","title":{"rendered":"Bodegas de Argentina estrecha filas con la Uni\u00f3n Industrial para promocionar intereses y negocios"},"content":{"rendered":"\n<h4 class=\"wp-block-heading\"><em><strong>Desde&nbsp;el mes de setiembre de 2019, la c\u00e1mara empresaria con sede en Mendoza que agrupa a m\u00e1s de 250 bodegas de todo el pa\u00eds, participa como miembro titular de la Junta Directiva de la Uni\u00f3n Industrial Argentina (UIA). En entrevista exclusiva con Enolife, Francisco Do Pico -vicepresidente de Bodegas de Argentina y ahora representante de Mendoza en la UIA- explica el porqu\u00e9 y las ventajas de esta flamante integraci\u00f3n.<\/strong><\/em><\/h4>\n\n\n\n<div style=\"height:29px\" aria-hidden=\"true\" class=\"wp-block-spacer\"><\/div>\n\n\n\n<p><em><strong>Entrevista: Lorena Mellone y Pedro Stranier<\/strong><\/em><strong>o<\/strong><\/p>\n\n\n\n<div style=\"height:20px\" aria-hidden=\"true\" class=\"wp-block-spacer\"><\/div>\n\n\n\n<p>Junto a Francisco Do Pico, el otro representante que integrar\u00e1 la Junta Directiva de la UIA es el mendocino Mauricio Badaloni, titular de la Uni\u00f3n Industrial de Mendoza. <\/p>\n\n\n\n<div style=\"height:20px\" aria-hidden=\"true\" class=\"wp-block-spacer\"><\/div>\n\n\n\n<figure class=\"wp-block-image\"><img loading=\"lazy\" decoding=\"async\" width=\"897\" height=\"517\" src=\"https:\/\/enolife.com.ar\/es\/wp-content\/uploads\/2019\/11\/image-28.png\" alt=\"\" class=\"wp-image-4972\" srcset=\"https:\/\/enolife.com.ar\/es\/wp-content\/uploads\/2019\/11\/image-28.png 897w, https:\/\/enolife.com.ar\/es\/wp-content\/uploads\/2019\/11\/image-28-300x173.png 300w, https:\/\/enolife.com.ar\/es\/wp-content\/uploads\/2019\/11\/image-28-768x443.png 768w, https:\/\/enolife.com.ar\/es\/wp-content\/uploads\/2019\/11\/image-28-585x337.png 585w\" sizes=\"auto, (max-width: 897px) 100vw, 897px\" \/><figcaption><em><strong>Francisco Do Pico<\/strong><\/em><\/figcaption><\/figure>\n\n\n\n<div style=\"height:34px\" aria-hidden=\"true\" class=\"wp-block-spacer\"><\/div>\n\n\n\n<p class=\"has-text-color has-vivid-red-color\">&#8211; <strong>Enolife:<\/strong> \u00bf<strong>C\u00f3mo fue el proceso para que Bodegas de Argentina ocupe un lugar en la UIA?<\/strong><\/p>\n\n\n\n<div style=\"height:20px\" aria-hidden=\"true\" class=\"wp-block-spacer\"><\/div>\n\n\n\n<p>&#8211; <strong>Francisco Do Pico:<\/strong> Este proceso es preexistente, ya que Bodegas de Argentina &nbsp;se hab\u00eda integrado hace varios a\u00f1os a la Uni\u00f3n Industrial de Mendoza (UIM), pero dicha instituci\u00f3n dej\u00f3 de participar de la Uni\u00f3n Industrial Argentina (UIA) hace unos 10 a\u00f1os. Esto se gener\u00f3 por problemas internos de la UIM, pero ahora la buena noticia es que hoy este v\u00ednculo se ha retomado y la UIM tiene lugar para ejercer la vicepresidencia de la UIA .<\/p>\n\n\n\n<div style=\"height:20px\" aria-hidden=\"true\" class=\"wp-block-spacer\"><\/div>\n\n\n\n<p class=\"has-text-color has-vivid-red-color\">&#8211; <strong>\u00bfQu\u00e9 significa esto para la industria vitivin\u00edcola?<\/strong><\/p>\n\n\n\n<div style=\"height:20px\" aria-hidden=\"true\" class=\"wp-block-spacer\"><\/div>\n\n\n\n<p>La UIM tiene ahora la posibilidad de participar con 2 asientos en la comisi\u00f3n directiva de la UIA; uno ser\u00e1 ocupado por Mauricio Badaloni y el otro por Bodegas e Argentina en representaci\u00f3n de Mendoza. La integraci\u00f3n recobrada tiene gran importancia no s\u00f3lo para los intereses de las bodegas en particular, sino para toda la industria vitivin\u00edcola del pa\u00eds, porque Bodegas es la c\u00e1mara l\u00edder. De esta manera, se tiene una visi\u00f3n mas amplia de todas las problem\u00e1ticas en com\u00fan de la vitivinicultura con todas las otras industrias, de todos los tama\u00f1os.<\/p>\n\n\n\n<div style=\"height:20px\" aria-hidden=\"true\" class=\"wp-block-spacer\"><\/div>\n\n\n\n<p class=\"has-text-color has-vivid-red-color\"><strong>\u00bfY qu\u00e9 ventajas le otorga a Mendoza estar integrada a la UIA? <\/strong><\/p>\n\n\n\n<div style=\"height:20px\" aria-hidden=\"true\" class=\"wp-block-spacer\"><\/div>\n\n\n\n<p>Primero, que la UIA es una de las entidades gremiales m\u00e1s importantes del pa\u00eds, es la \u00fanica de la industria a nivel nacional y representa a todos los sectores, regiones, tama\u00f1os de empresas, problem\u00e1ticas y focos. Todo esto lo convierte en un \u00e1mbito de discusi\u00f3n muy rico, donde todos pueden empaparse de las realidades de todos. Y, como entidad gremial, es un lugar donde se ejerce la representaci\u00f3n de intereses. Desde all\u00ed se hacen gestiones gubernamentales, de comunicaci\u00f3n, se mantienen relaciones con funcionarios o con candidatos a ejercer cargos en el Ejecutivo, con dirigentes nacionales e internacionales. Participar en ese entorno es muy importante, tanto representando a Mendoza como a la vitivinicultura, y el mensaje lo reciben personas influyentes. Es una caja de resonancia muy importante para mostrar las bodegas tanto a nivel provincial como nacional.<\/p>\n\n\n\n<div style=\"height:20px\" aria-hidden=\"true\" class=\"wp-block-spacer\"><\/div>\n\n\n\n<p class=\"has-text-color has-vivid-red-color\">&#8211; \u00bf<strong>Este trabajo en conjunto tambi\u00e9n abre la puerta a m\u00e1s negocios y m\u00e1s fuentes laborales<\/strong>?<\/p>\n\n\n\n<div style=\"height:20px\" aria-hidden=\"true\" class=\"wp-block-spacer\"><\/div>\n\n\n\n<p>Siempre dec\u00edamos en el directorio de Bodegas de Argentina que nuestro pa\u00eds es la quinta potencia en la producci\u00f3n de vinos en el mundo, y que no pod\u00edamos dejar de tener un representante permanente o un asiento en la UIA, as\u00ed que estamos muy contentos porque es la primera vez que Bodegas de Argentina va a representar de Mendoza en la UIA . Y esto nos permite no solamente hacer gestiones desde Bodegas de Argentina sino que adem\u00e1s indirectamente tenemos la puerta abierta para hacer gestiones para la promoci\u00f3n de nuestros intereses y negocios. Ahora, tenemos la posibilidad de encontrarnos con otras industrias, lo que nos permite enriquecernos con las realidades de otros y fundamentalmente contar con la UIA como caja de resonancia nacional de nuestros intereses y objetivos.<\/p>\n\n\n\n<div style=\"height:20px\" aria-hidden=\"true\" class=\"wp-block-spacer\"><\/div>\n\n\n\n<p class=\"has-text-color has-vivid-red-color\">&#8211; <strong>Antes de ahora, \u00bfqu\u00e9 otras v\u00edas exist\u00edan en el \u00e1mbito nacional para resolver problem\u00e1ticas del sector?<\/strong><\/p>\n\n\n\n<div style=\"height:20px\" aria-hidden=\"true\" class=\"wp-block-spacer\"><\/div>\n\n\n\n<p>Nosotros tenemos nuestras propias v\u00edas para la gesti\u00f3n de nuestros intereses y para resolver nuestras problem\u00e1ticas, ya sea en el mercado interno como en el externo. Ahora, la UIA se convierte en un veh\u00edculo m\u00e1s entre los otros que tenemos. Por ejemplo, Bodegas de Argentina participa hace varios a\u00f1os en la&nbsp;Coordinadora de las Industrias de Productos Alimenticios (Copal), que nuclea a c\u00e1maras y empresas de la Industria de la Alimentaci\u00f3n y de Bebidas y representa a la casi totalidad de las empresas del sector.<\/p>\n\n\n\n<div style=\"height:20px\" aria-hidden=\"true\" class=\"wp-block-spacer\"><\/div>\n\n\n\n<p class=\"has-text-color has-vivid-red-color\">&#8211; <strong>\u00bfC\u00f3mo se desarrolla un proyecto dentro de la UIA?<\/strong><\/p>\n\n\n\n<div style=\"height:20px\" aria-hidden=\"true\" class=\"wp-block-spacer\"><\/div>\n\n\n\n<p>&#8211; Desde el punto de vista t\u00e9cnico, las propuestas de cada miembro de la UIA se canalizan en las distintas comisiones internas relacionadas a log\u00edstica, econom\u00eda regional, &nbsp;pymes, comercio exterior, etc\u00e9tera. Las ideas se tratan primero en las comisiones de la UIA y despu\u00e9s,  en todo caso, se elevan a otro nivel de institucionalidad, ya sea a la junta directiva o al comit\u00e9 ejecutivo, antes de presentarse oficialmente como proyecto. Por otro lado, digamos que la UIA es una usina permanente de ideas, propuestas y proyectos. Recientemente, se present\u00f3 un plan para que la industria argentina desarrolle todo su potencial, en el contexto de un Seminario por el D\u00eda de la Industria, en setiembre. Las propuestas fueron muy concretas, de diversa \u00edndole, para mejorar la performance de la industria en el pa\u00eds. Lo interesante es que estos proyectos elaborados en com\u00fan con otros sectores muchas veces se han convertido en leyes nacionales, lo cual refuerza la importancia de la UIA.<\/p>\n\n\n\n<div style=\"height:20px\" aria-hidden=\"true\" class=\"wp-block-spacer\"><\/div>\n\n\n\n<p class=\"has-background has-medium-font-size has-luminous-vivid-amber-background-color\"><strong>Uni\u00f3n Industrial Mendoza<\/strong><\/p>\n\n\n\n<p class=\"has-background has-luminous-vivid-amber-background-color\">La Uni\u00f3n Industrial Mendoza (UIM) es una organizaci\u00f3n civil sin fines de lucro cuya misi\u00f3n es&nbsp;representar de manera transversal a los distintos actores empresariales de la provincia de Mendoza,&nbsp;para consolidar una industria regional competitiva, moderna, con proyecci\u00f3n internacional y con un fuerte anclaje en la generaci\u00f3n de trabajo local.<br><br>Del mismo modo, busca generar valor para los clientes, inversores, empleados y sociedad; promover la educaci\u00f3n, la innovaci\u00f3n y el desarrollo tecnol\u00f3gico como base de la competitividad,&nbsp;y cuidar la sustentabilidad ambiental.<\/p>\n\n\n\n<div style=\"height:20px\" aria-hidden=\"true\" class=\"wp-block-spacer\"><\/div>\n\n\n\n<p class=\"has-background has-medium-font-size has-very-light-gray-background-color\"><strong> Uni\u00f3n Industrial Argentina<\/strong><\/p>\n\n\n\n<p class=\"has-background has-very-light-gray-background-color\">La Uni\u00f3n Industrial Argentina (UIA) es una asociaci\u00f3n gremial empresaria, sin fines de lucro, que representa a la actividad industrial nacional, nucleando a entidades socias y c\u00e1maras sectoriales y regionales. Esa representatividad tiene un alcance federal que atraviesa todo el entramado productivo del pa\u00eds<strong>.<\/strong><br><br>Naci\u00f3 un 7 de febrero de 1887, con la celebraci\u00f3n de una asamblea que convoc\u00f3 a 900 personas. El presidente de la entidad fue el senador Antonio Cambaceres, quien gestion\u00f3 el primero de los censos industriales. Aquel relevamiento registr\u00f3 400 emprendimientos que daban trabajo a 11 mil obreros.<br><br>La UIA representa a todos los sectores y regiones del pa\u00eds. Es una representatividad federal, en virtud de la participaci\u00f3n de las uniones industriales provinciales. El car\u00e1cter sectorial est\u00e1 dado por las c\u00e1maras de los distintos sectores productivos nucleados en la instituci\u00f3n.<br><br>Cada dos a\u00f1os, la entidad celebra elecciones entre sus miembros para renovar las autoridades que integran los cuerpos directivos.<\/p>\n\n\n\n<div style=\"height:20px\" aria-hidden=\"true\" class=\"wp-block-spacer\"><\/div>\n\n\n\n<p class=\"has-background has-medium-font-size has-very-light-gray-background-color\"><strong>Objetivos de la UIA<\/strong><\/p>\n\n\n\n<p class=\"has-background has-very-light-gray-background-color\">&#8211; Actuar en favor de todo aquello que promueva al sector industrial nacional, provincial y municipal. Ejercer su representaci\u00f3n ante los poderes p\u00fablicos y organismos nacionales e internacionales.<br><br>&#8211; Fomentar la unidad de todo el empresariado industrial del pa\u00eds.<br><br>&#8211; Ampliar la participaci\u00f3n del sector privado en el desarrollo industrial, colaborando en la elaboraci\u00f3n y aplicaci\u00f3n de la pol\u00edtica industrial del pa\u00eds.<br><br>&#8211; Impulsar  las iniciativas que tengan por objeto la efectiva consolidaci\u00f3n y la mayor expansi\u00f3n de la industria nacional.<br><br>&#8211; Promover todas las instancias que permitan la producci\u00f3n y la provisi\u00f3n de bienes industriales para el consumo interno, as\u00ed como la exportaci\u00f3n de productos a todos los mercados del mundo.<br><br>&#8211; Desarrollar  acciones que tiendan al fortalecimiento de un mercado interno s\u00f3lido, integrado vertical y horizontalmente; en condiciones justas, equitativas, permanentes y claras para la inversi\u00f3n productiva y toda la actividad del sector. <\/p>\n","protected":false},"excerpt":{"rendered":"<p>Desde&nbsp;el mes de setiembre de 2019, la c\u00e1mara empresaria con sede en Mendoza que agrupa&hellip;<\/p>\n","protected":false},"author":3,"featured_media":4974,"comment_status":"open","ping_status":"open","sticky":false,"template":"","format":"standard","meta":{"footnotes":""},"categories":[14],"tags":[],"class_list":["post-4958","post","type-post","status-publish","format-standard","has-post-thumbnail","hentry","category-news"],"_links":{"self":[{"href":"https:\/\/enolife.com.ar\/es\/wp-json\/wp\/v2\/posts\/4958","targetHints":{"allow":["GET"]}}],"collection":[{"href":"https:\/\/enolife.com.ar\/es\/wp-json\/wp\/v2\/posts"}],"about":[{"href":"https:\/\/enolife.com.ar\/es\/wp-json\/wp\/v2\/types\/post"}],"author":[{"embeddable":true,"href":"https:\/\/enolife.com.ar\/es\/wp-json\/wp\/v2\/users\/3"}],"replies":[{"embeddable":true,"href":"https:\/\/enolife.com.ar\/es\/wp-json\/wp\/v2\/comments?post=4958"}],"version-history":[{"count":0,"href":"https:\/\/enolife.com.ar\/es\/wp-json\/wp\/v2\/posts\/4958\/revisions"}],"wp:featuredmedia":[{"embeddable":true,"href":"https:\/\/enolife.com.ar\/es\/wp-json\/wp\/v2\/media\/4974"}],"wp:attachment":[{"href":"https:\/\/enolife.com.ar\/es\/wp-json\/wp\/v2\/media?parent=4958"}],"wp:term":[{"taxonomy":"category","embeddable":true,"href":"https:\/\/enolife.com.ar\/es\/wp-json\/wp\/v2\/categories?post=4958"},{"taxonomy":"post_tag","embeddable":true,"href":"https:\/\/enolife.com.ar\/es\/wp-json\/wp\/v2\/tags?post=4958"}],"curies":[{"name":"wp","href":"https:\/\/api.w.org\/{rel}","templated":true}]}}