{"id":49565,"date":"2021-12-01T23:15:07","date_gmt":"2021-12-01T23:15:07","guid":{"rendered":"http:\/\/enolife.com.ar\/es\/?p=49565"},"modified":"2021-12-03T01:03:17","modified_gmt":"2021-12-03T01:03:17","slug":"arranco-la-ultima-etapa-de-lucha-contra-la-polilla-de-la-vid-con-pulverizaciones-aereas-en-41-430-ha","status":"publish","type":"post","link":"https:\/\/enolife.com.ar\/es\/arranco-la-ultima-etapa-de-lucha-contra-la-polilla-de-la-vid-con-pulverizaciones-aereas-en-41-430-ha\/","title":{"rendered":"Arranc\u00f3 la \u00faltima etapa de lucha contra la polilla de la vid con pulverizaciones a\u00e9reas en 41.430 ha"},"content":{"rendered":"\n<h4 class=\"wp-block-heading\"><em><strong>A partir de hoy mi\u00e9rcoles 1 de diciembre, el&nbsp;Instituto de Sanidad y Calidad Agropecuaria de Mendoza (Iscamen) realizar\u00e1 acciones desde aviones para combatir el llamado \u00absegundo vuelo\u00bb en vi\u00f1edos de los oasis Norte y Este de la provincia. As\u00ed, se dar\u00e1 por finalizado el operativo anti-lobesia botrana 2021. Ser\u00e1n beneficiados unos 5.000 productores. &nbsp;<\/strong><\/em><\/h4>\n\n\n\n<div style=\"height:20px\" aria-hidden=\"true\" class=\"wp-block-spacer\"><\/div>\n\n\n\n\n\n<div style=\"height:56px\" aria-hidden=\"true\" class=\"wp-block-spacer\"><\/div>\n\n\n\n<p>La quinta y \u00faltima etapa de control contra la da\u00f1ina plaga lobesia botrana o polilla de la vid se desarrollar\u00e1 en los oasis Norte y Este, a trav\u00e9s del Servicio de Tratamientos A\u00e9reos. Como en etapas anteriores, se realizar\u00e1 de acuerdo con un cronograma de trabajo preestablecido en los departamentos mendocinos de Lavalle, Luj\u00e1n de Cuyo, Maip\u00fa, Jun\u00edn, Rivadavia, San Mart\u00edn y Santa Rosa. Se priorizar\u00e1n los tratamientos de control sobre fincas en estado de abandono, con riesgo fitosanitario, y ser\u00e1 un servicio complementario a los tratamientos intrafinca que realicen los productores.<\/p>\n\n\n\n<p>Estas acciones de control se desarrollar\u00e1n en el marco de la Ley Nacional 27227, que declara de inter\u00e9s nacional el control de la plaga; la Ley Provincial 9076, que declara de inter\u00e9s provincial el control del insecto, y el Decreto Provincial 1812\/2017, que establece la coordinaci\u00f3n de acciones conjuntas de control por parte del Ministerio de Econom\u00eda y Energ\u00eda de Mendoza, a trav\u00e9s del Iscamen. &nbsp;<\/p>\n\n\n\n<p>Este servicio final de pulverizaciones se realizar\u00e1 durante 10 d\u00edas consecutivos y est\u00e1 sujeto a&nbsp;modificaciones por causas clim\u00e1ticas u operativas. &nbsp;<\/p>\n\n\n\n<div style=\"height:20px\" aria-hidden=\"true\" class=\"wp-block-spacer\"><\/div>\n\n\n\n<div class=\"wp-block-image\"><figure class=\"aligncenter size-large is-resized\"><img loading=\"lazy\" decoding=\"async\" src=\"https:\/\/enolife.com.ar\/es\/wp-content\/uploads\/2021\/11\/cronograma-segundo-vuelo-1024x512.jpeg\" alt=\"\" class=\"wp-image-49567\" width=\"656\" height=\"328\" srcset=\"https:\/\/enolife.com.ar\/es\/wp-content\/uploads\/2021\/11\/cronograma-segundo-vuelo-1024x512.jpeg 1024w, https:\/\/enolife.com.ar\/es\/wp-content\/uploads\/2021\/11\/cronograma-segundo-vuelo-300x150.jpeg 300w, https:\/\/enolife.com.ar\/es\/wp-content\/uploads\/2021\/11\/cronograma-segundo-vuelo-768x384.jpeg 768w, https:\/\/enolife.com.ar\/es\/wp-content\/uploads\/2021\/11\/cronograma-segundo-vuelo-1170x585.jpeg 1170w, https:\/\/enolife.com.ar\/es\/wp-content\/uploads\/2021\/11\/cronograma-segundo-vuelo-585x293.jpeg 585w, https:\/\/enolife.com.ar\/es\/wp-content\/uploads\/2021\/11\/cronograma-segundo-vuelo.jpeg 1280w\" sizes=\"auto, (max-width: 656px) 100vw, 656px\" \/><\/figure><\/div>\n\n\n\n<div style=\"height:20px\" aria-hidden=\"true\" class=\"wp-block-spacer\"><\/div>\n\n\n\n<p class=\"has-medium-font-size\"><strong>La metodolog\u00eda de la actual campa\u00f1a&nbsp;<\/strong><\/p>\n\n\n\n<p>El actual operativo de control se ha realizado bajo la premisa del <strong>Manejo Integrado de la Plaga<\/strong>. Esta metodolog\u00eda busca lograr, mediante la integraci\u00f3n de diversas herramientas de control, los mejores resultados con los recursos disponibles y el menor impacto en el ambiente.&nbsp;&nbsp;&nbsp;<\/p>\n\n\n\n<p>Se proyect\u00f3 en cinco etapas de control y en virtud a la din\u00e1mica de la plaga en los diversos oasis productivos de la provincia: &nbsp;<\/p>\n\n\n\n<ul class=\"wp-block-list\"><li><strong>Etapa 1: La asistencia con difusores de feromona<\/strong>, conformando bloques de grandes dimensiones en aproximadamente&nbsp;20.000 ha de cultivos, a fin de reducir poblaciones del insecto mediante la T\u00e9cnica de Confusi\u00f3n Sexual &nbsp;<\/li><li><strong>Etapa 2: Servicio de tratamientos a\u00e9reos de fitosanitarios<\/strong> espec\u00edficos dirigidos al control de la primera generaci\u00f3n de la polilla de la vid, en unas 85.000 ha de los oasis Norte y Este. &nbsp;<\/li><li><strong>Etapa 3: Asistencia de productos espec\u00edficos<\/strong> para la aplicaci\u00f3n por parte de los productores en 22.800 ha, destinado especialmente a productores del Valle de Uco &nbsp;<\/li><li><strong>Etapa 4: Aeroaplicaciones con feromonas pulverizables<\/strong> de larga duraci\u00f3n a fin de interrumpir el ciclo reproductivo del insecto, en 14.000 ha de cultivo. &nbsp;<\/li><li><strong>Etapa 5: se inicia hoy&nbsp;e implica el Servicio de Tratamientos A\u00e9reo<\/strong>s en 41.340 ha para el control del segundo vuelo de la plaga en cultivos de los oasis Norte y Este. &nbsp;<\/li><\/ul>\n\n\n\n<p>Los productos fitosanitarios empleados por el programa, en virtud de su modo de uso, tienen elevados niveles de selectividad: controlan solamente el desarrollo de lobesia botrana sin afectar a&nbsp;insectos de la fauna, como abejas o controladores biol\u00f3gicos, humanos y animales de sangre caliente. <\/p>\n\n\n\n<div style=\"height:20px\" aria-hidden=\"true\" class=\"wp-block-spacer\"><\/div>\n\n\n\n<p class=\"has-small-font-size\"><em><strong>Fuente: Gobierno de Mendoza<\/strong><\/em>&nbsp;<\/p>\n\n\n\n<div style=\"height:20px\" aria-hidden=\"true\" class=\"wp-block-spacer\"><\/div>\n","protected":false},"excerpt":{"rendered":"<p>A partir de hoy mi\u00e9rcoles 1 de diciembre, el&nbsp;Instituto de Sanidad y Calidad Agropecuaria de&hellip;<\/p>\n","protected":false},"author":3,"featured_media":49569,"comment_status":"open","ping_status":"open","sticky":false,"template":"","format":"standard","meta":{"footnotes":""},"categories":[14],"tags":[],"class_list":["post-49565","post","type-post","status-publish","format-standard","has-post-thumbnail","hentry","category-news"],"_links":{"self":[{"href":"https:\/\/enolife.com.ar\/es\/wp-json\/wp\/v2\/posts\/49565","targetHints":{"allow":["GET"]}}],"collection":[{"href":"https:\/\/enolife.com.ar\/es\/wp-json\/wp\/v2\/posts"}],"about":[{"href":"https:\/\/enolife.com.ar\/es\/wp-json\/wp\/v2\/types\/post"}],"author":[{"embeddable":true,"href":"https:\/\/enolife.com.ar\/es\/wp-json\/wp\/v2\/users\/3"}],"replies":[{"embeddable":true,"href":"https:\/\/enolife.com.ar\/es\/wp-json\/wp\/v2\/comments?post=49565"}],"version-history":[{"count":0,"href":"https:\/\/enolife.com.ar\/es\/wp-json\/wp\/v2\/posts\/49565\/revisions"}],"wp:featuredmedia":[{"embeddable":true,"href":"https:\/\/enolife.com.ar\/es\/wp-json\/wp\/v2\/media\/49569"}],"wp:attachment":[{"href":"https:\/\/enolife.com.ar\/es\/wp-json\/wp\/v2\/media?parent=49565"}],"wp:term":[{"taxonomy":"category","embeddable":true,"href":"https:\/\/enolife.com.ar\/es\/wp-json\/wp\/v2\/categories?post=49565"},{"taxonomy":"post_tag","embeddable":true,"href":"https:\/\/enolife.com.ar\/es\/wp-json\/wp\/v2\/tags?post=49565"}],"curies":[{"name":"wp","href":"https:\/\/api.w.org\/{rel}","templated":true}]}}