{"id":49470,"date":"2021-11-28T17:06:59","date_gmt":"2021-11-28T17:06:59","guid":{"rendered":"http:\/\/enolife.com.ar\/es\/?p=49470"},"modified":"2021-12-01T20:17:46","modified_gmt":"2021-12-01T20:17:46","slug":"catamarca-ya-tiene-una-web-para-mostrar-la-historia-de-su-vino-sus-bodegas-y-el-enoturismo","status":"publish","type":"post","link":"https:\/\/enolife.com.ar\/es\/catamarca-ya-tiene-una-web-para-mostrar-la-historia-de-su-vino-sus-bodegas-y-el-enoturismo\/","title":{"rendered":"Catamarca ya tiene una web  para mostrar la historia de su vino, sus bodegas y el enoturismo"},"content":{"rendered":"\n<h4 class=\"wp-block-heading\"><em><strong>La nueva herramienta, desarrollada por el gobierno de la provincia, busca posicionar la producci\u00f3n vitivin\u00edcola en los mercados nacional e internacional. La presentaron el viernes 26\/11 en Tinogasta, una de sus principales regiones productoras.<\/strong><\/em> <\/h4>\n\n\n\n<div style=\"height:28px\" aria-hidden=\"true\" class=\"wp-block-spacer\"><\/div>\n\n\n<a href=\"https:\/\/jmzeballos.com\/\" aria-label=\"PUBLICIDAD ENOLIFE 2023_\u00c1NFORAS 1700 x 500\"><img loading=\"lazy\" decoding=\"async\" src=\"https:\/\/enolife.com.ar\/es\/wp-content\/uploads\/2020\/12\/PUBLICIDAD-ENOLIFE-2023_ANFORAS-1700-x-500.jpg\" alt=\"\"  srcset=\"https:\/\/enolife.com.ar\/es\/wp-content\/uploads\/2020\/12\/PUBLICIDAD-ENOLIFE-2023_ANFORAS-1700-x-500.jpg 1700w, https:\/\/enolife.com.ar\/es\/wp-content\/uploads\/2020\/12\/PUBLICIDAD-ENOLIFE-2023_ANFORAS-1700-x-500-300x88.jpg 300w, https:\/\/enolife.com.ar\/es\/wp-content\/uploads\/2020\/12\/PUBLICIDAD-ENOLIFE-2023_ANFORAS-1700-x-500-1024x301.jpg 1024w, https:\/\/enolife.com.ar\/es\/wp-content\/uploads\/2020\/12\/PUBLICIDAD-ENOLIFE-2023_ANFORAS-1700-x-500-768x226.jpg 768w, https:\/\/enolife.com.ar\/es\/wp-content\/uploads\/2020\/12\/PUBLICIDAD-ENOLIFE-2023_ANFORAS-1700-x-500-1536x452.jpg 1536w, https:\/\/enolife.com.ar\/es\/wp-content\/uploads\/2020\/12\/PUBLICIDAD-ENOLIFE-2023_ANFORAS-1700-x-500-1170x344.jpg 1170w, https:\/\/enolife.com.ar\/es\/wp-content\/uploads\/2020\/12\/PUBLICIDAD-ENOLIFE-2023_ANFORAS-1700-x-500-585x172.jpg 585w\" sizes=\"auto, (max-width: 1700px) 100vw, 1700px\" width=\"1700\" height=\"500\"   \/><\/a>\n\n\n<div style=\"height:74px\" aria-hidden=\"true\" class=\"wp-block-spacer\"><\/div>\n\n\n\n<p>El pasado viernes 26\/11 se realiz\u00f3 la presentaci\u00f3n de <strong><a href=\"https:\/\/catamarcaesvino.com.ar\/\">CatamarcaEsVino.com.ar<\/a><\/strong> en la Finca Rodr\u00edguez Ferrero, ubicada en la localidad de La Puntilla, departamento Tinogasta.<\/p>\n\n\n\n<div style=\"height:20px\" aria-hidden=\"true\" class=\"wp-block-spacer\"><\/div>\n\n\n\n<div class=\"wp-block-image\"><figure class=\"alignleft size-large is-resized\"><img loading=\"lazy\" decoding=\"async\" src=\"https:\/\/enolife.com.ar\/es\/wp-content\/uploads\/2021\/11\/logo.jpg\" alt=\"\" class=\"wp-image-49486\" width=\"167\" height=\"65\"\/><\/figure><\/div>\n\n\n\n<p>El acto cont\u00f3 con la presencia del ministro de Agricultura y Ganader\u00eda, <strong>C\u00e9sar Tob\u00edas;<\/strong> el senador por Tinogasta <strong>Jos\u00e9 Alan\u00eds<\/strong>; la directora provincial de Agroindustria, <strong>Roc\u00edo Leiva<\/strong>; el director provincial de Comercializaci\u00f3n, <strong>Juan Andrada<\/strong>; la secretaria de Producci\u00f3n de la Municipalidad de Tinogasta, <strong>Ana Ar\u00e9valo<\/strong>; y el secretario de Producci\u00f3n de la Municipalidad de Fiambal\u00e1,<strong> Joaqu\u00edn Mu\u00f1oz.<\/strong> &nbsp;Tambi\u00e9n acompa\u00f1aron propietarios, gerentes y representantes de las distintas bodegas de esta provincia del <strong>Noroeste Argentino (NOA).<\/strong><\/p>\n\n\n\n<p>La web <strong><a href=\"https:\/\/catamarcaesvino.com.ar\/\">www.catamarcaesvino.com.ar<\/a><\/strong> busca posicionar la producci\u00f3n vitivin\u00edcola de la provincia. Para ello, contiene un registro, a\u00fan en desarrollo, de todas las bodegas de la provincia, contactos comerciales, fotos, videos, noticias y todo lo referido al sector.&nbsp;<\/p>\n\n\n\n<div style=\"height:20px\" aria-hidden=\"true\" class=\"wp-block-spacer\"><\/div>\n\n\n\n<h4 class=\"has-vivid-red-color has-text-color wp-block-heading\">En toda la regi\u00f3n vitivin\u00edcola del Noroeste Argentino (NOA), la participaci\u00f3n como productores de vino es la siguiente: La Rioja (52%), Catamarca (25%), Salta, (21%), y en menor medida Tucum\u00e1n (1,4%) y Jujuy (0,4%). En Catamarca, el 68% de los vi\u00f1edos tienen menos de 1 ha y una superficie promedio de 2,1 ha.<\/h4>\n\n\n\n<div style=\"height:20px\" aria-hidden=\"true\" class=\"wp-block-spacer\"><\/div>\n\n\n\n<p>Tambi\u00e9n se presentaron las etiquetas con <strong>c\u00f3digo QR<\/strong> que acompa\u00f1ar\u00e1n las botellas de las bodegas, que al momento de escanearlos redirigir\u00e1 a un video promocional de cada marca, que trasladar\u00e1 a los potenciales consumidores al lugar de origen, a los paisajes, pensar en los aromas y por un momento poder situarse en esos lugares donde nace ese vino.<\/p>\n\n\n\n<p>En la oportunidad los presentes pudieron apreciar las producciones audiovisuales realizadas a <strong>Bodega Michango<\/strong> (Capital) y <strong>Bodega Puesto del Marqu\u00e9s<\/strong> (Santa Mar\u00eda), con las que se inici\u00f3 el proyecto y continuar\u00e1 con las dem\u00e1s bodegas que deseen hacerlo, que deber\u00e1n inscribirse en la p\u00e1gina <strong>CatamarcaEsVino.com.ar<\/strong>, donde llenar\u00e1n un formulario con sus datos, y el personal a cargo se contactar\u00e1 para coordinar y poder llevar a cabo la producci\u00f3n audiovisual.&nbsp;<\/p>\n\n\n\n<div style=\"height:20px\" aria-hidden=\"true\" class=\"wp-block-spacer\"><\/div>\n\n\n\n<blockquote class=\"wp-block-quote is-layout-flow wp-block-quote-is-layout-flow\"><p>Cuando uno compra un vino tambi\u00e9n est\u00e1 comprando la historia detr\u00e1s de ese vino, lo que significa ese vino&#8230; Esta herramienta es una forma f\u00e1cil y \u00e1gil de llegar a los consumidores\u00bb.<\/p><cite>C\u00e9sar Tob\u00edas, ministro de Agricultura y Ganader\u00eda de Catamarca<\/cite><\/blockquote>\n\n\n\n<div style=\"height:20px\" aria-hidden=\"true\" class=\"wp-block-spacer\"><\/div>\n\n\n\n<p>El <strong>ministro Tob\u00edas<\/strong> expres\u00f3 al respecto: \u00ab<em>Es una herramienta que ponemos a disposici\u00f3n de los bodegueros. Uno, cuando va a comprar un vino, est\u00e1 comprando la historia detr\u00e1s de ese vino, lo que significa ese vino&#8230; Entendemos que esta herramienta es una forma f\u00e1cil y \u00e1gil de llegar a los consumidores\u2026 La idea es que tengan esta herramienta y puedan con el celular leer el c\u00f3digo QR y ver la historia que cada uno contar\u00e1 de su bodega a trav\u00e9s del video; algunos buscar\u00e1n atraer a un p\u00fablico m\u00e1s joven, otro a una clase determinada, un mercado m\u00e1s popular; cada uno va a tener que encontrar su identidad y junto a la productora plasmarla en un video para que aquel que no los conoce, compre el vino<\/em>\u00ab.&nbsp;<\/p>\n\n\n\n<div style=\"height:20px\" aria-hidden=\"true\" class=\"wp-block-spacer\"><\/div>\n\n\n\n<div class=\"wp-block-image\"><figure class=\"aligncenter size-large is-resized\"><img loading=\"lazy\" decoding=\"async\" src=\"https:\/\/enolife.com.ar\/es\/wp-content\/uploads\/2021\/11\/f800x450-240341_291787_5050.jpeg\" alt=\"\" class=\"wp-image-49479\" width=\"559\" height=\"314\" srcset=\"https:\/\/enolife.com.ar\/es\/wp-content\/uploads\/2021\/11\/f800x450-240341_291787_5050.jpeg 800w, https:\/\/enolife.com.ar\/es\/wp-content\/uploads\/2021\/11\/f800x450-240341_291787_5050-300x169.jpeg 300w, https:\/\/enolife.com.ar\/es\/wp-content\/uploads\/2021\/11\/f800x450-240341_291787_5050-768x432.jpeg 768w, https:\/\/enolife.com.ar\/es\/wp-content\/uploads\/2021\/11\/f800x450-240341_291787_5050-585x329.jpeg 585w\" sizes=\"auto, (max-width: 559px) 100vw, 559px\" \/><figcaption><em><strong>C\u00e9sar Tob\u00edas<\/strong><\/em><\/figcaption><\/figure><\/div>\n\n\n\n<div style=\"height:20px\" aria-hidden=\"true\" class=\"wp-block-spacer\"><\/div>\n\n\n\n<p>Por su parte, <strong>Oscar Andreatta, propietario de Bodega Michango,<\/strong> cont\u00f3: \u00ab<em>Cuando el ministro nos propuso hacer esto del c\u00f3digo QR, armar un video y contar lo que hac\u00edamos, nos pareci\u00f3 b\u00e1rbaro y decidimos sumarnos. La verdad que fue complicado sentarnos a escribir porque estamos acostumbrados a producir, a hacer otra cosa, as\u00ed que fue todo un reto. Tenemos muchas cosas para contar y por ah\u00ed no tomamos real noci\u00f3n de todo lo que tenemos para vender, para ofrecer, y Catamarca es muy rica en esto\u00bb<\/em>.<\/p>\n\n\n\n<p>\u00ab<em>Cuando uno llega a Mendoza vemos vino por todos lados, en videos, en folleto, en todas partes, creo necesario que hagamos algo parecido, donde contemos qui\u00e9nes somos y de d\u00f3nde venimos, por eso los invito a los dem\u00e1s bodegueros a que se sumen, todos tienen much\u00edsimo para contar y el que compre la botella de vino quiere escuchar esa historia, porque compra no solo la botella si no la historia. Tenemos esta gran posibilidad de poder hacerlo, es necesario que contemos al pa\u00eds que somos productores vitivin\u00edcolas y que hacemos grandes vinos, y que tenemos una zona impresionante con un mont\u00f3n de riquezas y de historias para contar<\/em>\u00ab, a\u00f1adi\u00f3.<\/p>\n\n\n\n<div style=\"height:20px\" aria-hidden=\"true\" class=\"wp-block-spacer\"><\/div>\n\n\n\n<p class=\"has-small-font-size\"><em><strong>Fuente: Diario El Ancasti de Catamarca<\/strong><\/em><\/p>\n\n\n\n<div style=\"height:20px\" aria-hidden=\"true\" class=\"wp-block-spacer\"><\/div>\n","protected":false},"excerpt":{"rendered":"<p>La nueva herramienta, desarrollada por el gobierno de la provincia, busca posicionar la producci\u00f3n vitivin\u00edcola&hellip;<\/p>\n","protected":false},"author":3,"featured_media":49484,"comment_status":"open","ping_status":"open","sticky":false,"template":"","format":"standard","meta":{"footnotes":""},"categories":[14],"tags":[],"class_list":["post-49470","post","type-post","status-publish","format-standard","has-post-thumbnail","hentry","category-news"],"_links":{"self":[{"href":"https:\/\/enolife.com.ar\/es\/wp-json\/wp\/v2\/posts\/49470","targetHints":{"allow":["GET"]}}],"collection":[{"href":"https:\/\/enolife.com.ar\/es\/wp-json\/wp\/v2\/posts"}],"about":[{"href":"https:\/\/enolife.com.ar\/es\/wp-json\/wp\/v2\/types\/post"}],"author":[{"embeddable":true,"href":"https:\/\/enolife.com.ar\/es\/wp-json\/wp\/v2\/users\/3"}],"replies":[{"embeddable":true,"href":"https:\/\/enolife.com.ar\/es\/wp-json\/wp\/v2\/comments?post=49470"}],"version-history":[{"count":0,"href":"https:\/\/enolife.com.ar\/es\/wp-json\/wp\/v2\/posts\/49470\/revisions"}],"wp:featuredmedia":[{"embeddable":true,"href":"https:\/\/enolife.com.ar\/es\/wp-json\/wp\/v2\/media\/49484"}],"wp:attachment":[{"href":"https:\/\/enolife.com.ar\/es\/wp-json\/wp\/v2\/media?parent=49470"}],"wp:term":[{"taxonomy":"category","embeddable":true,"href":"https:\/\/enolife.com.ar\/es\/wp-json\/wp\/v2\/categories?post=49470"},{"taxonomy":"post_tag","embeddable":true,"href":"https:\/\/enolife.com.ar\/es\/wp-json\/wp\/v2\/tags?post=49470"}],"curies":[{"name":"wp","href":"https:\/\/api.w.org\/{rel}","templated":true}]}}