{"id":49453,"date":"2021-11-30T16:01:44","date_gmt":"2021-11-30T16:01:44","guid":{"rendered":"http:\/\/enolife.com.ar\/es\/?p=49453"},"modified":"2021-12-02T18:02:26","modified_gmt":"2021-12-02T18:02:26","slug":"navarro-correas-presento-los-vinos-de-alta-gama-obra-de-su-enologa-estrella-alejandra-riofrio","status":"publish","type":"post","link":"https:\/\/enolife.com.ar\/es\/navarro-correas-presento-los-vinos-de-alta-gama-obra-de-su-enologa-estrella-alejandra-riofrio\/","title":{"rendered":"Navarro Correas present\u00f3 los vinos de alta gama obra de su en\u00f3loga estrella Alejandra Riofr\u00edo"},"content":{"rendered":"\n<h4 class=\"wp-block-heading\"><em><strong>La tradicional marca mendocina, adquirida por el Grupo Pe\u00f1aflor en noviembre de 2015, con fincas y plantas en Godoy Cruz y Luj\u00e1n, Mendoza, recibi\u00f3 en su bodega de Agrelo a periodistas, empresarios y amigos de la casa, para poner en escena su colecci\u00f3n de vinos tranquilos premium, que ya se exportan a unos 50 pa\u00edses de todo el mundo. La empresa, que posicion\u00f3 su espumoso extra brut como n\u00famero 1 de Argentina durante largos a\u00f1os, hoy renueva su portfolio con los notables Selecci\u00f3n del En\u00f3logo (en este caso en\u00f3loga), Alegor\u00eda y Structura, m\u00e1s el formidable Juan de Dios y los cl\u00e1sicos espumantes.<\/strong><\/em><strong>   <\/strong><\/h4>\n\n\n\n<div style=\"height:30px\" aria-hidden=\"true\" class=\"wp-block-spacer\"><\/div>\n\n\n<a href=\"https:\/\/laffort.com\/es\/\" aria-label=\"BANNER 1700X500 LAFFORT ZYMAFLORE\"><img loading=\"lazy\" decoding=\"async\" src=\"https:\/\/enolife.com.ar\/es\/wp-content\/uploads\/2021\/05\/BANNER-1700X500-LAFFORT-ZYMAFLORE.jpg\" alt=\"\"  srcset=\"https:\/\/enolife.com.ar\/es\/wp-content\/uploads\/2021\/05\/BANNER-1700X500-LAFFORT-ZYMAFLORE.jpg 1700w, https:\/\/enolife.com.ar\/es\/wp-content\/uploads\/2021\/05\/BANNER-1700X500-LAFFORT-ZYMAFLORE-300x88.jpg 300w, https:\/\/enolife.com.ar\/es\/wp-content\/uploads\/2021\/05\/BANNER-1700X500-LAFFORT-ZYMAFLORE-1024x301.jpg 1024w, https:\/\/enolife.com.ar\/es\/wp-content\/uploads\/2021\/05\/BANNER-1700X500-LAFFORT-ZYMAFLORE-768x226.jpg 768w, https:\/\/enolife.com.ar\/es\/wp-content\/uploads\/2021\/05\/BANNER-1700X500-LAFFORT-ZYMAFLORE-1536x452.jpg 1536w, https:\/\/enolife.com.ar\/es\/wp-content\/uploads\/2021\/05\/BANNER-1700X500-LAFFORT-ZYMAFLORE-1170x344.jpg 1170w, https:\/\/enolife.com.ar\/es\/wp-content\/uploads\/2021\/05\/BANNER-1700X500-LAFFORT-ZYMAFLORE-585x172.jpg 585w\" sizes=\"auto, (max-width: 1700px) 100vw, 1700px\" width=\"1700\" height=\"500\"   \/><\/a>\n\n\n<div style=\"height:45px\" aria-hidden=\"true\" class=\"wp-block-spacer\"><\/div>\n\n\n\n<p><strong>Navarro Correas<\/strong> es una marca t\u00edpicamente mendocina, s\u00edmbolo de tradici\u00f3n y calidad. Todos los bebedores lugare\u00f1os lo sabemos. Desde su adquisici\u00f3n por el <strong>Grupo Pe\u00f1aflor<\/strong> de la familia <strong>Bemberg<\/strong> a fines de 2015, la Bodega no s\u00f3lo recuper\u00f3 terreno en el mercado argentino sino que ampli\u00f3 su cartera de clientes a nivel global, colocando sus vinos y la imagen Mendoza en alrededor de 50 pa\u00edses.<\/p>\n\n\n\n<p>Para este reposicionamiento de la marca que constituye un orgullo mendocino, ha sido clave el trabajo de todo el personal de la bodega y del Grupo, desde el primer operario hasta el m\u00e1s encumbrado gerente. Y en esta nota queremos destacar especialmente el rol de la jefa de Enolog\u00eda de Navarro Correas, <strong>Alejandra Riofr\u00edo<\/strong>, y del gerente de Relaciones Institucionales de Pe\u00f1aflor, <strong>Juan Schamber<\/strong>, amable anfitri\u00f3n en la puesta en escena de los vinos y espumante en la <strong>Finca Agrelo.<\/strong><\/p>\n\n\n\n<div style=\"height:20px\" aria-hidden=\"true\" class=\"wp-block-spacer\"><\/div>\n\n\n\n<div class=\"wp-block-image\"><figure class=\"aligncenter size-large is-resized\"><img loading=\"lazy\" decoding=\"async\" src=\"https:\/\/enolife.com.ar\/es\/wp-content\/uploads\/2021\/11\/SOCIAL-1024x683.jpg\" alt=\"\" class=\"wp-image-49625\" width=\"665\" height=\"442\" srcset=\"https:\/\/enolife.com.ar\/es\/wp-content\/uploads\/2021\/11\/SOCIAL-300x200.jpg 300w, https:\/\/enolife.com.ar\/es\/wp-content\/uploads\/2021\/11\/SOCIAL-768x512.jpg 768w, https:\/\/enolife.com.ar\/es\/wp-content\/uploads\/2021\/11\/SOCIAL-585x390.jpg 585w, https:\/\/enolife.com.ar\/es\/wp-content\/uploads\/2021\/11\/SOCIAL.jpg 1080w\" sizes=\"auto, (max-width: 665px) 100vw, 665px\" \/><figcaption><em><strong>Un atardecer en la bodega Navarro Correas durante la presentaci\u00f3n de los vinos<\/strong><\/em><\/figcaption><\/figure><\/div>\n\n\n\n<div style=\"height:20px\" aria-hidden=\"true\" class=\"wp-block-spacer\"><\/div>\n\n\n\n<p><strong>Bodega Navarro Correas<\/strong>, con sus l\u00edneas de vinos y espumantes, son una referencia en el mercado argentino. Varias generaciones han podido disfrutar de sus vinos, que junto a otras ilustres marcas han conformado la cultura vitivin\u00edcola de nuestro pa\u00eds.<\/p>\n\n\n\n<div style=\"height:20px\" aria-hidden=\"true\" class=\"wp-block-spacer\"><\/div>\n\n\n\n<div class=\"wp-block-image\"><figure class=\"aligncenter size-large is-resized\"><img loading=\"lazy\" decoding=\"async\" src=\"https:\/\/enolife.com.ar\/es\/wp-content\/uploads\/2021\/11\/NC-2-1024x683.jpg\" alt=\"\" class=\"wp-image-49648\" width=\"594\" height=\"395\" srcset=\"https:\/\/enolife.com.ar\/es\/wp-content\/uploads\/2021\/11\/NC-2-1024x683.jpg 1024w, https:\/\/enolife.com.ar\/es\/wp-content\/uploads\/2021\/11\/NC-2-300x200.jpg 300w, https:\/\/enolife.com.ar\/es\/wp-content\/uploads\/2021\/11\/NC-2-768x512.jpg 768w, https:\/\/enolife.com.ar\/es\/wp-content\/uploads\/2021\/11\/NC-2-585x390.jpg 585w, https:\/\/enolife.com.ar\/es\/wp-content\/uploads\/2021\/11\/NC-2.jpg 1080w\" sizes=\"auto, (max-width: 594px) 100vw, 594px\" \/><figcaption><em><strong>La bodega de Agrelo<\/strong><\/em><\/figcaption><\/figure><\/div>\n\n\n\n<div style=\"height:20px\" aria-hidden=\"true\" class=\"wp-block-spacer\"><\/div>\n\n\n\n<p>Hoy, Navarro Correas, en su finca y bodega ubicadas en Agrelo, Luj\u00e1n de Cuyo, presenta sus nuevos proyectos para mantener el posicionamiento y el prestigio que ha ganado en d\u00e9cadas de pasi\u00f3n por el vino. En la presentaci\u00f3n del pasado jueves 25 de noviembre, todo el equipo de la bodega estuvo comunicando los detalles del relanzamiento y guiando a periodistas, empresarios y amigos por las instalaciones del lugar.<\/p>\n\n\n\n<p>Tras la recorrida, los asistentes pudieron disfrutar los \u00abvinazos\u00bb de la bodega (ver recuadro aparte) y de las verduras y carnes asadas en el lugar por el destacado chef y empresario gastron\u00f3mico mendocino <strong>Lucas Bustos<\/strong>. <\/p>\n\n\n\n<div style=\"height:20px\" aria-hidden=\"true\" class=\"wp-block-spacer\"><\/div>\n\n\n\n<p class=\"has-medium-font-size\"><strong>Mano, paladar y talento de una creadora<\/strong> <\/p>\n\n\n\n<div class=\"wp-block-image\"><figure class=\"alignleft size-large is-resized\"><img loading=\"lazy\" decoding=\"async\" src=\"https:\/\/enolife.com.ar\/es\/wp-content\/uploads\/2021\/11\/ALE-VINO.jpg\" alt=\"\" class=\"wp-image-49626\" width=\"203\" height=\"284\" srcset=\"https:\/\/enolife.com.ar\/es\/wp-content\/uploads\/2021\/11\/ALE-VINO.jpg 514w, https:\/\/enolife.com.ar\/es\/wp-content\/uploads\/2021\/11\/ALE-VINO-214x300.jpg 214w\" sizes=\"auto, (max-width: 203px) 100vw, 203px\" \/><figcaption><strong>Alejandra Riofr\u00edo<\/strong><\/figcaption><\/figure><\/div>\n\n\n\n<p>La direcci\u00f3n enol\u00f3gica de a bodega est\u00e1 a cargo de <strong>Alejandra Riofr\u00edo<\/strong>, quien tiene una importante trayectoria en la empresa y otorga su impronta \u00fanica a cada uno de los vinos de <strong>Navarro Correas.<\/strong><\/p>\n\n\n\n<p>As\u00ed describe su labor la especialista, integrante del Club de Mujeres Profesionales del Vino de Argentina: \u00abHemos ido trabajando los vinos para que se ajusten al paladar actual, con las t\u00e9cnicas modernas de vinificaci\u00f3n y con el desarrollo de terru\u00f1os que tenemos en estos d\u00edas. Hoy, la premisa que tenemos es continuar el legado de una gran marca argentina, pero no quedarnos en la historia. Seguir para adelante y poder captar nuevos consumidores, m\u00e1s j\u00f3venes, con las transformaciones que estamos haciendo en los vinos\u00bb.<\/p>\n\n\n\n<blockquote class=\"wp-block-quote is-layout-flow wp-block-quote-is-layout-flow\"><p>Estoy supercontenta, no s\u00f3lo por la trayectoria que tiene Navarro Correas sino por todo el camino que tenemos por delante para construir\u00bb.<\/p><cite>Alejandra Riofr\u00edo, jefa de Enolog\u00eda de Navarro Correas<\/cite><\/blockquote>\n\n\n\n<div style=\"height:20px\" aria-hidden=\"true\" class=\"wp-block-spacer\"><\/div>\n\n\n\n<p>Uno de los productos estrella de <strong>Navarro Correas <\/strong>son los espumantes, que durante a\u00f1os se han ubicado como los m\u00e1s elegidos del segmento entre los consumidores argentinos. Al respecto, Riofr\u00edo se\u00f1al\u00f3: \u00abNuestro Extra Brut fue n\u00famero uno en el mercado y queremos seguir en ese camino, potenciando las caracter\u00edsticas particulares que tiene el espumante en Argentina, con esa estructura y a la vez frescura, que lo vuelve tan atractivo\u00bb.<\/p>\n\n\n\n<div style=\"height:20px\" aria-hidden=\"true\" class=\"wp-block-spacer\"><\/div>\n\n\n\n<div style=\"height:20px\" aria-hidden=\"true\" class=\"wp-block-spacer\"><\/div>\n\n\n\n<h4 class=\"has-vivid-red-color has-text-color wp-block-heading\"><strong>Navarro Correas<\/strong> exporta a unos 50 pa\u00edses de los 5 continentes, con fuerte presencia en Am\u00e9rica Latina, sobre todo en Per\u00fa y Brasil, y con fuertes perspectivas de crecimiento en Gran Breta\u00f1a.<\/h4>\n\n\n\n<div style=\"height:20px\" aria-hidden=\"true\" class=\"wp-block-spacer\"><\/div>\n\n\n\n<p>\u00abEstoy supercontenta, fue un sue\u00f1o cumplido cuando me ofrecieron estar al frente de esta gran marca&#8230; No s\u00f3lo por la trayectoria que tiene <strong>Navarro Correas<\/strong>, sino por todo el camino que tenemos para construir\u00bb, finaliz\u00f3 Riofr\u00edo.<\/p>\n\n\n\n<div style=\"height:27px\" aria-hidden=\"true\" class=\"wp-block-spacer\"><\/div>\n\n\n\n<figure class=\"wp-block-gallery alignleft columns-3 is-cropped wp-block-gallery-1 is-layout-flex wp-block-gallery-is-layout-flex\"><ul class=\"blocks-gallery-grid\"><li class=\"blocks-gallery-item\"><figure><img loading=\"lazy\" decoding=\"async\" width=\"115\" height=\"300\" src=\"https:\/\/enolife.com.ar\/es\/wp-content\/uploads\/2021\/11\/semalbec-2.png\" alt=\"\" data-id=\"49636\" data-link=\"https:\/\/enolife.com.ar\/es\/?attachment_id=49636\" class=\"wp-image-49636\"\/><\/figure><\/li><li class=\"blocks-gallery-item\"><figure><img loading=\"lazy\" decoding=\"async\" width=\"115\" height=\"300\" src=\"https:\/\/enolife.com.ar\/es\/wp-content\/uploads\/2021\/11\/segrandassemblage-1-2.png\" alt=\"\" data-id=\"49637\" data-link=\"https:\/\/enolife.com.ar\/es\/?attachment_id=49637\" class=\"wp-image-49637\"\/><\/figure><\/li><li class=\"blocks-gallery-item\"><figure><img loading=\"lazy\" decoding=\"async\" width=\"115\" height=\"300\" src=\"https:\/\/enolife.com.ar\/es\/wp-content\/uploads\/2021\/11\/alecavernet-1.png\" alt=\"\" data-id=\"49638\" data-full-url=\"https:\/\/enolife.com.ar\/es\/wp-content\/uploads\/2021\/11\/alecavernet-1.png\" data-link=\"https:\/\/enolife.com.ar\/es\/?attachment_id=49638\" class=\"wp-image-49638\"\/><\/figure><\/li><\/ul><\/figure>\n\n\n\n<p class=\"has-background has-pale-pink-background-color\"><strong>La familia de vinos premium Navarro Correas<\/strong><br><br><strong>Navarro Correas Alegor\u00eda<\/strong> ($1.794)<br><strong>Navarro Correas Selecci\u00f3n del En\u00f3logo<\/strong> ($2.686)<br><strong>Navarro Correas Structura<\/strong> ($4.120)<br><strong>Juan de Dios<\/strong> ($5.149).<\/p>\n\n\n\n<div style=\"height:20px\" aria-hidden=\"true\" class=\"wp-block-spacer\"><\/div>\n\n\n\n<div class=\"wp-block-image\"><figure class=\"alignleft size-large is-resized\"><img loading=\"lazy\" decoding=\"async\" src=\"https:\/\/enolife.com.ar\/es\/wp-content\/uploads\/2021\/11\/enologa.jpg\" alt=\"\" class=\"wp-image-49642\" width=\"222\" height=\"295\" srcset=\"https:\/\/enolife.com.ar\/es\/wp-content\/uploads\/2021\/11\/enologa.jpg 540w, https:\/\/enolife.com.ar\/es\/wp-content\/uploads\/2021\/11\/enologa-225x300.jpg 225w\" sizes=\"auto, (max-width: 222px) 100vw, 222px\" \/><\/figure><\/div>\n\n\n\n<p>Durante la cata de la nueva l\u00ednea de vinos, una de las periodistas presentes, de nuestro diario <strong>Enolife<\/strong>, sugiri\u00b4\u00f3 que la etiqueta \u00abSelecci\u00f3n del En\u00f3logo\u00bb, que nombra a la partida \u00fanica del <strong>Grand Assemblage cosecha 2015<\/strong>, bien podr\u00eda llamarse \u00abSelecci\u00f3n de la En\u00f3loga\u00bb, no por una \u00abcuesti\u00f3n de g\u00e9nero\u00bb sino para poner en valor el notable trabajo de Riofr\u00edo, justamente la <em>winemaker<\/em> que realiz\u00f3 la selecci\u00f3n. <\/p>\n\n\n\n<p>Tras cosechar aplausos, la recomendaci\u00f3n de Enolife fue recogida por <strong>Juan Schamber<\/strong>, gerente de Relaciones Institucionales de Pe\u00f1aflor, quien anticip\u00f3 que la empresa considerar\u00e1 la modificaci\u00f3n en el nombre de la etiqueta para el caso de esta singular colecci\u00f3n. As\u00ed, se destacar\u00eda un hecho significativo para toda la industria, que es la creciente participaci\u00f3n de las mujeres en el mundo del vino.<\/p>\n\n\n\n<div style=\"height:33px\" aria-hidden=\"true\" class=\"wp-block-spacer\"><\/div>\n","protected":false},"excerpt":{"rendered":"<p>La tradicional marca mendocina, adquirida por el Grupo Pe\u00f1aflor en noviembre de 2015, con fincas&hellip;<\/p>\n","protected":false},"author":3,"featured_media":49653,"comment_status":"open","ping_status":"open","sticky":false,"template":"","format":"standard","meta":{"footnotes":""},"categories":[7,14],"tags":[],"class_list":["post-49453","post","type-post","status-publish","format-standard","has-post-thumbnail","hentry","category-vino","category-news"],"_links":{"self":[{"href":"https:\/\/enolife.com.ar\/es\/wp-json\/wp\/v2\/posts\/49453","targetHints":{"allow":["GET"]}}],"collection":[{"href":"https:\/\/enolife.com.ar\/es\/wp-json\/wp\/v2\/posts"}],"about":[{"href":"https:\/\/enolife.com.ar\/es\/wp-json\/wp\/v2\/types\/post"}],"author":[{"embeddable":true,"href":"https:\/\/enolife.com.ar\/es\/wp-json\/wp\/v2\/users\/3"}],"replies":[{"embeddable":true,"href":"https:\/\/enolife.com.ar\/es\/wp-json\/wp\/v2\/comments?post=49453"}],"version-history":[{"count":0,"href":"https:\/\/enolife.com.ar\/es\/wp-json\/wp\/v2\/posts\/49453\/revisions"}],"wp:featuredmedia":[{"embeddable":true,"href":"https:\/\/enolife.com.ar\/es\/wp-json\/wp\/v2\/media\/49653"}],"wp:attachment":[{"href":"https:\/\/enolife.com.ar\/es\/wp-json\/wp\/v2\/media?parent=49453"}],"wp:term":[{"taxonomy":"category","embeddable":true,"href":"https:\/\/enolife.com.ar\/es\/wp-json\/wp\/v2\/categories?post=49453"},{"taxonomy":"post_tag","embeddable":true,"href":"https:\/\/enolife.com.ar\/es\/wp-json\/wp\/v2\/tags?post=49453"}],"curies":[{"name":"wp","href":"https:\/\/api.w.org\/{rel}","templated":true}]}}