{"id":49311,"date":"2021-11-27T16:24:54","date_gmt":"2021-11-27T16:24:54","guid":{"rendered":"http:\/\/enolife.com.ar\/es\/?p=49311"},"modified":"2021-11-30T16:02:32","modified_gmt":"2021-11-30T16:02:32","slug":"modelo-de-negocio-bodega-alvearense-vendio-45-900-vinos-a-brasil-tras-una-ronda-virtual-de-promendoza","status":"publish","type":"post","link":"https:\/\/enolife.com.ar\/es\/modelo-de-negocio-bodega-alvearense-vendio-45-900-vinos-a-brasil-tras-una-ronda-virtual-de-promendoza\/","title":{"rendered":"Modelo de negocio: bodega alvearense vendi\u00f3 45.900 vinos a Brasil tras una ronda virtual de ProMendoza"},"content":{"rendered":"\n<div style=\"height:31px\" aria-hidden=\"true\" class=\"wp-block-spacer\"><\/div>\n\n\n\n<h4 class=\"wp-block-heading\"><em><strong>La tradicional bodega La Regional, de General Alvear, Mendoza, fundada en 1952, vendi\u00f3 51 pallets (45.900 botellas) a mayoristas de Brasil de su vino de entrada de gama \u00abLa C\u00e1tedra\u00bb, a un precio que oscila entre 1,25 y 1,45 d\u00f3lares la unidad. La operaci\u00f3n fue el resultado de una de las rondas de negocios virtuales organizadas por la agencia de promoci\u00f3n de exportaciones de la provincia, ProMendoza, en el mes de abril pasado. En total, se presentaron 60 etiquetas de 13 bodegas locales ante 36 importadores de 9 estados brasile\u00f1os.<\/strong><\/em><\/h4>\n\n\n\n<div style=\"height:33px\" aria-hidden=\"true\" class=\"wp-block-spacer\"><\/div>\n\n\n\n\n\n<div style=\"height:46px\" aria-hidden=\"true\" class=\"wp-block-spacer\"><\/div>\n\n\n\n<p>A partir de una alianza entre ProMendoza y la empresa de comercio exterior brasilera Satori Ltda, del 12 de abril al 3 de mayo 2021, la agencia de promoci\u00f3n de exportaciones de la provincia realiz\u00f3 una ronda de negocios en la que se presentaron 60 etiquetas de 13 bodegas mendocinas ante 36 importadores de 9 estados brasile\u00f1os.<\/p>\n\n\n\n<div style=\"height:20px\" aria-hidden=\"true\" class=\"wp-block-spacer\"><\/div>\n\n\n\n<p class=\"has-background has-very-light-gray-background-color\"><strong>Ver nota Enolife del 12\/4\/21:  <a href=\"https:\/\/enolife.com.ar\/es\/promendoza-gestiono-480-reuniones-en-22-dias-entre-bodegas-mendocinas-y-compradores-de-brasil\/\">ProMendoza gestion\u00f3 480 reuniones en 22 d\u00edas entre bodegas mendocinas y compradores de Brasil<\/a><\/strong><\/p>\n\n\n\n<div style=\"height:20px\" aria-hidden=\"true\" class=\"wp-block-spacer\"><\/div>\n\n\n\n<p>Como resultado de una de estas reuniones virtuales, La Regional vendi\u00f3 51 palets de vinos. Al respecto, <strong>Fabricio Gomila, gerente de ventas de la bodega<\/strong>, cont\u00f3: <em>\u00abHicimos 45 entrevistas con compradores de distintos segmentos, y hoy podemos anunciar que tenemos cuatro operaciones cerradas a trav\u00e9s de Satori Trading\u00bb.<\/em><\/p>\n\n\n\n<p>Y continu\u00f3: <em>\u00abHemos vendido 45.900 botellas de &#8216;La C\u00e1tedra&#8217;, que es nuestro vino de entrada de gama, cuyo precio oscila entre 1,25 a 1,45 d\u00f3lares la unidad. Estamos enviando la primera carga y en los pr\u00f3ximos d\u00edas saldr\u00e1n tres cargas m\u00e1s, con varietales como malbec, cabernet, cosecha tard\u00eda y ros\u00e9 tard\u00edo\u00bb.<\/em><\/p>\n\n\n\n<div style=\"height:20px\" aria-hidden=\"true\" class=\"wp-block-spacer\"><\/div>\n\n\n\n<h4 class=\"has-vivid-red-color has-text-color wp-block-heading\"><strong>Satori Ltda opera una terminal portuaria en Itaja\u00ed (Santa Catarina, Brasil) con m\u00e1s de 75.000 m2 de dep\u00f3sitos fiscales. <\/strong><\/h4>\n\n\n\n<div style=\"height:20px\" aria-hidden=\"true\" class=\"wp-block-spacer\"><\/div>\n\n\n\n<p><strong>Leandro Guidarelli, gerente general de la bodega alvearense<\/strong>, coment\u00f3: <em>\u00abHa sido muy complejo el ingreso de vinos a Brasil, por los tr\u00e1mites, la legislaci\u00f3n vigente tanto en el pa\u00eds vecino como en el nuestro, y el acompa\u00f1amiento de ProMendoza y de Satori Trading fue fundamental para concretar la exportaci\u00f3n. Este es el tipo de Estado que necesitamos, un Estado \u00e1gil que a trav\u00e9s de organizaciones mixtas como ProMendoza ayude a las empresas a alcanzar sus objetivos\u00bb.<\/em><\/p>\n\n\n\n<p>Tanto Guidarelli como Gomila se plantearon hace un par de a\u00f1os el desaf\u00edo de seguir consolidando el mercado interno, pero adem\u00e1s lograr ventas en el exterior. Es as\u00ed que lograron vender 14 contenedores a Ecuador, m\u00e1s algunas experiencias de negocios de China y Per\u00fa. Sin embargo, con Brasil, las acciones comerciales podr\u00edan ser m\u00e1s constantes, ya que \u00ab<em>la idea es tener vinos permanentes en el&nbsp;hub&nbsp;de Itaja\u00ed, para atender todas las oportunidades de ventas que se presenten<\/em>\u00ab, explic\u00f3 Gomila.<\/p>\n\n\n\n<div style=\"height:20px\" aria-hidden=\"true\" class=\"wp-block-spacer\"><\/div>\n\n\n\n<p class=\"has-medium-font-size\"><strong>Bodega La Regional<\/strong><\/p>\n\n\n\n<p>La Regional tiene 69 a\u00f1os y actualmente cuenta con 100 socios activos en General Alvear. Elabora vinos y fracciona alrededor de 350.000 litros mensuales en todo tipo de envases: damajuana, tetrabrik y botella.<\/p>\n\n\n\n<div style=\"height:20px\" aria-hidden=\"true\" class=\"wp-block-spacer\"><\/div>\n\n\n\n<div class=\"wp-block-image\"><figure class=\"aligncenter size-large\"><img loading=\"lazy\" decoding=\"async\" width=\"1024\" height=\"682\" src=\"https:\/\/enolife.com.ar\/es\/wp-content\/uploads\/2021\/11\/coop-gral-alvear-bodega-la-regional-1024x682.jpeg\" alt=\"\" class=\"wp-image-49434\" srcset=\"https:\/\/enolife.com.ar\/es\/wp-content\/uploads\/2021\/11\/coop-gral-alvear-bodega-la-regional-1024x682.jpeg 1024w, https:\/\/enolife.com.ar\/es\/wp-content\/uploads\/2021\/11\/coop-gral-alvear-bodega-la-regional-300x200.jpeg 300w, https:\/\/enolife.com.ar\/es\/wp-content\/uploads\/2021\/11\/coop-gral-alvear-bodega-la-regional-768x512.jpeg 768w, https:\/\/enolife.com.ar\/es\/wp-content\/uploads\/2021\/11\/coop-gral-alvear-bodega-la-regional-1170x780.jpeg 1170w, https:\/\/enolife.com.ar\/es\/wp-content\/uploads\/2021\/11\/coop-gral-alvear-bodega-la-regional-585x390.jpeg 585w, https:\/\/enolife.com.ar\/es\/wp-content\/uploads\/2021\/11\/coop-gral-alvear-bodega-la-regional.jpeg 1280w\" sizes=\"auto, (max-width: 1024px) 100vw, 1024px\" \/><figcaption><strong><em>La tradicional bodega alvearense<\/em>.<\/strong> <\/figcaption><\/figure><\/div>\n\n\n\n<div style=\"height:20px\" aria-hidden=\"true\" class=\"wp-block-spacer\"><\/div>\n\n\n\n<p>Posee vinos de todas las gamas. Adem\u00e1s del ya mencionado \u00abLa C\u00e1tedra\u00bb, tambi\u00e9n elabora un vino de alta gama llamado \u00ab50 a\u00f1os\u00bb, en homenaje a ese significativo aniversario de la cooperativa. Los varietales elaborados son malbec, cabernet sauvignon y bonarda roble, y tambi\u00e9n chenin, dulce natural y ros\u00e9.<\/p>\n\n\n\n<div style=\"height:20px\" aria-hidden=\"true\" class=\"wp-block-spacer\"><\/div>\n\n\n\n<figure class=\"wp-block-gallery aligncenter columns-2 is-cropped wp-block-gallery-1 is-layout-flex wp-block-gallery-is-layout-flex\"><ul class=\"blocks-gallery-grid\"><li class=\"blocks-gallery-item\"><figure><img loading=\"lazy\" decoding=\"async\" width=\"400\" height=\"400\" src=\"https:\/\/enolife.com.ar\/es\/wp-content\/uploads\/2021\/11\/menu-50anos.jpg\" alt=\"\" data-id=\"49439\" class=\"wp-image-49439\" srcset=\"https:\/\/enolife.com.ar\/es\/wp-content\/uploads\/2021\/11\/menu-50anos.jpg 400w, https:\/\/enolife.com.ar\/es\/wp-content\/uploads\/2021\/11\/menu-50anos-300x300.jpg 300w, https:\/\/enolife.com.ar\/es\/wp-content\/uploads\/2021\/11\/menu-50anos-150x150.jpg 150w\" sizes=\"auto, (max-width: 400px) 100vw, 400px\" \/><\/figure><\/li><li class=\"blocks-gallery-item\"><figure><img loading=\"lazy\" decoding=\"async\" width=\"396\" height=\"500\" src=\"https:\/\/enolife.com.ar\/es\/wp-content\/uploads\/2021\/11\/79164576_2535227699923268_8333620281033621504_n.jpg\" alt=\"\" data-id=\"49443\" data-full-url=\"https:\/\/enolife.com.ar\/es\/wp-content\/uploads\/2021\/11\/79164576_2535227699923268_8333620281033621504_n.jpg\" data-link=\"https:\/\/enolife.com.ar\/es\/?attachment_id=49443\" class=\"wp-image-49443\" srcset=\"https:\/\/enolife.com.ar\/es\/wp-content\/uploads\/2021\/11\/79164576_2535227699923268_8333620281033621504_n.jpg 396w, https:\/\/enolife.com.ar\/es\/wp-content\/uploads\/2021\/11\/79164576_2535227699923268_8333620281033621504_n-238x300.jpg 238w\" sizes=\"auto, (max-width: 396px) 100vw, 396px\" \/><\/figure><\/li><\/ul><\/figure>\n\n\n\n<div style=\"height:20px\" aria-hidden=\"true\" class=\"wp-block-spacer\"><\/div>\n\n\n\n<p>En el mercado interno la bodega posee dos etiquetas para damajuana y tetrabrik: Paso Ancho (rosado) y Vinculador (tinto, blanco y rosado).<\/p>\n\n\n\n<div style=\"height:20px\" aria-hidden=\"true\" class=\"wp-block-spacer\"><\/div>\n\n\n\n<figure class=\"wp-block-gallery aligncenter columns-2 is-cropped wp-block-gallery-2 is-layout-flex wp-block-gallery-is-layout-flex\"><ul class=\"blocks-gallery-grid\"><li class=\"blocks-gallery-item\"><figure><img loading=\"lazy\" decoding=\"async\" width=\"400\" height=\"400\" src=\"https:\/\/enolife.com.ar\/es\/wp-content\/uploads\/2021\/11\/menu-pasoancho.jpg\" alt=\"\" data-id=\"49436\" class=\"wp-image-49436\" srcset=\"https:\/\/enolife.com.ar\/es\/wp-content\/uploads\/2021\/11\/menu-pasoancho.jpg 400w, https:\/\/enolife.com.ar\/es\/wp-content\/uploads\/2021\/11\/menu-pasoancho-300x300.jpg 300w, https:\/\/enolife.com.ar\/es\/wp-content\/uploads\/2021\/11\/menu-pasoancho-150x150.jpg 150w\" sizes=\"auto, (max-width: 400px) 100vw, 400px\" \/><\/figure><\/li><li class=\"blocks-gallery-item\"><figure><img loading=\"lazy\" decoding=\"async\" width=\"400\" height=\"400\" src=\"https:\/\/enolife.com.ar\/es\/wp-content\/uploads\/2021\/11\/menu-vinculador.jpg\" alt=\"\" data-id=\"49437\" data-full-url=\"https:\/\/enolife.com.ar\/es\/wp-content\/uploads\/2021\/11\/menu-vinculador.jpg\" data-link=\"https:\/\/enolife.com.ar\/es\/?attachment_id=49437\" class=\"wp-image-49437\" srcset=\"https:\/\/enolife.com.ar\/es\/wp-content\/uploads\/2021\/11\/menu-vinculador.jpg 400w, https:\/\/enolife.com.ar\/es\/wp-content\/uploads\/2021\/11\/menu-vinculador-300x300.jpg 300w, https:\/\/enolife.com.ar\/es\/wp-content\/uploads\/2021\/11\/menu-vinculador-150x150.jpg 150w\" sizes=\"auto, (max-width: 400px) 100vw, 400px\" \/><\/figure><\/li><\/ul><\/figure>\n\n\n\n<div style=\"height:20px\" aria-hidden=\"true\" class=\"wp-block-spacer\"><\/div>\n\n\n\n<p>En botellas de inicio de gama, las marcas son \u00abDuque de Osuna\u00bb (chenin dulce natural, syrah, malbec y cabernet sauvignon) y \u00abSello Azul\u00bb, un vino del tipo \u00abpatero\u00bb elaborado con uvas bonarda, tempranillo y barbera.<\/p>\n\n\n\n<div style=\"height:20px\" aria-hidden=\"true\" class=\"wp-block-spacer\"><\/div>\n\n\n\n<figure class=\"wp-block-gallery aligncenter columns-2 is-cropped wp-block-gallery-3 is-layout-flex wp-block-gallery-is-layout-flex\"><ul class=\"blocks-gallery-grid\"><li class=\"blocks-gallery-item\"><figure><img loading=\"lazy\" decoding=\"async\" width=\"400\" height=\"400\" src=\"https:\/\/enolife.com.ar\/es\/wp-content\/uploads\/2021\/11\/menu-sello-azul.jpg\" alt=\"\" data-id=\"49441\" data-full-url=\"https:\/\/enolife.com.ar\/es\/wp-content\/uploads\/2021\/11\/menu-sello-azul.jpg\" data-link=\"https:\/\/enolife.com.ar\/es\/?attachment_id=49441\" class=\"wp-image-49441\" srcset=\"https:\/\/enolife.com.ar\/es\/wp-content\/uploads\/2021\/11\/menu-sello-azul.jpg 400w, https:\/\/enolife.com.ar\/es\/wp-content\/uploads\/2021\/11\/menu-sello-azul-300x300.jpg 300w, https:\/\/enolife.com.ar\/es\/wp-content\/uploads\/2021\/11\/menu-sello-azul-150x150.jpg 150w\" sizes=\"auto, (max-width: 400px) 100vw, 400px\" \/><\/figure><\/li><li class=\"blocks-gallery-item\"><figure><img loading=\"lazy\" decoding=\"async\" width=\"400\" height=\"400\" src=\"https:\/\/enolife.com.ar\/es\/wp-content\/uploads\/2021\/11\/menu-duque-white.jpg\" alt=\"\" data-id=\"49440\" class=\"wp-image-49440\" srcset=\"https:\/\/enolife.com.ar\/es\/wp-content\/uploads\/2021\/11\/menu-duque-white.jpg 400w, https:\/\/enolife.com.ar\/es\/wp-content\/uploads\/2021\/11\/menu-duque-white-300x300.jpg 300w, https:\/\/enolife.com.ar\/es\/wp-content\/uploads\/2021\/11\/menu-duque-white-150x150.jpg 150w\" sizes=\"auto, (max-width: 400px) 100vw, 400px\" \/><\/figure><\/li><\/ul><\/figure>\n\n\n\n<div style=\"height:20px\" aria-hidden=\"true\" class=\"wp-block-spacer\"><\/div>\n\n\n\n<p>Como parte de la consolidaci\u00f3n de las ventas en la Argentina, La Regional desarroll\u00f3 un sistema que demostr\u00f3 eficacia: reparten con camiones los pedidos por pallet a domicilio en el interior de Buenos Aires, La Pampa y C\u00f3rdoba, ofreciendo un servicio diferenciador y atendiendo un nicho de ventas descuidado por algunos competidores.<\/p>\n\n\n\n<div style=\"height:31px\" aria-hidden=\"true\" class=\"wp-block-spacer\"><\/div>\n","protected":false},"excerpt":{"rendered":"<p>La tradicional bodega La Regional, de General Alvear, Mendoza, fundada en 1952, vendi\u00f3 51 pallets&hellip;<\/p>\n","protected":false},"author":3,"featured_media":49449,"comment_status":"open","ping_status":"open","sticky":false,"template":"","format":"standard","meta":{"footnotes":""},"categories":[9],"tags":[],"class_list":["post-49311","post","type-post","status-publish","format-standard","has-post-thumbnail","hentry","category-negocios"],"_links":{"self":[{"href":"https:\/\/enolife.com.ar\/es\/wp-json\/wp\/v2\/posts\/49311","targetHints":{"allow":["GET"]}}],"collection":[{"href":"https:\/\/enolife.com.ar\/es\/wp-json\/wp\/v2\/posts"}],"about":[{"href":"https:\/\/enolife.com.ar\/es\/wp-json\/wp\/v2\/types\/post"}],"author":[{"embeddable":true,"href":"https:\/\/enolife.com.ar\/es\/wp-json\/wp\/v2\/users\/3"}],"replies":[{"embeddable":true,"href":"https:\/\/enolife.com.ar\/es\/wp-json\/wp\/v2\/comments?post=49311"}],"version-history":[{"count":0,"href":"https:\/\/enolife.com.ar\/es\/wp-json\/wp\/v2\/posts\/49311\/revisions"}],"wp:featuredmedia":[{"embeddable":true,"href":"https:\/\/enolife.com.ar\/es\/wp-json\/wp\/v2\/media\/49449"}],"wp:attachment":[{"href":"https:\/\/enolife.com.ar\/es\/wp-json\/wp\/v2\/media?parent=49311"}],"wp:term":[{"taxonomy":"category","embeddable":true,"href":"https:\/\/enolife.com.ar\/es\/wp-json\/wp\/v2\/categories?post=49311"},{"taxonomy":"post_tag","embeddable":true,"href":"https:\/\/enolife.com.ar\/es\/wp-json\/wp\/v2\/tags?post=49311"}],"curies":[{"name":"wp","href":"https:\/\/api.w.org\/{rel}","templated":true}]}}