{"id":49240,"date":"2021-11-24T14:26:10","date_gmt":"2021-11-24T14:26:10","guid":{"rendered":"http:\/\/enolife.com.ar\/es\/?p=49240"},"modified":"2021-11-25T15:46:48","modified_gmt":"2021-11-25T15:46:48","slug":"uva-uva-hacete-vino-para-mi-el-clip-para-festejar-el-dia-del-vino-argentino-que-une-musica-y-humor","status":"publish","type":"post","link":"https:\/\/enolife.com.ar\/es\/uva-uva-hacete-vino-para-mi-el-clip-para-festejar-el-dia-del-vino-argentino-que-une-musica-y-humor\/","title":{"rendered":"\u00abUva Uva, hacete vino para m\u00ed\u00bb el clip para festejar el D\u00eda del Vino Argentino que une m\u00fasica y humor"},"content":{"rendered":"\n<h4 class=\"wp-block-heading\"><em><strong>Como todos los a\u00f1os, el D\u00eda del Vino Argentino Bebida Nacional se festeja con degustaciones, sunsets, ferias, m\u00fasica, enoturismo y, el clip del d\u00eda, realizado por el Fondo Vitivin\u00edcola. En esta original pieza publicitaria que celebra al vino se unen dos talentos: el actor, m\u00fasico y humorista Agust\u00edn \u00abSoy Rada\u00bb Aristar\u00e1n, y la banda mendocina Gauchito Club. De esta conjunci\u00f3n result\u00f3 \u00abUva, uva\u00bb, versi\u00f3n del tema hom\u00f3nimo de Las Pelotas de 1998, en este caso producido por Gabriel Nazar, rodado en locaciones de Mendoza y dirigido por Alejandro Biondo.<\/strong><\/em><\/h4>\n\n\n\n<div style=\"height:20px\" aria-hidden=\"true\" class=\"wp-block-spacer\"><\/div>\n\n\n\n\n\n<div style=\"height:40px\" aria-hidden=\"true\" class=\"wp-block-spacer\"><\/div>\n\n\n\n<p>La m\u00fasica y el vino, est\u00e1 probado, forman una pareja perfecta a la hora de festejar. Esta vez, el motivo es celebrar este 24 de noviembre el&nbsp;<strong>D\u00eda de la Bebida Nacional<\/strong>&nbsp;y, para ello, el&nbsp;<strong>Fondo Vitivin\u00edcola<\/strong>&nbsp;convoc\u00f3 a la banda mendocina&nbsp;<strong>Gauchito Club<\/strong>&nbsp;para que, junto a&nbsp;<strong>Agust\u00edn \u00abSoy Rada\u00bb Aristar\u00e1n<\/strong>,&nbsp;reversionaran un cl\u00e1sico del rock nacional: \u00abUva Uva Uva\u00bb.<\/p>\n\n\n\n<p>El clip fue rodado en Mendoza con direcci\u00f3n de Alejandro Biondo y realizaci\u00f3n de Buda Casa Productora y cont\u00f3, adem\u00e1s, con dos participaciones especiales, los winemakers&nbsp;<strong>Karim Mussi<\/strong>&nbsp;-autor de los vinos Altocedro, Abras y Alandes, entre otros- y&nbsp;<strong>Andr\u00e9s \u00abMono\u00bb Vignoni<\/strong>, en\u00f3logo de Vi\u00f1a Cobos quien, adem\u00e1s de haber sido reconocido como el \u00abMejor En\u00f3logo Joven\u00bb en 2020, es el autor del vino Tan Solo, de Andr\u00e9s Ciro Mart\u00ednez, ex l\u00edder de Los Piojos. Ambos se sumaron al videoclip, convencidos de que el vino tiene que acercarse al mundo joven sin prejuicios. Por otra parte, la familia de&nbsp;<strong>\u00c1ngel Mendoza<\/strong>&nbsp;tambi\u00e9n aport\u00f3 lo suyo ya que su finca de Lunlunta fue una de las locaciones del clip.<\/p>\n\n\n\n<div style=\"height:20px\" aria-hidden=\"true\" class=\"wp-block-spacer\"><\/div>\n\n\n\n<p class=\"has-medium-font-size\"><strong>Gauchito Club &amp; Soy Rada: talento explosivo<\/strong><\/p>\n\n\n\n<p>Se trata de un periplo que va desde el vi\u00f1edo del aeropuerto de Mendoza -\u00fanica aeroestaci\u00f3n del mundo con una vi\u00f1a de estas dimensiones en su per\u00edmetro, con 3 hect\u00e1reas de emblem\u00e1tico malbec- hasta una finca en Maip\u00fa, para terminar en el Valle de Uco. Soy Rada y los Gauchito Club crearon una versi\u00f3n del tema que muchos conocer\u00e1n por Las Pelotas. Con ese estribillo pegadizo \u00abuva, uva, uva&#8230; hacete vino para m\u00ed\u00bb el tema surfea ritmos de reggae, pop y mel\u00f3dicos con un insert que suena a rap y a malambo sui generis. Todo el tiempo se respira placer, celebraci\u00f3n, encuentro con amigos y la chance de cortar la semana para festejar que el vino nos une.<\/p>\n\n\n\n<p>Gauchito Club y Soy Rada se animaron a crear una nueva letra para este hit en la que expresan con naturalidad lo que representa la cultura del vino:<\/p>\n\n\n\n<p class=\"has-text-align-center\"><em>El vino es la vida<\/em><br><em>El vino es la magia que une Argentina<\/em><br><em>del este al oeste del norte y al sur<\/em><br><em>yo s\u00e9 tomar vino, no tomo yogurt.<\/em><br><br><em>Amigos,&nbsp; familia, riendo, jugando<\/em><br><em>integra lo m\u00edo, va purificando<\/em><br><em>lo tomo con ella si viene a brindar<\/em><br><em>de todo el vino se quiere llenar.<\/em><br><br><em>La tierra es m\u00e1s linda, la noche es m\u00e1s pura<\/em><br><em>el vino argentino es trabajo y cultura.<\/em><br><br><em>Lo tomo despacio<\/em><br><em>me hamaco en la copa<\/em><br><em>me entrego a tus pies y te tengo en mi boca.<\/em><\/p>\n\n\n\n<div style=\"height:20px\" aria-hidden=\"true\" class=\"wp-block-spacer\"><\/div>\n\n\n\n<p>Como cada 24 de noviembre, este clip viene a confirmar que el vino tiene un arraigo especial en la cultura y en la identidad argentina. Y adem\u00e1s, permite mostrar la diversidad de esta bebida, sus diferentes opciones para beberlo y elegirlo en todo momento: solo, con hielo, con soda, en c\u00f3cteles, en ping\u00fcino, en lata, espumante, tinto, rosado, blanco. Hay en este tipo de piezas una definici\u00f3n estrat\u00e9gica que busca descontracturar el consumo del vino, hacerlo cercano, especialmente para los nuevos consumidores que lo eligen sin preconceptos.<\/p>\n\n\n\n<p>El clip se estren\u00f3 hoy en el canal de <strong>Youtube El Vino Nos Une<\/strong>, fue producido por el Fondo Vitivin\u00edcola, con el apoyo de la Corporaci\u00f3n Vitivin\u00edcola Argentina, el Consejo Federal de Inversiones y el Gobierno de Mendoza.<\/p>\n\n\n\n<div style=\"height:53px\" aria-hidden=\"true\" class=\"wp-block-spacer\"><\/div>\n\n\n\n<figure class=\"wp-block-embed-youtube wp-block-embed is-type-video is-provider-youtube wp-embed-aspect-16-9 wp-has-aspect-ratio\"><div class=\"wp-block-embed__wrapper\">\n<iframe loading=\"lazy\" title=\"Uva uva - Soy Rada y Gauchito Club\" width=\"1170\" height=\"658\" src=\"https:\/\/www.youtube.com\/embed\/W6pnKMndcvg?feature=oembed\" frameborder=\"0\" allow=\"accelerometer; autoplay; clipboard-write; encrypted-media; gyroscope; picture-in-picture\" allowfullscreen><\/iframe>\n<\/div><\/figure>\n\n\n\n<div style=\"height:63px\" aria-hidden=\"true\" class=\"wp-block-spacer\"><\/div>\n\n\n\n<p class=\"has-medium-font-size\"><strong>Gauchito Club<\/strong>&nbsp;<\/p>\n\n\n\n<p>Naci\u00f3 en 2015 como una propuesta musical diferente, con letras directas, cotidianas y&nbsp; melod\u00edas pegadizas, la banda mendocina transita por un abanico amplio de estilos que ellos mismos sintetizan como \u00abIndie Tropical\u00bb. Con sonoridades tan diversas como cumbia, salsa, funk, bolero, rock, reggae, hiphop, electr\u00f3nica, indie&nbsp;y&nbsp;flamenco, entre otros, los Gauchito logran reflejar el mensaje de una generaci\u00f3n l\u00facida y libre.<\/p>\n\n\n\n<div style=\"height:20px\" aria-hidden=\"true\" class=\"wp-block-spacer\"><\/div>\n\n\n\n<div class=\"wp-block-image\"><figure class=\"aligncenter is-resized\"><img loading=\"lazy\" decoding=\"async\" src=\"https:\/\/indiehoy.com\/wp-content\/uploads\/2019\/04\/gauchito-club.jpg\" alt=\"Gauchito Club: Nuevo indie tropical desde Mendoza\" width=\"562\" height=\"389\"\/><figcaption><em><strong>Gauchito Club<\/strong><\/em><\/figcaption><\/figure><\/div>\n\n\n\n<div style=\"height:20px\" aria-hidden=\"true\" class=\"wp-block-spacer\"><\/div>\n\n\n\n<p>El resultado es una propuesta musical fresca y genuina que va de lo popular a lo vanguardista. Los Gauchito Club son&nbsp;Gabriel Nazar en voz, guitarra, cuatro venezolano y teclas; Sasha Nazar en voz y guitarra; Juli\u00e1n Bermejo en guitarra el\u00e9ctrica y coros; Nahuel Quimey Chand\u00eda en percusi\u00f3n y coros<br>Ale Rezk en saxo y coros.<\/p>\n\n\n\n<div style=\"height:20px\" aria-hidden=\"true\" class=\"wp-block-spacer\"><\/div>\n\n\n\n<p class=\"has-medium-font-size\"><strong>Agust\u00edn \u00abSoy Rada\u00bb Aristar\u00e1n<\/strong><\/p>\n\n\n\n<div class=\"wp-block-image\"><figure class=\"alignleft is-resized\"><img loading=\"lazy\" decoding=\"async\" src=\"https:\/\/yt3.ggpht.com\/RZTLCxkI3UwVf6W_r8_VDOANEDF0rh4l0z_CimEHb7Hkd2mXjdGHr5r9u5DlmTtan14WuFB1ZXw=s900-c-k-c0x00ffffff-no-rj\" alt=\"Soy Rada - YouTube\" width=\"226\" height=\"226\"\/><figcaption><strong><em>Agust\u00edn \u00abSoy Rada\u00bb Aristar\u00e1n<\/em><\/strong><\/figcaption><\/figure><\/div>\n\n\n\n<p>Es un artista multifac\u00e9tico que se mueve con soltura en los universos audiovisual, musical, teatral y televisivo, es un embajador indiscutido de la comedia, con m\u00e1s de 17 a\u00f1os en la escena central del entretenimiento de Argentina y Latinoam\u00e9rica. Con su proyecto musical \u00abSoy Rada &amp; the Colibriquis\u00bb edit\u00f3 como productor discogr\u00e1fico independiente, cuatro discos en Spotify que ya tienen m\u00e1s de 7.6 M de reproducciones. Su programa de tv digital Radahouse tien m\u00e1s de 9, 5 millones de vistas en YouTube y gan\u00f3 el Martin Fierro Digital en 2019. En septiembre de 2021 Soy Rada lleg\u00f3 a la tele como conductor de Match Game, el programa de juegos que se emite a diario por Canal 13. Sus contenidos en redes llegan a m\u00e1s de 5 millones de seguidores gracias a la versatilidad de su propuesta art\u00edstica.<\/p>\n\n\n\n<div style=\"height:20px\" aria-hidden=\"true\" class=\"wp-block-spacer\"><\/div>\n\n\n\n<p class=\"has-medium-font-size\"><strong>Ficha t\u00e9cnica <\/strong><\/p>\n\n\n\n<ul class=\"wp-block-list\"><li><strong>Int\u00e9rpretes<\/strong>: Gauchito Club y Soy Rada<\/li><li><strong>Realizado por Fondo Vitivin\u00edcola Mendoza,<\/strong> con el apoyo de la Corporaci\u00f3n Vitivin\u00edcola Argentina, el Consejo Federal de Inversiones y el Gobierno de Mendoza<\/li><li><strong>Producci\u00f3n musical:<\/strong> Gabriel Nazar<\/li><li><strong>Dirigido por: <\/strong>Alejandro Biondo<\/li><li><strong>Producci\u00f3n general : <\/strong>Yoyo Sevilla \u2013 Buda Casa Productora<\/li><li><strong>Soy Rada: <\/strong>Agust\u00edn Aristar\u00e1n.<\/li><li><strong>Gauchito Club: <\/strong>Gabriel Nazar, Sasha Nazar, Nahuel Quimey Chand\u00eda, Juli\u00e1n Bermejo y Alejandro Rezk.<\/li><li><strong>M\u00fasicos Invitados: <\/strong>Leonardo Fugy Altavilla y Lucca Beguerie<\/li><li><strong>Bailarines<\/strong>: Lucas Parra Estrella, Mar\u00eda Antonella Rivero Gabrielli , Morena Natividad S\u00e1nchez, Alejandrina Rodr\u00edguez Mallmann, Geraldine Marianela Aciar, Paula Romero, Tatiana Mart\u00ednez Contreras, Luis Martiniano Rodr\u00edguez, Leandro Nicol\u00e1s Tobares.<\/li><li><strong>Extras<\/strong>: Federico Alberto D\u00edaz Bitar, Mauro Agust\u00edn Arancibia Zingaretti, Sof\u00eda Ojeda, Celina Beatriz Caputo, Emiliano Adriel Lucero Asensio, Sinai Benito, Sara Pi\u00f1a Montoya, Mart\u00edn Pons, Marta Edith Mercado, Juana Moreno.<\/li><li><strong>Agradecimientos<\/strong>: Gonzalo Arroyo, Billy \u00c1lvarez, Pocho Rocca, Lupa Pozzo Ardizzi, Wine y Circo Javier Solfanelli, Claudio y Familia, Domaine St. Diego, \u00c1ngel Mendoza, Juan Mendoza, Lucas Mendoza, Laura Mendoza, Andr\u00e9s Mono Vignoni, Karim Mussi, Base de Apoyo Log\u00edstico Mendoza, Teniente Rub\u00e9n Patera, Daniel Gallo Pi\u00f1a, Gustavo Garc\u00eda, Aeropuertos Argentina 2000, Roque Pascal.<\/li><\/ul>\n\n\n\n<div style=\"height:20px\" aria-hidden=\"true\" class=\"wp-block-spacer\"><\/div>\n\n\n\n<p class=\"has-medium-font-size\"><strong>Argentina, 1er pa\u00eds que declara al vino como su Bebida Nacional<\/strong><\/p>\n\n\n\n<p>El 24 de noviembre de 2010 Argentina se convirti\u00f3 en el primer pa\u00eds vitivin\u00edcola del mundo en declarar al vino como su Bebida Nacional. Luego de un proceso de di\u00e1logo y articulaci\u00f3n entre el sector vitivin\u00edcola y el Ministerio de Agricultura de la Naci\u00f3n, el 24 de noviembre de 2010 la entonces presidenta de la Naci\u00f3n, Cristina Fern\u00e1ndez de Kirchner firm\u00f3 el Decreto 1800\/2010&nbsp; que declar\u00f3 al vino como la Bebida Nacional. M\u00e1s tarde, en 2013, el decreto se reafirm\u00f3 en la Ley 26870 aprobada por unanimidad en ambas c\u00e1maras del Congreso.<\/p>\n\n\n\n<p>Esta declaraci\u00f3n reconoce el arraigo hist\u00f3rico de la vitivinicultura en nuestro pa\u00eds y su rol en la integraci\u00f3n de saberes de inmigrantes y nativos para dar origen a la vitivinicultura m\u00e1s importante del Cono Sur; adem\u00e1s, resalta el sostenido desarrollo cuali y cuantitativo de la cadena que consolida un crecimiento sustentable con capacidad innovadora, respetuoso del ambiente y de gran importancia social y econ\u00f3mica para todas las provincias productoras, desde Jujuy a la Patagonia.&nbsp; Junto a esto, pone en valor los h\u00e1bitos sociales propios de la cultura y la identidad argentinas donde el consumo \u2013placentero, moderado y responsable- se da en el \u00e1mbito familiar y de la amistad. As\u00ed Argentina se afianza como productor, consumidor y exportador de vinos reconocidos globalmente por su calidad y diversidad.<\/p>\n\n\n\n<p>Es importante se\u00f1alar que la declaraci\u00f3n como Bebida Nacional puso al vino en un estatuto diferenciado al reconocerlo como alimento de consumo masivo, con cualidades nutricionales comprobadas y aportes evidenciados en la mejora de la calidad de vida.<\/p>\n\n\n\n<p><em>\u00abConseguir la declaraci\u00f3n del vino como Bebida Nacional fue una importante muestra de la capacidad de gesti\u00f3n del sector para articular y lograr resultados en el encuentro entre lo p\u00fablico y lo privado\u00bb<\/em>, resalta Bernardo Lanzilotta, presidente del Fondo Vitivin\u00edcola<em>.&nbsp;<\/em>La ley 26870 tambi\u00e9n ha permitido diferenciar al vino de otras bebidas alcoh\u00f3licas ante proyectos legislativos restrictivos e intentos de impuestos internos.<\/p>\n\n\n\n<p>La declaraci\u00f3n del vino como Bebida Nacional fortaleci\u00f3 la articulaci\u00f3n p\u00fablico-privada&nbsp; a partir de una agenda abierta de trabajo en la que se incluye el Plan Nacional para llegar a los U$S1.000 millones de exportaciones de vinos fraccionados y en la suba de reintegros a las exportaciones en m\u00e1s del 100% para el vino fraccionado y granel, jugo de uva concentrado o mosto y espumantes.<\/p>\n\n\n\n<div style=\"height:20px\" aria-hidden=\"true\" class=\"wp-block-spacer\"><\/div>\n","protected":false},"excerpt":{"rendered":"<p>Como todos los a\u00f1os, el D\u00eda del Vino Argentino Bebida Nacional se festeja con degustaciones,&hellip;<\/p>\n","protected":false},"author":3,"featured_media":49288,"comment_status":"open","ping_status":"open","sticky":false,"template":"","format":"standard","meta":{"footnotes":""},"categories":[14],"tags":[],"class_list":["post-49240","post","type-post","status-publish","format-standard","has-post-thumbnail","hentry","category-news"],"_links":{"self":[{"href":"https:\/\/enolife.com.ar\/es\/wp-json\/wp\/v2\/posts\/49240","targetHints":{"allow":["GET"]}}],"collection":[{"href":"https:\/\/enolife.com.ar\/es\/wp-json\/wp\/v2\/posts"}],"about":[{"href":"https:\/\/enolife.com.ar\/es\/wp-json\/wp\/v2\/types\/post"}],"author":[{"embeddable":true,"href":"https:\/\/enolife.com.ar\/es\/wp-json\/wp\/v2\/users\/3"}],"replies":[{"embeddable":true,"href":"https:\/\/enolife.com.ar\/es\/wp-json\/wp\/v2\/comments?post=49240"}],"version-history":[{"count":0,"href":"https:\/\/enolife.com.ar\/es\/wp-json\/wp\/v2\/posts\/49240\/revisions"}],"wp:featuredmedia":[{"embeddable":true,"href":"https:\/\/enolife.com.ar\/es\/wp-json\/wp\/v2\/media\/49288"}],"wp:attachment":[{"href":"https:\/\/enolife.com.ar\/es\/wp-json\/wp\/v2\/media?parent=49240"}],"wp:term":[{"taxonomy":"category","embeddable":true,"href":"https:\/\/enolife.com.ar\/es\/wp-json\/wp\/v2\/categories?post=49240"},{"taxonomy":"post_tag","embeddable":true,"href":"https:\/\/enolife.com.ar\/es\/wp-json\/wp\/v2\/tags?post=49240"}],"curies":[{"name":"wp","href":"https:\/\/api.w.org\/{rel}","templated":true}]}}