{"id":49084,"date":"2021-11-20T14:52:39","date_gmt":"2021-11-20T14:52:39","guid":{"rendered":"http:\/\/enolife.com.ar\/es\/?p=49084"},"modified":"2021-11-21T16:29:32","modified_gmt":"2021-11-21T16:29:32","slug":"catamarca-exportara-2-800-tn-de-mosto-concentrado-a-sudafrica-a-traves-del-corredor-bioceanico","status":"publish","type":"post","link":"https:\/\/enolife.com.ar\/es\/catamarca-exportara-2-800-tn-de-mosto-concentrado-a-sudafrica-a-traves-del-corredor-bioceanico\/","title":{"rendered":"Catamarca exportar\u00e1 2.800 tn de mosto concentrado a Sud\u00e1frica a trav\u00e9s del Corredor Bioce\u00e1nico"},"content":{"rendered":"\n<h4 class=\"wp-block-heading\"><em><strong>El viernes 19\/11, el gobernador de La Rioja, Ra\u00fal Jalil (PJ) y el gobernador Regional de Atacama (Chile) Miguel Vargas Correa, anunciaron en forma conjunta que el Paso de San Francisco, que conecta a la provincia argentina con el puerto chileno de Caldera, integrando el Corredor Bioce\u00e1nico, ser\u00e1 una de las v\u00edas para la pactada exportaci\u00f3n a Sud\u00e1frica de 2.800 toneladas de mosto concentrado argentino, producto de m\u00e1s de 10 millones de kilos de uva tinogaste\u00f1a cosechada durante 2021 y elaborada en la planta mostera de Tinogasta.<\/strong><\/em><\/h4>\n\n\n\n<div style=\"height:32px\" aria-hidden=\"true\" class=\"wp-block-spacer\"><\/div>\n\n\n\n\n\n<div style=\"height:39px\" aria-hidden=\"true\" class=\"wp-block-spacer\"><\/div>\n\n\n\n<p>En el marco de unas jornadas de trabajo por el proyecto del <strong>Corredor Bioce\u00e1nico<\/strong>, los funcionarios argentinos y chilenos visitaron la planta concentradora de mosto de <strong>Tinogasta<\/strong> y sectores donde se construir\u00e1 infraestructura vinculada con esta v\u00eda de comunicaci\u00f3n entre el oce\u00e1no Atl\u00e1ntico y el oc\u00e9ano Pac\u00edfico.<\/p>\n\n\n\n<p>Tras la recorrida, <strong>Ra\u00fal Jalil <\/strong>y <strong>Miguel Vargas Correa<\/strong> confirmaron el env\u00edo de los primeros <strong>10 camiones con mosto con destino final a Sud\u00e1frica<\/strong>, tal como se hab\u00eda anunciado semanas atr\u00e1s. Los mismos saldr\u00e1n a trav\u00e9s del puerto de <strong>Buenos Aires<\/strong>, pero algunos de ellos se desplazar\u00e1n a trav\u00e9s del <strong>Paso de San Francisco hacia el puerto de Caldera<\/strong>, en la norte\u00f1a zona chilena de <strong>Copiap\u00f3<\/strong>.&nbsp;<\/p>\n\n\n\n<p>La planta de elaboraci\u00f3n de mosto sulfitado, ubicada en <strong>Tinogasta, Catamarca<\/strong>, fue inaugurada en febrero pasado y se encuentra ubicada en un sector donde se proyecta un polo industrial. <\/p>\n\n\n\n<p>Actualmente cuenta con <strong>15 tanques de acero inoxidable de 100.000 litros de capacidad cada uno<\/strong>, m\u00e1s una m\u00e1quina concentradora de mosto con capacidad para procesar <strong>250.000 kilos de uva diaria<\/strong>, una caldera, una sala de m\u00e1quinas y un tanque de 40.000 litros.<\/p>\n\n\n\n<p>La planta es gestionada por <strong>Aicat SE<\/strong> y la empresa <strong>\u00abJugos del Mundo\u00bb<\/strong>, que invirti\u00f3 90 millones de pesos en la misma.&nbsp;<strong>Juan Longo<\/strong>, propietario de la firma, se refiri\u00f3 al trabajo conjunto de ambos pa\u00edses en el proyecto del Corredor Bioce\u00e1nico: \u00ab<em>Catamarca est\u00e1 ubicada en una zona estrat\u00e9gica y estos encuentros son importantes porque tenemos que lograr que Tucum\u00e1n, Catamarca, La Rioja, C\u00f3rdoba, Santiago del Estero se unan en un solo corredor para llegar a los puertos de Chile y comercializar nuestros productos en el mercado asi\u00e1tico<\/em>\u00bb (<strong>Ver nota Enolife del 1\/11: <a href=\"https:\/\/enolife.com.ar\/es\/catamarca-busca-exportar-via-chile-el-mosto-que-produce-en-su-nueva-planta-de-tinogasta\/\">Catamarca busca exportar v\u00eda Chile el mosto que produce en su nueva planta de Tinogasta<\/a><\/strong>)<\/p>\n\n\n\n<div style=\"height:20px\" aria-hidden=\"true\" class=\"wp-block-spacer\"><\/div>\n\n\n\n<p class=\"has-background has-very-light-gray-background-color\"><strong>El Comit\u00e9 de Integraci\u00f3n argentino-chileno Atacalar<\/strong><br><br>El&nbsp;Comit\u00e9 de Integraci\u00f3n Atacalar, que integra a la regi\u00f3n de Atacama, Chile, con las provincias argentinas de Catamarca, La Rioja y otros Estados&nbsp;provinciales asociados, se reuni\u00f3 en los \u00faltimos d\u00edas en la ciudad de&nbsp;Catamarca&nbsp;para planificar la&nbsp;exportaci\u00f3n de mosto por el Pac\u00edfico,&nbsp;a trav\u00e9s del Corredor Bioce\u00e1nico y el Paso San Francisco hacia el puerto chileno de Caldera, operativo de exportaci\u00f3n que ya se inici\u00f3 a trav\u00e9s del Atl\u00e1ntico por el puerto de Buenos Aires. La idea es canalizar la producci\u00f3n de la megaplanta mostera inaugurada el a\u00f1o pasado en Tinogasta, en el marco del Plan 1.000 del gobierno argentino y la Coviar, que apunta a exportar por valor de U$S 1.000 al a\u00f1o antes de 2023.<\/p>\n\n\n\n<div style=\"height:20px\" aria-hidden=\"true\" class=\"wp-block-spacer\"><\/div>\n\n\n\n<p>El gobernador&nbsp;Jalil&nbsp;enfatiz\u00f3 sobre la importancia del Paso de San Francisco, como salida exportadora hac\u00eda Asia. <em>\u00abNuestra visi\u00f3n es regional. Se est\u00e1n haciendo muchas obras nacionales, provinciales y municipales pensando en la integraci\u00f3n con Chile, y mirando a Asia. Yo viv\u00ed parte de mi vida all\u00ed y estoy convencido que hay que volver a mirar hacia Asia\u00bb<\/em>.<\/p>\n\n\n\n<p>Por su parte, el gobernador&nbsp;de la regi\u00f3n chilena, Miguel Vargas Correa,&nbsp;remarc\u00f3 que<em> \u00abtenemos muchas expectativas y esperanzas en el corredor bioce\u00e1nico que significan enormes beneficios para los argentinos y chilenos para poder sacar la mercader\u00eda por los puertos de Atacama hac\u00eda los pa\u00edses asi\u00e1ticos, donde ahorramos tiempos y recursos\u00bb.<\/em><\/p>\n\n\n\n<div style=\"height:26px\" aria-hidden=\"true\" class=\"wp-block-spacer\"><\/div>\n\n\n\n<p class=\"has-small-font-size\"><em><strong>Fuente: Diario El Ancasti de Catamarca<\/strong><\/em><\/p>\n\n\n\n<div style=\"height:22px\" aria-hidden=\"true\" class=\"wp-block-spacer\"><\/div>\n","protected":false},"excerpt":{"rendered":"<p>El viernes 19\/11, el gobernador de La Rioja, Ra\u00fal Jalil (PJ) y el gobernador Regional&hellip;<\/p>\n","protected":false},"author":3,"featured_media":49102,"comment_status":"open","ping_status":"open","sticky":false,"template":"","format":"standard","meta":{"footnotes":""},"categories":[14],"tags":[],"class_list":["post-49084","post","type-post","status-publish","format-standard","has-post-thumbnail","hentry","category-news"],"_links":{"self":[{"href":"https:\/\/enolife.com.ar\/es\/wp-json\/wp\/v2\/posts\/49084","targetHints":{"allow":["GET"]}}],"collection":[{"href":"https:\/\/enolife.com.ar\/es\/wp-json\/wp\/v2\/posts"}],"about":[{"href":"https:\/\/enolife.com.ar\/es\/wp-json\/wp\/v2\/types\/post"}],"author":[{"embeddable":true,"href":"https:\/\/enolife.com.ar\/es\/wp-json\/wp\/v2\/users\/3"}],"replies":[{"embeddable":true,"href":"https:\/\/enolife.com.ar\/es\/wp-json\/wp\/v2\/comments?post=49084"}],"version-history":[{"count":0,"href":"https:\/\/enolife.com.ar\/es\/wp-json\/wp\/v2\/posts\/49084\/revisions"}],"wp:featuredmedia":[{"embeddable":true,"href":"https:\/\/enolife.com.ar\/es\/wp-json\/wp\/v2\/media\/49102"}],"wp:attachment":[{"href":"https:\/\/enolife.com.ar\/es\/wp-json\/wp\/v2\/media?parent=49084"}],"wp:term":[{"taxonomy":"category","embeddable":true,"href":"https:\/\/enolife.com.ar\/es\/wp-json\/wp\/v2\/categories?post=49084"},{"taxonomy":"post_tag","embeddable":true,"href":"https:\/\/enolife.com.ar\/es\/wp-json\/wp\/v2\/tags?post=49084"}],"curies":[{"name":"wp","href":"https:\/\/api.w.org\/{rel}","templated":true}]}}