{"id":49039,"date":"2021-11-21T16:29:07","date_gmt":"2021-11-21T16:29:07","guid":{"rendered":"http:\/\/enolife.com.ar\/es\/?p=49039"},"modified":"2021-11-24T14:26:28","modified_gmt":"2021-11-24T14:26:28","slug":"catas-gastronomia-musica-y-enoturismo-en-todo-el-pais-para-festejar-el-24-11-dia-del-vino-argentino","status":"publish","type":"post","link":"https:\/\/enolife.com.ar\/es\/catas-gastronomia-musica-y-enoturismo-en-todo-el-pais-para-festejar-el-24-11-dia-del-vino-argentino\/","title":{"rendered":"Catas, gastronom\u00eda, m\u00fasica y enoturismo en todo el pa\u00eds para festejar el 24\/11 D\u00eda del Vino Argentino"},"content":{"rendered":"\n<h4 class=\"wp-block-heading\"><em><strong>Desde que en 2010 se declar\u00f3 por ley al Vino Argentino como Bebida Nacional, cada 24 de noviembre se celebra su d\u00eda. En estos 11 a\u00f1os transcurridos, los festejos se realizaron en todo el pa\u00eds, incluso en medio de las restricciones por la pandemia, utilizando tecnolog\u00eda y virtualidad. Este mes de noviembre, las actividades, organizadas por la Corporaci\u00f3n Vitivin\u00edcola Argentina (Coviar), son todas presenciales y se llevan a cabo en Catamarca, La Rioja, Mendoza, R\u00edo Negro, San Juan, Salta y tambi\u00e9n en el exterior, a trav\u00e9s de Wines of Argentina (WofA). A continuaci\u00f3n se detalla el calendario completo.<\/strong><\/em><\/h4>\n\n\n\n<div style=\"height:20px\" aria-hidden=\"true\" class=\"wp-block-spacer\"><\/div>\n\n\n\n\n\n<div style=\"height:49px\" aria-hidden=\"true\" class=\"wp-block-spacer\"><\/div>\n\n\n\n<p>Comenz\u00f3 un mes de brindis y celebraciones especiales para la industria vitivin\u00edcola argentina, con motivo de los festejos del D\u00eda del Vino Argentino (24\/11). <\/p>\n\n\n\n<p>Este mes, de manera presencial y con el objetivo de celebrar el valor cultural que tiene el vino y la vitivinicultura en la identidad de los argentinos, la&nbsp;<strong>Corporaci\u00f3n Vitivin\u00edcola Argentina (Coviar) <\/strong>organiz\u00f3 una serie de festejos en las provincias de Catamarca, La Rioja, Mendoza, R\u00edo Negro, San Juan y Salta.<\/p>\n\n\n\n<p>Para que nadie quede afuera, las actividades se combinar\u00e1n entre presenciales y online, incluyendo <strong>ferias de vino artesanal, gastronom\u00eda, enoturismo, catas, presentaciones art\u00edsticas, obras de teatro, m\u00fasica, danza y concursos de cocteler\u00eda<\/strong>. <\/p>\n\n\n\n<p>Adem\u00e1s, San Juan realizar\u00e1 una actividad destinada especialmente a los j\u00f3venes, que incluir\u00e1 una<strong> batalla de los gallos y pistas de skate.<\/strong> Y todo esto tendr\u00e1 como <strong>broche central un acto a celebrarse en el Teatro del Bicentenario <\/strong>de la capital sanjuanina, en el cual se anunci\u00f3 la presencia de los ministros nacionales de Agricultura, Juli\u00e1n Dom\u00ednguez y; Turismo y Deportes, Mat\u00edas Lammens; el gobernador sanjuanino Sergio U\u00f1ac, el presidente del Instituto Nacional de Vitivinicultura (INV), Mart\u00edn Hinojosa, y el titular de COVIAR, Jos\u00e9 Alberto Zuccardi.<\/p>\n\n\n\n<p><em>\u00abEl 24 de noviembre es la celebraci\u00f3n del Vino Argentino Bebida Nacional, una exitosa construcci\u00f3n institucional asociada a la cultura y la historia de los argentinos que lleva m\u00e1s de diez a\u00f1os de articulaci\u00f3n constante entre el sector privado y el p\u00fablico, tanto a nivel nacional, como provincial y municipal<\/em>\u00ab, dijo al respecto&nbsp;<strong>Jos\u00e9 Alberto \u00abPepe\u00bb Zuccardi<\/strong>, presidente de la Coviar.<\/p>\n\n\n\n<p>Los festejos tambi\u00e9n trascender\u00e1n las fronteras, ya que Wines of Argentina, juntamente con la Embajada Argentina en Canad\u00e1 y el Consulado General de Argentina en Toronto, organizaron un seminario virtual que incluir\u00e1 una degustaci\u00f3n de vinos argentinos. Cada participante en el pa\u00eds del Norte recibir\u00e1 una botella de cada vino para la instancia de degustaci\u00f3n.<\/p>\n\n\n\n<div style=\"height:20px\" aria-hidden=\"true\" class=\"wp-block-spacer\"><\/div>\n\n\n\n<p class=\"has-medium-font-size\"><strong>Cronograma<\/strong><\/p>\n\n\n\n<p>A continuaci\u00f3n detallamos las actividades organizadas para celebrar el Mes del Vino Argentino en todo el pa\u00eds:<\/p>\n\n\n\n<p class=\"has-background has-very-light-gray-background-color\"><strong>Catamarca<\/strong><\/p>\n\n\n\n<p><strong>Festival del vino argentino:  26 y 27\/11 <\/strong>&#8211;  El d\u00eda 26 escenario y stand de bodegas y artesanos, se cortar\u00e1 la calle principal, bus tur\u00edstico, venta y cata de vinos, el d\u00eda 27 almuerzo cierre del evento y entrega de certificados de participaci\u00f3n en el complejo termal la aguadita. Centro de Desarrollo Vit\u00edcola Tinogasta (INTA \/ Coviar).<\/p>\n\n\n\n<p class=\"has-background has-very-light-gray-background-color\"><strong>La Rioja<\/strong><\/p>\n\n\n\n<p><strong>Celebraci\u00f3n del Vino argentino en Evinor (Evaluaci\u00f3n de Vinos del Noroeste)<\/strong>: <strong>21 y 27\/11<\/strong> &#8211;  El d\u00eda 21 en Villa Uni\u00f3n se realizar\u00e1 una muestra de elaboradores y bodegas de La Rioja principalmente del Oeste y el 27 se realizar\u00e1 Evinor, incluyendo el Concurso Nacional de Torront\u00e9s.<\/p>\n\n\n\n<p class=\"has-background has-very-light-gray-background-color\"><strong>Mendoza &#8211; Valle de Uco<\/strong><\/p>\n\n\n\n<p>La celebraci\u00f3n <strong>fue el 4\/11 con el desarrollo de Ucovin (Evaluaci\u00f3n Anual de Vinos del Valle de Uco):<\/strong> Stand con elaboradores y acciones institucionales. Organizado por el Centro de Desarrollo Vit\u00edcola La Consulta (INTA\/Coviar).<\/p>\n\n\n\n<p class=\"has-background has-very-light-gray-background-color\"><strong>Mendoza &#8211; Zona Este<\/strong><\/p>\n\n\n\n<p>Celebraciones en INTA EEA Jun\u00edn el 26\/11 de 19 a 22hs.<\/p>\n\n\n\n<p class=\"has-background has-very-light-gray-background-color\"><strong>Mendoza &#8211; Zona Norte<\/strong><\/p>\n\n\n\n<p><strong>San Mart\u00edn y el Vino Argentino: 27\/11<\/strong> &#8211; Festejo en el campo hist\u00f3rico El Plumerillo uniendo el vino con la figura del Gral. San Martin, obra de teatro. Organizado por el Centro de Desarrollo Lavalle\/Las Heras (INTA \/ Coviar) y Municipalidad de<strong> Las Heras.<\/strong><\/p>\n\n\n\n<p><strong>San Mart\u00edn y el Vino Argentino: 26\/11<\/strong> Celebraci\u00f3n en el INTA EEA<strong> Luj\u00e1n de Cuyo<\/strong> junto a los Municipios de Luj\u00e1n de Cuyo y Maip\u00fa de 18 a 24 hs<\/p>\n\n\n\n<p class=\"has-background has-very-light-gray-background-color\"><strong>Mendoza &#8211; General Alvear<\/strong><\/p>\n\n\n\n<p><strong>Peatonal del vino argentino: 28\/11<\/strong> &#8211; Una Peatonal del vino en las calles del departamento, organizado por el Centro de Desarrollo Vit\u00edcola General Alvear (INTA\/Coviar) y la Municipalidad de General Alvear.<\/p>\n\n\n\n<p class=\"has-background has-very-light-gray-background-color\"><strong>Mendoza &#8211; San Rafael<\/strong><\/p>\n\n\n\n<p><strong>El 20\/11 se llev\u00f3 a cabo la Feria del Vino Argentino<\/strong>, junto a los elaboradores de vino artesanal y la Municipalidad de San Rafael en la que se intervino una calle c\u00e9ntrica con stands con vinos acompa\u00f1ados por m\u00fasica. Organizado por el Centro de Desarrollo Vit\u00edcola San Rafael (INTA \/ Coviar) y la Municipalidad de San Rafael.<\/p>\n\n\n\n<p class=\"has-background has-very-light-gray-background-color\"><strong>Ciudad de Mendoza<\/strong><\/p>\n\n\n\n<p><strong>La Hora del Verm\u00fa: 21\/11<\/strong>, en La Enoteca. Degustaci\u00f3n de distintos estilos de verm\u00fa para descubrir otras formas de disfrutar el vino argentino.<\/p>\n\n\n\n<p><strong>M\u00fasica para brindar, Vino para viajar: 24\/1<\/strong>1 &#8211; M\u00fasica en vivo en La Enoteca con degustaciones de vinos de todas las provincias vitivin\u00edcolas.<\/p>\n\n\n\n<div style=\"height:20px\" aria-hidden=\"true\" class=\"wp-block-spacer\"><\/div>\n\n\n\n<p class=\"has-medium-font-size\"><strong>El Vino Argentino, Bebida Nacional<\/strong><\/p>\n\n\n\n<p>La instituci\u00f3n del vino como Bebida Nacional (la primera en el mundo en ser declarada por ley)&nbsp;representa m\u00faltiples beneficios directos al producto vino,&nbsp;como as\u00ed tambi\u00e9n beneficios indirectos a&nbsp;toda la cadena y&nbsp;a todos los productos de esta industria. As\u00ed, desde la&nbsp;<strong>difusi\u00f3n de las caracter\u00edsticas culturales<\/strong>&nbsp;que implica la producci\u00f3n, elaboraci\u00f3n y consumo de vino argentino y sus tradiciones; la promoci\u00f3n del&nbsp;<strong>desarrollo de las econom\u00edas regionales<\/strong>&nbsp;a partir de acciones relacionadas con actividades de servicios vinculadas al sector vitivin\u00edcola; la presentaci\u00f3n de los numerosos, diversos y maravillosos&nbsp;<strong>paisajes vitivin\u00edcolas<\/strong>&nbsp;de nuestro territorio nacional; o la&nbsp;<strong>revalorizaci\u00f3n<\/strong>&nbsp;de los recursos humanos asociados a la producci\u00f3n desde el vi\u00f1edo hasta la comercializaci\u00f3n, entre otros.<\/p>\n\n\n\n<p>A fines de 2020 La&nbsp;<strong>Asociaci\u00f3n Argentina de Marketing<\/strong>&nbsp;reconoci\u00f3 con el&nbsp;<strong>Premio Mercurio<\/strong>&nbsp;al caso que pone en valor la<strong>&nbsp;<a href=\"https:\/\/coviar.ar\/los-diez-anos-del-vino-argentino-como-bebida-nacional-y-el-fondo-vitivinicola-lograron-dos-premios-mercurio-de-oro\/\" target=\"_blank\" rel=\"noreferrer noopener\">construcci\u00f3n de marca del Vino Argentino como Bebida Nacional<\/a>&nbsp;<\/strong>asociada a la cultura y a la historia nacional, y los diez a\u00f1os sostenidos de construcci\u00f3n de institucionalidad.<\/p>\n\n\n\n<div style=\"height:20px\" aria-hidden=\"true\" class=\"wp-block-spacer\"><\/div>\n\n\n\n<p class=\"has-small-font-size\"><em><strong>Fuente: Corporaci\u00f3n Vitivin\u00edcola Argentina<\/strong><\/em><\/p>\n\n\n\n<div style=\"height:40px\" aria-hidden=\"true\" class=\"wp-block-spacer\"><\/div>\n","protected":false},"excerpt":{"rendered":"<p>Desde que en 2010 se declar\u00f3 por ley al Vino Argentino como Bebida Nacional, cada&hellip;<\/p>\n","protected":false},"author":3,"featured_media":49081,"comment_status":"open","ping_status":"open","sticky":false,"template":"","format":"standard","meta":{"footnotes":""},"categories":[47],"tags":[],"class_list":["post-49039","post","type-post","status-publish","format-standard","has-post-thumbnail","hentry","category-agenda"],"_links":{"self":[{"href":"https:\/\/enolife.com.ar\/es\/wp-json\/wp\/v2\/posts\/49039","targetHints":{"allow":["GET"]}}],"collection":[{"href":"https:\/\/enolife.com.ar\/es\/wp-json\/wp\/v2\/posts"}],"about":[{"href":"https:\/\/enolife.com.ar\/es\/wp-json\/wp\/v2\/types\/post"}],"author":[{"embeddable":true,"href":"https:\/\/enolife.com.ar\/es\/wp-json\/wp\/v2\/users\/3"}],"replies":[{"embeddable":true,"href":"https:\/\/enolife.com.ar\/es\/wp-json\/wp\/v2\/comments?post=49039"}],"version-history":[{"count":0,"href":"https:\/\/enolife.com.ar\/es\/wp-json\/wp\/v2\/posts\/49039\/revisions"}],"wp:featuredmedia":[{"embeddable":true,"href":"https:\/\/enolife.com.ar\/es\/wp-json\/wp\/v2\/media\/49081"}],"wp:attachment":[{"href":"https:\/\/enolife.com.ar\/es\/wp-json\/wp\/v2\/media?parent=49039"}],"wp:term":[{"taxonomy":"category","embeddable":true,"href":"https:\/\/enolife.com.ar\/es\/wp-json\/wp\/v2\/categories?post=49039"},{"taxonomy":"post_tag","embeddable":true,"href":"https:\/\/enolife.com.ar\/es\/wp-json\/wp\/v2\/tags?post=49039"}],"curies":[{"name":"wp","href":"https:\/\/api.w.org\/{rel}","templated":true}]}}