{"id":48954,"date":"2021-11-18T16:00:22","date_gmt":"2021-11-18T16:00:22","guid":{"rendered":"http:\/\/enolife.com.ar\/es\/?p=48954"},"modified":"2021-11-19T17:30:08","modified_gmt":"2021-11-19T17:30:08","slug":"la-madre-tierra-y-el-milagro-del-vino-temas-de-la-4ta-fiesta-de-la-vendimia-que-dirige-vilma-rupolo","status":"publish","type":"post","link":"https:\/\/enolife.com.ar\/es\/la-madre-tierra-y-el-milagro-del-vino-temas-de-la-4ta-fiesta-de-la-vendimia-que-dirige-vilma-rupolo\/","title":{"rendered":"La madre tierra y el milagro del vino, temas de la 4ta. Fiesta de la Vendimia que dirige Vilma R\u00fapolo"},"content":{"rendered":"\n<h4 class=\"wp-block-heading\"><em><strong>El equipo integrado por la bailarina y core\u00f3grafa Vilma R\u00fapolo; el actor, docente y m\u00fasico Federico Ortega y el guionista Ar\u00edstides Vargas fue elegido por los 17 miembros del jurado, entre 3 finalistas, para dirigir el Acto Central de la Fiesta de la Vendimia 2022. A juzgar por la s\u00edntesis argumental escrita por los autores, se tratar\u00e1 de un espect\u00e1culo \u00abcl\u00e1sico\u00bb, con los ingredientes habituales de la Fiesta m\u00e1xima de los mendocinos: danza, textos po\u00e9ticos, despliegue de luces y trajes, juegos de agua, folclore, tradici\u00f3n y respeto por el gusto del p\u00fablico mayoritario, sin experimentos est\u00e9ticos. <\/strong><\/em><\/h4>\n\n\n\n<div style=\"height:20px\" aria-hidden=\"true\" class=\"wp-block-spacer\"><\/div>\n\n\n\n\n\n<div style=\"height:67px\" aria-hidden=\"true\" class=\"wp-block-spacer\"><\/div>\n\n\n\n<p><strong>Por Pedro Straniero<br>(<a href=\"mailto:pstraniero@enolife.com.ar\">pstraniero@enolife.com.ar<\/a>)<\/strong><\/p>\n\n\n\n<div style=\"height:20px\" aria-hidden=\"true\" class=\"wp-block-spacer\"><\/div>\n\n\n\n<p>El espect\u00e1culo propuesto por el tr\u00edo <strong>R\u00fapolo-Ortega-Vargas,<\/strong> denominado <strong>\u00abMilagro del vino nuevo\u00bb,<\/strong> compiti\u00f3 con \u00abMendoza en siete d\u00edas\u00bb de Pedro Marabini-Omar Escales y con \u00abM\u00e1s all\u00e1 del tiempo\u00bb, de Alejandro Conte, para finalmente imponerse en el criterio de los 17 jurados designados por el gobierno provincial, organizador de la Fiesta de la Vendimia 2022. As\u00ed, el equipo triunfador se adjudica los <strong>$5.700.000 asignados como premio<\/strong> y para gastos de puesta en escena y, a la vez, queda develada la inc\u00f3gnita que cada a\u00f1o mantiene en vilo al ambiente art\u00edstico vendimial de Mendoza. <\/p>\n\n\n\n<p>La <strong>prestigiosa bailarina y core\u00f3grafa Vilma R\u00fapolo<\/strong> ya es una cl\u00e1sica figura en estas instancias, con <strong>3 Fiestas<\/strong> como directora en su haber (2010, 2013 y 2018) m\u00e1s una codirecci\u00f3n en un episodio audiovisual de la Fiesta televisada de 2021. En este sentido, mejora su posici\u00f3n en el r\u00e1nking de directores hist\u00f3ricos, aunque lejos de <strong>Abelardo V\u00e1zquez (13 direcciones)<\/strong> y <strong>Pedro Marabini (8).<\/strong> <\/p>\n\n\n\n<div style=\"height:20px\" aria-hidden=\"true\" class=\"wp-block-spacer\"><\/div>\n\n\n\n<p class=\"has-text-align-center\"><strong>Las 3 fiestas dirigidas por Vilma R\u00fapolo y su equipo:<\/strong><\/p>\n\n\n\n<figure class=\"wp-block-gallery aligncenter columns-3 is-cropped wp-block-gallery-1 is-layout-flex wp-block-gallery-is-layout-flex\"><ul class=\"blocks-gallery-grid\"><li class=\"blocks-gallery-item\"><figure><img decoding=\"async\" src=\"http:\/\/www.lamelesca.com.ar\/wp-content\/uploads\/2016\/05\/Afiche2010-Def-209x300.jpg\" alt=\"Afiche2010 Def\"\/><\/figure><\/li><li class=\"blocks-gallery-item\"><figure><img decoding=\"async\" src=\"http:\/\/www.lamelesca.com.ar\/wp-content\/uploads\/2016\/05\/Afiche2013-Def-214x300.jpg\" alt=\"Afiche2013 Def\"\/><\/figure><\/li><li class=\"blocks-gallery-item\"><figure><img decoding=\"async\" src=\"http:\/\/www.lamelesca.com.ar\/wp-content\/uploads\/2016\/05\/Vend-Afiche-2018.jpg\" alt=\"\"\/><\/figure><\/li><\/ul><\/figure>\n\n\n\n<div style=\"height:20px\" aria-hidden=\"true\" class=\"wp-block-spacer\"><\/div>\n\n\n\n<p>Bajo su liderazgo, est\u00e1 garantizada la solidez est\u00e9tica de la puesta en escena, con atenci\u00f3n a la espectacularidad y los golpes de efecto emotivos que les gustan a la mayor\u00eda de los mendocinos y ni que hablar de los turistas, que seguramente se manifestar\u00e1n deslumbrados. <\/p>\n\n\n\n<p>Como siempre, claro, saltar\u00e1n las cr\u00edticas a lo tradicional del gui\u00f3n, sin mayores sorpresas a la vista, seg\u00fan se desprende de la s\u00edntesis argumental divulgada. Dir\u00e1n los cultores de la innovaci\u00f3n, como siempre, que \u00abes m\u00e1s de lo mismo\u00bb, y aplaudir\u00e1n de pie, como siempre, los 40.000 espectadores que disfrutar\u00e1n del espect\u00e1culo los d\u00edas 5, 6 y 7 de marzo de 2022 en el Anfiteatro Frank Romero Day.<\/p>\n\n\n\n<div style=\"height:20px\" aria-hidden=\"true\" class=\"wp-block-spacer\"><\/div>\n\n\n\n<p class=\"has-medium-font-size\"><strong>El vino nuevo que fluye como el agua y penetra en la tierra<\/strong><\/p>\n\n\n\n<p>A continuaci\u00f3n reproducimos la s\u00edntesis argumental escrita por los directores de la Fiesta de la Vendimia 2022 y divulgada ayer por el Gobierno de Mendoza. Se trata de un texto que describe y fundamenta, en lenguaje po\u00e9tico, el esp\u00edritu del gui\u00f3n.<\/p>\n\n\n\n<p><em>\u00abMilagro del vino nuevo&nbsp;es una poes\u00eda que fluye emulando el agua y las otras fuerzas de la naturaleza. No es explicativo, se expresa en m\u00faltiples voces como lo diverso y plural de la existencia.<\/em><\/p>\n\n\n\n<p><em>\u00abSe disgrega, penetra la tierra, sube por las ra\u00edces, se manifiesta en flor, en color, en animales y en hombres y mujeres. Es la voz de la vida y su devenir.<\/em><\/p>\n\n\n\n<p><em>\u00abEstas voces, la madre tierra, el agua, los vientos, las cosas de este mundo, se afirman en las mismas leyes. Somos las partes pero somos una unidad. Nos hermana el h\u00e1lito vital, la inspiraci\u00f3n y la expiraci\u00f3n, el aliento. El ser \u00e1rbol, manos, sue\u00f1os. Somos vi\u00f1as, sol de oto\u00f1os y cosechas.<\/em><\/p>\n\n\n\n<p><em>\u00abLa energ\u00eda vital, que tambi\u00e9n tiene a la muerte en su transmutaci\u00f3n, prevalece. De ah\u00ed el milagro. \u00a1Cada d\u00eda es un milagro!<\/em><\/p>\n\n\n\n<p><em>\u00abY la vida-milagro es arte, memoria, trabajo y fiesta. Es la tierra que gira, la luz que canta y todo lo que danza. Es el vino de la esperanza, la alegr\u00eda y la fiesta.<\/em><\/p>\n\n\n\n<p><em>\u00abNuestros h\u00e9roes, el que con sus manos cultiva la tierra, la que sostiene los hijos, los que liberaron patrias, los y las que conquistan derechos, aprendieron de los r\u00edos, de sus cauces ind\u00f3mitos y su persistencia. De la gota que funda la furia del agua. En ellos se miraron San Mart\u00edn, Bol\u00edvar, Juana, Manuela\u2026 Y vos, el luchador de hoy. Es correntada que no se fatiga.<\/em><\/p>\n\n\n\n<p><em>\u00abSoy, somos, el j\u00fabilo y la adversidad. Soy, somos, todo lo que nos constituye.<\/em><\/p>\n\n\n\n<p><em>\u00abCreemos que, en esta primera Vendimia del reencuentro, recibimos las miradas y las emociones como seres con conciencia de la finitud y buscando mitigar las ausencias con la afirmaci\u00f3n de la vida. Parte que vuelve a reunirse, a congregarse, a sumar nuevamente despu\u00e9s de tanto espacio, tanto silencio y tanta distancia<\/em>.<\/p>\n\n\n\n<p><em>\u00abEste vino, esta gente y este brindis es lo que Mendoza puede ofrecer al mundo\u00bb.<\/em><\/p>\n\n\n\n<div style=\"height:20px\" aria-hidden=\"true\" class=\"wp-block-spacer\"><\/div>\n\n\n\n<p class=\"has-background has-medium-font-size has-light-green-cyan-background-color\"><strong>El equipo ganador<\/strong><\/p>\n\n\n\n<p class=\"has-background has-light-green-cyan-background-color\">Guion: <strong>Ar\u00edstides Vargas<\/strong><br>Direcci\u00f3n general: <strong>Vilma R\u00fapolo y Federico Ortega<\/strong><br>Producci\u00f3n ejecutiva: <strong>Mariano Morales<\/strong><br>Direcci\u00f3n audiovisual: <strong>Mat\u00edas Rojo<\/strong><br>Producci\u00f3n art\u00edstica: <strong>Liliana Berm\u00fadez<\/strong><br>Direcci\u00f3n musical: <strong>Mario Galv\u00e1n y Pablo Budini<\/strong><br>Dise\u00f1o escenogr\u00e1fico: <strong>Luis Gattas<\/strong><br>Direcci\u00f3n coreogr\u00e1fica: <strong>Marcela Nadal y Virginia P\u00e1ez<\/strong><br>Direcci\u00f3n actoral: <strong>Nuria Atencio y Kevin Vi\u00f1als<\/strong><br>Cajas lum\u00ednicas: <strong>H\u00e9ctor Romero<\/strong><br>Jefatura t\u00e9cnica: <strong>Alejandro Aruj<\/strong><br>Jefe de traspuntes: <strong>Mirta Rodr\u00edguez<\/strong><\/p>\n\n\n\n<div style=\"height:43px\" aria-hidden=\"true\" class=\"wp-block-spacer\"><\/div>\n","protected":false},"excerpt":{"rendered":"<p>El equipo integrado por la bailarina y core\u00f3grafa Vilma R\u00fapolo; el actor, docente y m\u00fasico&hellip;<\/p>\n","protected":false},"author":3,"featured_media":48976,"comment_status":"open","ping_status":"open","sticky":false,"template":"","format":"standard","meta":{"footnotes":""},"categories":[14],"tags":[],"class_list":["post-48954","post","type-post","status-publish","format-standard","has-post-thumbnail","hentry","category-news"],"_links":{"self":[{"href":"https:\/\/enolife.com.ar\/es\/wp-json\/wp\/v2\/posts\/48954","targetHints":{"allow":["GET"]}}],"collection":[{"href":"https:\/\/enolife.com.ar\/es\/wp-json\/wp\/v2\/posts"}],"about":[{"href":"https:\/\/enolife.com.ar\/es\/wp-json\/wp\/v2\/types\/post"}],"author":[{"embeddable":true,"href":"https:\/\/enolife.com.ar\/es\/wp-json\/wp\/v2\/users\/3"}],"replies":[{"embeddable":true,"href":"https:\/\/enolife.com.ar\/es\/wp-json\/wp\/v2\/comments?post=48954"}],"version-history":[{"count":0,"href":"https:\/\/enolife.com.ar\/es\/wp-json\/wp\/v2\/posts\/48954\/revisions"}],"wp:featuredmedia":[{"embeddable":true,"href":"https:\/\/enolife.com.ar\/es\/wp-json\/wp\/v2\/media\/48976"}],"wp:attachment":[{"href":"https:\/\/enolife.com.ar\/es\/wp-json\/wp\/v2\/media?parent=48954"}],"wp:term":[{"taxonomy":"category","embeddable":true,"href":"https:\/\/enolife.com.ar\/es\/wp-json\/wp\/v2\/categories?post=48954"},{"taxonomy":"post_tag","embeddable":true,"href":"https:\/\/enolife.com.ar\/es\/wp-json\/wp\/v2\/tags?post=48954"}],"curies":[{"name":"wp","href":"https:\/\/api.w.org\/{rel}","templated":true}]}}