{"id":4893,"date":"2019-11-12T00:43:03","date_gmt":"2019-11-12T00:43:03","guid":{"rendered":"http:\/\/enolife.com.ar\/es\/?p=4893"},"modified":"2019-11-14T02:27:11","modified_gmt":"2019-11-14T02:27:11","slug":"la-celebracion-del-vino-y-el-turismo-debuto-como-fiesta-nacional-con-mas-de-100-000-asistentes-en-san-rafael","status":"publish","type":"post","link":"https:\/\/enolife.com.ar\/es\/la-celebracion-del-vino-y-el-turismo-debuto-como-fiesta-nacional-con-mas-de-100-000-asistentes-en-san-rafael\/","title":{"rendered":"La celebraci\u00f3n del Vino y el Turismo debut\u00f3 como Fiesta nacional con m\u00e1s de 100.000 asistentes en San Rafael"},"content":{"rendered":"\n<h4 class=\"wp-block-heading\"><em><strong>Por primera vez, en su edici\u00f3n n\u00famero 35, el festejo anual en la segunda ciudad provincial cobr\u00f3 car\u00e1cter federal gracias a la gesti\u00f3n del Ente Mendoza Turismo. Una multitud disfruto bandas de m\u00fasica locales y for\u00e1neas, gastronom\u00eda y locales de artesan\u00edas.<\/strong><\/em><\/h4>\n\n\n\n<div style=\"height:39px\" aria-hidden=\"true\" class=\"wp-block-spacer\"><\/div>\n\n\n\n<p>Decenas de miles de sanrafaelinos y turistas estuvieron presentes las noches del viernes 8 y s\u00e1bado 9 de noviembre en el predio del Parque Hip\u00f3lito Yrigoyen , donde se desarroll\u00f3, por primera vez, la Fiesta Nacional del Turismo y el Vino. Es importante recordar que la Fiesta, en su edici\u00f3n 35, pas\u00f3 de tener car\u00e1cter provincial a ser nacional, un reflejo de la gesti\u00f3n tur\u00edstica por parte del Emetur en conjunto con la C\u00e1mara de Turismo de San Rafael y la comuna local.<\/p>\n\n\n\n<p>Durante la Fiesta se pudo disfrutar de un clima familiar, con buena m\u00fasica, bandas de m\u00fasica de San Rafael y el pa\u00eds, artesan\u00edas locales y provinciales y los infaltables y diversos patios de comida. En total, hubo 20 stands distribuidos en todo el predio.<\/p>\n\n\n\n<p>Para la apertura de la Fiesta se pudo disfrutar de reconocidas bandas locales y nacionales, como Proyecto ALF, Kenay, Yolanda, X-Telefono, y la m\u00e1s esperada de la noche, Los Totoras, quienes desplegaron todo su carisma y alegr\u00eda arriba del escenario del parque Hip\u00f3lito Yrigoyen. La noche del s\u00e1bado se complet\u00f3 con bandas como La poderosa del Rock, Banda del Amor, Cerro Dubl\u00edn, Equilibristas y un espectacular cierre a cargo de Los Cafres.<\/p>\n\n\n\n<div style=\"height:20px\" aria-hidden=\"true\" class=\"wp-block-spacer\"><\/div>\n\n\n\n<div class=\"wp-block-image\"><figure class=\"aligncenter is-resized\"><img loading=\"lazy\" decoding=\"async\" src=\"https:\/\/festivalesargentina.com\/wp-content\/uploads\/2019\/10\/Fiesta-turismo-y-vino.png\" alt=\"Resultado de imagen para fiesta del vino en san rafael\" width=\"459\" height=\"258\"\/><\/figure><\/div>\n\n\n\n<div style=\"height:20px\" aria-hidden=\"true\" class=\"wp-block-spacer\"><\/div>\n\n\n\n<p>La fiesta convoc\u00f3 a m\u00e1s de 50 mil personas cada d\u00eda y se desarroll\u00f3 con total normalidad y sin inconvenientes.<\/p>\n\n\n\n<div style=\"height:20px\" aria-hidden=\"true\" class=\"wp-block-spacer\"><\/div>\n\n\n\n<div class=\"wp-block-image\"><figure class=\"aligncenter is-resized\"><img loading=\"lazy\" decoding=\"async\" src=\"https:\/\/enolife.com.ar\/es\/wp-content\/uploads\/2019\/11\/image-26.png\" alt=\"\" class=\"wp-image-4914\" width=\"646\" height=\"340\" srcset=\"https:\/\/enolife.com.ar\/es\/wp-content\/uploads\/2019\/11\/image-26.png 696w, https:\/\/enolife.com.ar\/es\/wp-content\/uploads\/2019\/11\/image-26-300x158.png 300w, https:\/\/enolife.com.ar\/es\/wp-content\/uploads\/2019\/11\/image-26-585x308.png 585w\" sizes=\"auto, (max-width: 646px) 100vw, 646px\" \/><\/figure><\/div>\n\n\n\n<div style=\"height:20px\" aria-hidden=\"true\" class=\"wp-block-spacer\"><\/div>\n\n\n\n<p>Autoridades del \u00e1rea de Seguridad local comunicaron que el operativo planteado pudo brindar toda la tranquilidad que los sanrafaelinos necesitaban para disfrutar de un festival de tal magnitud. En cuanto al operativo de salud, no hubo ning\u00fan tipo de incidentes y el protocolo se llev\u00f3 a cabo con normalidad. El personal de salud, junto a la Cruz Roja, recorrieron el predio de manera permanente desde el inicio de las actividades hasta su cierre, a altas horas de la noche del s\u00e1bado pasado.<\/p>\n\n\n\n<div style=\"height:20px\" aria-hidden=\"true\" class=\"wp-block-spacer\"><\/div>\n\n\n\n<p class=\"has-small-font-size\"><em><strong>Fuentes: Gobierno de Mendoza y Municipalidad de San Rafael<\/strong><\/em> &#8211; <strong><em>Fotos: \u00abHoy San Rafael\u00bb<\/em><\/strong><\/p>\n","protected":false},"excerpt":{"rendered":"<p>Por primera vez, en su edici\u00f3n n\u00famero 35, el festejo anual en la segunda ciudad&hellip;<\/p>\n","protected":false},"author":3,"featured_media":4913,"comment_status":"open","ping_status":"open","sticky":false,"template":"","format":"standard","meta":{"footnotes":""},"categories":[11],"tags":[],"class_list":["post-4893","post","type-post","status-publish","format-standard","has-post-thumbnail","hentry","category-enoturismo"],"_links":{"self":[{"href":"https:\/\/enolife.com.ar\/es\/wp-json\/wp\/v2\/posts\/4893","targetHints":{"allow":["GET"]}}],"collection":[{"href":"https:\/\/enolife.com.ar\/es\/wp-json\/wp\/v2\/posts"}],"about":[{"href":"https:\/\/enolife.com.ar\/es\/wp-json\/wp\/v2\/types\/post"}],"author":[{"embeddable":true,"href":"https:\/\/enolife.com.ar\/es\/wp-json\/wp\/v2\/users\/3"}],"replies":[{"embeddable":true,"href":"https:\/\/enolife.com.ar\/es\/wp-json\/wp\/v2\/comments?post=4893"}],"version-history":[{"count":0,"href":"https:\/\/enolife.com.ar\/es\/wp-json\/wp\/v2\/posts\/4893\/revisions"}],"wp:featuredmedia":[{"embeddable":true,"href":"https:\/\/enolife.com.ar\/es\/wp-json\/wp\/v2\/media\/4913"}],"wp:attachment":[{"href":"https:\/\/enolife.com.ar\/es\/wp-json\/wp\/v2\/media?parent=4893"}],"wp:term":[{"taxonomy":"category","embeddable":true,"href":"https:\/\/enolife.com.ar\/es\/wp-json\/wp\/v2\/categories?post=4893"},{"taxonomy":"post_tag","embeddable":true,"href":"https:\/\/enolife.com.ar\/es\/wp-json\/wp\/v2\/tags?post=4893"}],"curies":[{"name":"wp","href":"https:\/\/api.w.org\/{rel}","templated":true}]}}