{"id":4888,"date":"2019-11-12T00:14:28","date_gmt":"2019-11-12T00:14:28","guid":{"rendered":"http:\/\/enolife.com.ar\/es\/?p=4888"},"modified":"2019-11-15T14:57:01","modified_gmt":"2019-11-15T14:57:01","slug":"mendoza-organizara-junto-a-china-la-expo-de-vinos-y-licores-mas-grande-del-mundo-en-2020","status":"publish","type":"post","link":"https:\/\/enolife.com.ar\/es\/mendoza-organizara-junto-a-china-la-expo-de-vinos-y-licores-mas-grande-del-mundo-en-2020\/","title":{"rendered":"Mendoza organizar\u00e1 junto a China la expo de vinos y licores m\u00e1s grande del mundo en 2020"},"content":{"rendered":"\n<h4 class=\"wp-block-heading\"><em><strong>De gira por el pa\u00eds asi\u00e1tico, el gobernador electo de Mendoza, Rodolfo Su\u00e1rez, pact\u00f3 con los importadores chinos coorganizar la Interwine China, que se realiza dos veces al a\u00f1o, en primavera y oto\u00f1o, en Guangdong.<\/strong><\/em><strong><em> <\/em><\/strong><\/h4>\n\n\n\n<div style=\"height:28px\" aria-hidden=\"true\" class=\"wp-block-spacer\"><\/div>\n\n\n\n<p>La <strong>Interwine<\/strong> es la exposici\u00f3n profesional de vinos y licores m\u00e1s grande y antigua de China continental. En ese marco, all\u00ed productores, exportadores e importadores de todo el mundo acuerdan operaciones de compra y venta de bebidas alcoh\u00f3licas y ponen en escena sus productos ante la mirada de toda la industria vitivin\u00edcola global.<\/p>\n\n\n\n<div style=\"height:20px\" aria-hidden=\"true\" class=\"wp-block-spacer\"><\/div>\n\n\n\n<p>El pasado domingo 10 de noviembre, el gobernador electo de la provincia de Mendoza, <strong>Rodolfo Su\u00e1rez<\/strong>, se reuni\u00f3 con los mayores importadores de vino de la provincia China de<strong> Guangdong<\/strong>. Estuvo acompa\u00f1ado por el ministro de Econom\u00eda, Infraestructura y Energ\u00eda, <strong>Mart\u00edn Kerchner<\/strong>, y por <strong>Pen Hong<\/strong>, titular de la Asociaci\u00f3n provincial de la industria del alcohol de Guangdong.<\/p>\n\n\n\n<div style=\"height:20px\" aria-hidden=\"true\" class=\"wp-block-spacer\"><\/div>\n\n\n\n<ul class=\"wp-block-gallery columns-2 is-cropped wp-block-gallery-1 is-layout-flex wp-block-gallery-is-layout-flex\"><li class=\"blocks-gallery-item\"><figure><img loading=\"lazy\" decoding=\"async\" width=\"1016\" height=\"645\" src=\"https:\/\/enolife.com.ar\/es\/wp-content\/uploads\/2019\/11\/INTERWINE-1.jpg\" alt=\"\" data-id=\"4890\" data-link=\"https:\/\/enolife.com.ar\/es\/?attachment_id=4890\" class=\"wp-image-4890\" srcset=\"https:\/\/enolife.com.ar\/es\/wp-content\/uploads\/2019\/11\/INTERWINE-1.jpg 1016w, https:\/\/enolife.com.ar\/es\/wp-content\/uploads\/2019\/11\/INTERWINE-1-300x190.jpg 300w, https:\/\/enolife.com.ar\/es\/wp-content\/uploads\/2019\/11\/INTERWINE-1-768x488.jpg 768w, https:\/\/enolife.com.ar\/es\/wp-content\/uploads\/2019\/11\/INTERWINE-1-585x371.jpg 585w\" sizes=\"auto, (max-width: 1016px) 100vw, 1016px\" \/><\/figure><\/li><li class=\"blocks-gallery-item\"><figure><img loading=\"lazy\" decoding=\"async\" width=\"923\" height=\"623\" src=\"https:\/\/enolife.com.ar\/es\/wp-content\/uploads\/2019\/11\/INTERWINE-4.jpg\" alt=\"\" data-id=\"4891\" data-link=\"https:\/\/enolife.com.ar\/es\/?attachment_id=4891\" class=\"wp-image-4891\" srcset=\"https:\/\/enolife.com.ar\/es\/wp-content\/uploads\/2019\/11\/INTERWINE-4.jpg 923w, https:\/\/enolife.com.ar\/es\/wp-content\/uploads\/2019\/11\/INTERWINE-4-300x202.jpg 300w, https:\/\/enolife.com.ar\/es\/wp-content\/uploads\/2019\/11\/INTERWINE-4-768x518.jpg 768w, https:\/\/enolife.com.ar\/es\/wp-content\/uploads\/2019\/11\/INTERWINE-4-585x395.jpg 585w\" sizes=\"auto, (max-width: 923px) 100vw, 923px\" \/><\/figure><\/li><\/ul>\n\n\n\n<div style=\"height:20px\" aria-hidden=\"true\" class=\"wp-block-spacer\"><\/div>\n\n\n\n<p>La cita se dio en el marco de la 23\u00aa edici\u00f3n de Interwine China. La feria se realiza del 9 al 11 de noviembre en el Complejo de Feria de Importaci\u00f3n y Exportaci\u00f3n del pa\u00eds asi\u00e1tico. <\/p>\n\n\n\n<div style=\"height:20px\" aria-hidden=\"true\" class=\"wp-block-spacer\"><\/div>\n\n\n\n<figure class=\"wp-block-image\"><img loading=\"lazy\" decoding=\"async\" width=\"1024\" height=\"623\" src=\"https:\/\/enolife.com.ar\/es\/wp-content\/uploads\/2019\/11\/image-23-1024x623.png\" alt=\"\" class=\"wp-image-4902\" srcset=\"https:\/\/enolife.com.ar\/es\/wp-content\/uploads\/2019\/11\/image-23-1024x623.png 1024w, https:\/\/enolife.com.ar\/es\/wp-content\/uploads\/2019\/11\/image-23-300x183.png 300w, https:\/\/enolife.com.ar\/es\/wp-content\/uploads\/2019\/11\/image-23-768x467.png 768w, https:\/\/enolife.com.ar\/es\/wp-content\/uploads\/2019\/11\/image-23-585x356.png 585w, https:\/\/enolife.com.ar\/es\/wp-content\/uploads\/2019\/11\/image-23.png 1073w\" sizes=\"auto, (max-width: 1024px) 100vw, 1024px\" \/><\/figure>\n\n\n\n<div style=\"height:20px\" aria-hidden=\"true\" class=\"wp-block-spacer\"><\/div>\n\n\n\n<p>\u201c<em>Hemos logrado que Mendoza tenga mucho m\u00e1s protagonismo en la feria Interwine que se realizar\u00e1 el a\u00f1o que viene en mayo. Seremos coorganizadores, junto con los importadores, quienes nos han manifestado el inter\u00e9s que tienen en los vinos mendocinos<\/em>\u201d, anunci\u00f3 Su\u00e1rez.<\/p>\n\n\n\n<p>El gobernador electo destac\u00f3 \u201c<em>la gran oportunidad que tenemos los mendocinos para colocar nuestros productos aqu\u00ed. Ese es el trabajo que venimos haciendo en esta gira por el gigante asi\u00e1tico<\/em>\u201d.<\/p>\n\n\n\n<p>Durante el encuentro, \u00abRody\u00bb Su\u00e1rez le obsequi\u00f3 un vino mendocino a cada uno de los importadores chinos. Las botellas llevaron como estampa la firma del gobernador electo.<\/p>\n\n\n\n<div style=\"height:20px\" aria-hidden=\"true\" class=\"wp-block-spacer\"><\/div>\n\n\n\n<p class=\"has-medium-font-size\"><strong>Exportador Guillermo Ponce: \u00abEsto va creciendo\u00bb<\/strong><\/p>\n\n\n\n<div style=\"height:20px\" aria-hidden=\"true\" class=\"wp-block-spacer\"><\/div>\n\n\n\n<p>Guillermo Ponce, de la Bodega Aim\u00e9, se\u00f1al\u00f3 que \u201c<em>a\u00f1o a a\u00f1o esto va creciendo. Por suerte, Argentina se va conociendo en China, y Mendoza, para nosotros, es casi una referencia con el malbec<\/em>\u201d.<\/p>\n\n\n\n<p>\u201c<em>Sentimos el apoyo del gobierno mendocino, esto nos ayuda a todos<\/em>\u201d, a\u00f1adi\u00f3 Ponce, quien les recomend\u00f3 a los empresarios que \u201c<em>visiten China<\/em>\u201d por las posibilidades que genera el pa\u00eds asi\u00e1tico para los vinos.<\/p>\n\n\n\n<div style=\"height:20px\" aria-hidden=\"true\" class=\"wp-block-spacer\"><\/div>\n\n\n\n<p class=\"has-background has-luminous-vivid-amber-background-color\"><strong>La exposici\u00f3n profesional m\u00e1s grande y antigua de vinos y licores en China continental.<br><\/strong><br>La exposici\u00f3n profesional de vinos y licores m\u00e1s grande y antigua de China continental, organizada dos veces al a\u00f1o, sesi\u00f3n de primavera y sesi\u00f3n de oto\u00f1o.&nbsp;La sesi\u00f3n de celebraci\u00f3n de Interwine China se organizar\u00e1 en el Complejo de Feria de Importaci\u00f3n y Exportaci\u00f3n de China, \u00c1rea B. El espect\u00e1culo de tres d\u00edas, con un \u00e1rea de exhibici\u00f3n de 40,000 metros cuadrados, atrae a expositores de 52 pa\u00edses y m\u00e1s de 50,000 visitantes profesionales y compradores grupales.&nbsp;Intertwine es m\u00e1s que una exposici\u00f3n de 3 d\u00edas, es una plataforma para bodegas, importadores, distribuidores.&nbsp;asociaciones comerciales y sumilleres de todo el mundo para establecer sus redes en China los 365 d\u00edas del a\u00f1o.<\/p>\n\n\n\n<div style=\"height:20px\" aria-hidden=\"true\" class=\"wp-block-spacer\"><\/div>\n\n\n\n<p class=\"has-small-font-size\"><em><strong>Fuente: Gobierno de Mendoza<\/strong><\/em><\/p>\n","protected":false},"excerpt":{"rendered":"<p>De gira por el pa\u00eds asi\u00e1tico, el gobernador electo de Mendoza, Rodolfo Su\u00e1rez, pact\u00f3 con&hellip;<\/p>\n","protected":false},"author":3,"featured_media":4898,"comment_status":"open","ping_status":"open","sticky":false,"template":"","format":"standard","meta":{"footnotes":""},"categories":[14],"tags":[],"class_list":["post-4888","post","type-post","status-publish","format-standard","has-post-thumbnail","hentry","category-news"],"_links":{"self":[{"href":"https:\/\/enolife.com.ar\/es\/wp-json\/wp\/v2\/posts\/4888","targetHints":{"allow":["GET"]}}],"collection":[{"href":"https:\/\/enolife.com.ar\/es\/wp-json\/wp\/v2\/posts"}],"about":[{"href":"https:\/\/enolife.com.ar\/es\/wp-json\/wp\/v2\/types\/post"}],"author":[{"embeddable":true,"href":"https:\/\/enolife.com.ar\/es\/wp-json\/wp\/v2\/users\/3"}],"replies":[{"embeddable":true,"href":"https:\/\/enolife.com.ar\/es\/wp-json\/wp\/v2\/comments?post=4888"}],"version-history":[{"count":0,"href":"https:\/\/enolife.com.ar\/es\/wp-json\/wp\/v2\/posts\/4888\/revisions"}],"wp:featuredmedia":[{"embeddable":true,"href":"https:\/\/enolife.com.ar\/es\/wp-json\/wp\/v2\/media\/4898"}],"wp:attachment":[{"href":"https:\/\/enolife.com.ar\/es\/wp-json\/wp\/v2\/media?parent=4888"}],"wp:term":[{"taxonomy":"category","embeddable":true,"href":"https:\/\/enolife.com.ar\/es\/wp-json\/wp\/v2\/categories?post=4888"},{"taxonomy":"post_tag","embeddable":true,"href":"https:\/\/enolife.com.ar\/es\/wp-json\/wp\/v2\/tags?post=4888"}],"curies":[{"name":"wp","href":"https:\/\/api.w.org\/{rel}","templated":true}]}}