{"id":48659,"date":"2021-11-15T23:56:00","date_gmt":"2021-11-15T23:56:00","guid":{"rendered":"http:\/\/enolife.com.ar\/es\/?p=48659"},"modified":"2021-11-18T19:16:42","modified_gmt":"2021-11-18T19:16:42","slug":"mecanizacion-de-vinedos-y-nuevos-sistemas-de-conduccion-en-una-charla-del-inta","status":"publish","type":"post","link":"https:\/\/enolife.com.ar\/es\/mecanizacion-de-vinedos-y-nuevos-sistemas-de-conduccion-en-una-charla-del-inta\/","title":{"rendered":"Mecanizaci\u00f3n de vi\u00f1edos y nuevos sistemas de conducci\u00f3n, en una charla del INTA"},"content":{"rendered":"\n<h4 class=\"wp-block-heading\"><em><strong>El jueves 18\/11, a las 9 hs, el Instituto Nacional de Tecnolog\u00eda Agropecuaria (INTA) invita a la charla virtual \u00abDesaf\u00edos de la vitivinicultura en Argentina y el mundo\u00bb, donde se disertar\u00e1 sobre la mecanizaci\u00f3n integral en vi\u00f1edos, nuevos sistemas de conducci\u00f3n y experiencias locales sobre estas pr\u00e1cticas. Disertar\u00e1n expertos del INV, INTA San Juan, INTA Jun\u00edn, Universidad Nacional de San Juan (UNSJ), Grupo Pe\u00f1aflor y Fecovita.<\/strong><\/em><\/h4>\n\n\n\n<div style=\"height:40px\" aria-hidden=\"true\" class=\"wp-block-spacer\"><\/div>\n\n\n\n\n\n<div style=\"height:38px\" aria-hidden=\"true\" class=\"wp-block-spacer\"><\/div>\n\n\n\n<div class=\"wp-block-image\"><figure class=\"alignleft size-large is-resized\"><img loading=\"lazy\" decoding=\"async\" src=\"https:\/\/enolife.com.ar\/es\/wp-content\/uploads\/2021\/11\/FEPOAy6XoAEOabR.png\" alt=\"\" class=\"wp-image-48660\" width=\"323\" height=\"323\" srcset=\"https:\/\/enolife.com.ar\/es\/wp-content\/uploads\/2021\/11\/FEPOAy6XoAEOabR.png 526w, https:\/\/enolife.com.ar\/es\/wp-content\/uploads\/2021\/11\/FEPOAy6XoAEOabR-300x300.png 300w, https:\/\/enolife.com.ar\/es\/wp-content\/uploads\/2021\/11\/FEPOAy6XoAEOabR-150x150.png 150w\" sizes=\"auto, (max-width: 323px) 100vw, 323px\" \/><\/figure><\/div>\n\n\n\n<p>Luego de la charla realizada el 11\/11 sobre el panorama nacional e internacional de variedades destinadas al consumo en fresco y pasas y las nuevas variedades INTA, la entidad invita a participar de modo virtual a trav\u00e9s de su canal de YouTube de otra charla, dentro del ciclo \u00abDesaf\u00edos de la Vitivinicultura en Argentina y el mundo\u00bb sobre nuevos sistemas de conducci\u00f3n y experiencias locales. Disertar\u00e1n: <\/p>\n\n\n\n<ul class=\"wp-block-list\"><li><strong>Hugo Carmona:<\/strong> Vicepresidente del INV<\/li><li><strong>Daniela Pacheco: <\/strong>INTA San Juan<\/li><li><strong>Fernando Barcia:<\/strong> INTA Jun\u00edn<\/li><li><strong>Ramiro Casc\u00f3n: <\/strong>UNSJ, asesor y docente de viticultura<\/li><li><strong>Francisco Smon: <\/strong>Responsable t\u00e9cnico de vi\u00f1edos, Grupo Pe\u00f1aflor<\/li><li><strong>Daniel Massi:<\/strong> Unidad estrat\u00e9gica desarrollo cooperativo, Fecovita<\/li><\/ul>\n\n\n\n<p class=\"has-background has-very-light-gray-background-color\"><strong>Contacto: <a href=\"mailto:barcia.fernando@inta.gob.ar\">barcia.fernando@inta.gob.ar<\/a><\/strong><br><strong>Link para participar: <a href=\"https:\/\/www.youtube.com\/watch?v=zZTXkBG_j6Q\">AQU\u00cd<\/a><\/strong><\/p>\n\n\n\n<div style=\"height:34px\" aria-hidden=\"true\" class=\"wp-block-spacer\"><\/div>\n\n\n\n<p class=\"has-text-align-center has-medium-font-size\"><strong>Primera charla del ciclo<\/strong><\/p>\n\n\n\n<div style=\"height:20px\" aria-hidden=\"true\" class=\"wp-block-spacer\"><\/div>\n\n\n\n<figure class=\"wp-block-embed-youtube wp-block-embed is-type-video is-provider-youtube wp-embed-aspect-16-9 wp-has-aspect-ratio\"><div class=\"wp-block-embed__wrapper\">\n<iframe loading=\"lazy\" title=\"Ciclo de charlas virtuales: Desafios de la vitivinicultura en Argentina y el mundo\" width=\"1170\" height=\"658\" src=\"https:\/\/www.youtube.com\/embed\/eZWcSXicx-o?feature=oembed\" frameborder=\"0\" allow=\"accelerometer; autoplay; clipboard-write; encrypted-media; gyroscope; picture-in-picture\" allowfullscreen><\/iframe>\n<\/div><\/figure>\n\n\n\n<div style=\"height:67px\" aria-hidden=\"true\" class=\"wp-block-spacer\"><\/div>\n","protected":false},"excerpt":{"rendered":"<p>El jueves 18\/11, a las 9 hs, el Instituto Nacional de Tecnolog\u00eda Agropecuaria (INTA) invita&hellip;<\/p>\n","protected":false},"author":3,"featured_media":48681,"comment_status":"open","ping_status":"open","sticky":false,"template":"","format":"standard","meta":{"footnotes":""},"categories":[47],"tags":[],"class_list":["post-48659","post","type-post","status-publish","format-standard","has-post-thumbnail","hentry","category-agenda"],"_links":{"self":[{"href":"https:\/\/enolife.com.ar\/es\/wp-json\/wp\/v2\/posts\/48659","targetHints":{"allow":["GET"]}}],"collection":[{"href":"https:\/\/enolife.com.ar\/es\/wp-json\/wp\/v2\/posts"}],"about":[{"href":"https:\/\/enolife.com.ar\/es\/wp-json\/wp\/v2\/types\/post"}],"author":[{"embeddable":true,"href":"https:\/\/enolife.com.ar\/es\/wp-json\/wp\/v2\/users\/3"}],"replies":[{"embeddable":true,"href":"https:\/\/enolife.com.ar\/es\/wp-json\/wp\/v2\/comments?post=48659"}],"version-history":[{"count":0,"href":"https:\/\/enolife.com.ar\/es\/wp-json\/wp\/v2\/posts\/48659\/revisions"}],"wp:featuredmedia":[{"embeddable":true,"href":"https:\/\/enolife.com.ar\/es\/wp-json\/wp\/v2\/media\/48681"}],"wp:attachment":[{"href":"https:\/\/enolife.com.ar\/es\/wp-json\/wp\/v2\/media?parent=48659"}],"wp:term":[{"taxonomy":"category","embeddable":true,"href":"https:\/\/enolife.com.ar\/es\/wp-json\/wp\/v2\/categories?post=48659"},{"taxonomy":"post_tag","embeddable":true,"href":"https:\/\/enolife.com.ar\/es\/wp-json\/wp\/v2\/tags?post=48659"}],"curies":[{"name":"wp","href":"https:\/\/api.w.org\/{rel}","templated":true}]}}