{"id":48472,"date":"2021-11-13T00:01:09","date_gmt":"2021-11-13T00:01:09","guid":{"rendered":"http:\/\/enolife.com.ar\/es\/?p=48472"},"modified":"2021-11-15T23:56:28","modified_gmt":"2021-11-15T23:56:28","slug":"para-terminar-la-campana-contra-la-polilla-de-la-vid-solo-falta-la-aplicacion-aerea-de-feromonas","status":"publish","type":"post","link":"https:\/\/enolife.com.ar\/es\/para-terminar-la-campana-contra-la-polilla-de-la-vid-solo-falta-la-aplicacion-aerea-de-feromonas\/","title":{"rendered":"Para terminar la campa\u00f1a contra la polilla de la vid s\u00f3lo falta la aplicaci\u00f3n a\u00e9rea de feromonas"},"content":{"rendered":"\n<h4 class=\"wp-block-heading\"><em><strong>Durante octubre y lo que va de noviembre, ya se realiz\u00f3 en Mendoza la entrega a vi\u00f1ateros de los difusores de feromonas y se aplicaron productos espec\u00edficos desde aviones, cubriendo m\u00e1s de 100.000 hect\u00e1reas en toda la provincia. Ahora, restan pulverizaciones a\u00e9reas contra la segunda generaci\u00f3n del insecto, en zonas espec\u00edficas y seg\u00fan sea la presencia de la da\u00f1ina lobesia botrana.  Funcionarios comunales y del Iscamen informaron el balance de lo hecho.<\/strong><\/em><\/h4>\n\n\n\n<div style=\"height:20px\" aria-hidden=\"true\" class=\"wp-block-spacer\"><\/div>\n\n\n\n\n\n<div style=\"height:53px\" aria-hidden=\"true\" class=\"wp-block-spacer\"><\/div>\n\n\n\n<p>En el departamento de <strong>Rivadavia<\/strong> se present\u00f3 un balance de lo realizado hasta el momento en el marco de la campa\u00f1a 2021\/2022 de control de la plaga.&nbsp;&nbsp;<\/p>\n\n\n\n<p>Con la presencia del intendente de Rivadavia, <strong>Miguel \u00c1ngel Ronco<\/strong>; el presidente del Iscamen, <strong>Alejandro Molero<\/strong>; la directora de Gesti\u00f3n Social de esa comuna, <strong>Liliana Natoli<\/strong> y el director de Promoci\u00f3n Econ\u00f3mica de Jun\u00edn, <strong>Gustavo Gil<\/strong>, se inform\u00f3 a los productores presentes que ya culminaron las tres primeras etapas de una campa\u00f1a de control caracterizada por la extensi\u00f3n y diversidad de herramientas utilizadas. &nbsp;<\/p>\n\n\n\n<p>La actual campa\u00f1a contra la polilla&nbsp; de la vid se lleva adelante bajo la premisa del manejo integrado y ha incluido la entrega de difusores de feromonas, agroqu\u00edmicos a productores, alertas de aplicaci\u00f3n en momentos oportunos y&nbsp; aeroaplicaciones con productos espec\u00edficos, cubriendo m\u00e1s de <strong>100.000 hect\u00e1reas de vid<\/strong>. Resta la aplicaci\u00f3n a\u00e9rea de feromonas a finales de noviembre. &nbsp;<\/p>\n\n\n\n<p>Entre octubre y noviembre se prest\u00f3 el servicio de tratamientos a\u00e9reos con productos espec\u00edficos en fincas de <strong>Lavalle, Luj\u00e1n, Maip\u00fa, Rivadavia, Jun\u00edn, San Mart\u00edn y Santa Rosa<\/strong>, abarcando <strong>&nbsp;67.600 ha en zonas puntuales de los oasis Norte y Este. &nbsp;<\/strong><\/p>\n\n\n\n<p>\u00abHemos concluido con la tercera etapa del operativo lobesia botrana, con la entrega de feromonas, la asistencia con productos en mano y el servicio de aeroaplicaciones con productos de banda de verde. Contentos porque hemos trabajado en forma mancomunada con todos los municipios del este en este operativo de control\u00bb, destac\u00f3 Molero. &nbsp;<\/p>\n\n\n\n<div style=\"height:20px\" aria-hidden=\"true\" class=\"wp-block-spacer\"><\/div>\n\n\n\n<blockquote class=\"wp-block-quote is-layout-flow wp-block-quote-is-layout-flow\"><p>La lucha contra la lobesia nos ha costado miles de quintales&#8230; por eso se tom\u00f3 esta metodolog\u00eda de hacer un ataque con distintas herramientas como una cuesti\u00f3n de Estado\u00bb.<\/p><cite>Miguel \u00c1ngel Ronco, intendente de Rivadavia, Mendoza<\/cite><\/blockquote>\n\n\n\n<div style=\"height:20px\" aria-hidden=\"true\" class=\"wp-block-spacer\"><\/div>\n\n\n\n<p>Durante el acto se firm\u00f3 el convenio para que el Iscamen cuente con &nbsp;una oficina en la Subdirecci\u00f3n de Desarrollo Econ\u00f3mico, donde&nbsp;los productores de Rivadavia podr\u00e1n tener un mejor acceso a los programas de sanidad vegetal y las distintas herramientas de control del organismo sanitario provincial. &nbsp;<\/p>\n\n\n\n<p>\u00abLa lucha contra la lobesia nos ha costado miles de quintales, muchos de los productores no eran concientes de lo que hab\u00eda que hacer, por eso se tom\u00f3 esta metodolog\u00eda de hacer un ataque con distintas herramientas como una cuesti\u00f3n de Estado, donde hab\u00eda que interceder para combatir a la polilla de la vid y los resultados est\u00e1n a la vista\u00bb, expres\u00f3 por su parte el intendente Ronco. &nbsp;<\/p>\n\n\n\n<p>Restan ahora la cuarta y quinta etapa de la campa\u00f1a,&nbsp;que implicar\u00e1n la aplicaci\u00f3n de feromonas pulverizables v\u00eda a\u00e9rea en \u00e1reas determinadas seg\u00fan la presencia del insecto y en funci\u00f3n de los recursos disponibles una quinta y \u00faltima etapa que supondr\u00edan el servicio de tratamientos a\u00e9reos&nbsp;para complementar el control durante la segunda generaci\u00f3n del insecto. &nbsp;<\/p>\n\n\n\n<div style=\"height:20px\" aria-hidden=\"true\" class=\"wp-block-spacer\"><\/div>\n\n\n\n<p class=\"has-small-font-size\"><em><strong>Fuente: Gobierno de Mendoza<\/strong><\/em><\/p>\n\n\n\n<div style=\"height:20px\" aria-hidden=\"true\" class=\"wp-block-spacer\"><\/div>\n","protected":false},"excerpt":{"rendered":"<p>Durante octubre y lo que va de noviembre, ya se realiz\u00f3 en Mendoza la entrega&hellip;<\/p>\n","protected":false},"author":3,"featured_media":48517,"comment_status":"open","ping_status":"open","sticky":false,"template":"","format":"standard","meta":{"footnotes":""},"categories":[14],"tags":[],"class_list":["post-48472","post","type-post","status-publish","format-standard","has-post-thumbnail","hentry","category-news"],"_links":{"self":[{"href":"https:\/\/enolife.com.ar\/es\/wp-json\/wp\/v2\/posts\/48472","targetHints":{"allow":["GET"]}}],"collection":[{"href":"https:\/\/enolife.com.ar\/es\/wp-json\/wp\/v2\/posts"}],"about":[{"href":"https:\/\/enolife.com.ar\/es\/wp-json\/wp\/v2\/types\/post"}],"author":[{"embeddable":true,"href":"https:\/\/enolife.com.ar\/es\/wp-json\/wp\/v2\/users\/3"}],"replies":[{"embeddable":true,"href":"https:\/\/enolife.com.ar\/es\/wp-json\/wp\/v2\/comments?post=48472"}],"version-history":[{"count":0,"href":"https:\/\/enolife.com.ar\/es\/wp-json\/wp\/v2\/posts\/48472\/revisions"}],"wp:featuredmedia":[{"embeddable":true,"href":"https:\/\/enolife.com.ar\/es\/wp-json\/wp\/v2\/media\/48517"}],"wp:attachment":[{"href":"https:\/\/enolife.com.ar\/es\/wp-json\/wp\/v2\/media?parent=48472"}],"wp:term":[{"taxonomy":"category","embeddable":true,"href":"https:\/\/enolife.com.ar\/es\/wp-json\/wp\/v2\/categories?post=48472"},{"taxonomy":"post_tag","embeddable":true,"href":"https:\/\/enolife.com.ar\/es\/wp-json\/wp\/v2\/tags?post=48472"}],"curies":[{"name":"wp","href":"https:\/\/api.w.org\/{rel}","templated":true}]}}